

{"id":173073,"date":"2025-07-15T14:59:28","date_gmt":"2025-07-15T17:59:28","guid":{"rendered":"https:\/\/goias.gov.br\/cultura\/?p=173073"},"modified":"2025-07-15T14:59:42","modified_gmt":"2025-07-15T17:59:42","slug":"secult-goias-divulga-resultado-e-convoca-aprovados-no-edital-de-pontos-de-cultura-da-pnab","status":"publish","type":"post","link":"https:\/\/goias.gov.br\/cultura\/secult-goias-divulga-resultado-e-convoca-aprovados-no-edital-de-pontos-de-cultura-da-pnab\/","title":{"rendered":"Secult Goi\u00e1s divulga resultado e convoca aprovados no Edital de Pontos de Cultura da Pnab"},"content":{"rendered":"\n<p>A Secretaria de Estado da Cultura de Goi\u00e1s (Secult) torna p\u00fablica a aprova\u00e7\u00e3o dos projetos inscritos no \u00e2mbito do Edital Cultura Viva de Projetos, Iniciativas, Atividades ou A\u00e7\u00f5es de Pontos de Cultura de Goi\u00e1s, conforme previsto no Edital Padronizado de Chamamento P\u00fablico n\u00ba 01\/2025 \u2013 Rede Estadual de Pontos de Cultura de Goi\u00e1s, Categoria A \u2013 Pr\u00eamio para Pontos de Cultura e Categoria B&nbsp; &#8211; Coletivos e Grupos. A lista completa dos projetos aprovados foi publicada no suplemento do Di\u00e1rio Oficial do Estado (DOE) desta segunda-feira, 14 de julho.<\/p>\n\n\n\n<p>A sele\u00e7\u00e3o integra a implementa\u00e7\u00e3o da Pol\u00edtica Nacional Aldir Blanc de Fomento \u00e0 Cultura (Pnab). Os proponentes dos projetos aprovados, listados no Anexo \u00danico da Portaria, devem apresentar a documenta\u00e7\u00e3o exigida no item 10.2.1 do edital, por meio da plataforma Baru, no prazo de cinco dias corridos, contados a partir de 15 de julho de 2025.<\/p>\n\n\n\n<p>A decis\u00e3o foi formalizada por meio de Portaria publicada pela Secult Goi\u00e1s, com base no Processo SEI n\u00ba 202517645001233. Para mais informa\u00e7\u00f5es, consulte o edital completo e o Anexo \u00danico da Portaria, dispon\u00edveis na \u00e1rea de publica\u00e7\u00f5es oficiais do site da Pnab Goi\u00e1s, pelo link: <a href=\"https:\/\/goias.gov.br\/cultura\/pnab\/edital-2025-pnab\/\">https:\/\/goias.gov.br\/cultura\/pnab\/edital-2025-pnab\/<\/a><\/p>\n","protected":false},"excerpt":{"rendered":"<p>A Secretaria de Estado da Cultura de Goi\u00e1s (Secult) torna p\u00fablica a aprova\u00e7\u00e3o dos projetos inscritos no \u00e2mbito do Edital Cultura Viva de Projetos, Iniciativas, Atividades ou A\u00e7\u00f5es de Pontos de Cultura de Goi\u00e1s, conforme previsto no Edital Padronizado de Chamamento P\u00fablico n\u00ba 01\/2025 \u2013 Rede Estadual de Pontos de Cultura de Goi\u00e1s, Categoria A [&hellip;]<\/p>\n","protected":false},"author":328,"featured_media":118456,"comment_status":"closed","ping_status":"open","sticky":false,"template":"","format":"standard","meta":{"footnotes":""},"categories":[339,369,370],"tags":[],"class_list":["post-173073","post","type-post","status-publish","format-standard","has-post-thumbnail","hentry","category-noticias","category-politica-nacional-aldir-blanc","category-politica-nacional-aldir-blanc-politica-nacional-aldir-blanc"],"rttpg_featured_image_url":{"full":["https:\/\/goias.gov.br\/cultura\/wp-content\/uploads\/sites\/25\/2025\/02\/Centro_Cultural_Marietta_Telles_2-b2e-1200x600-c-default-1.jpeg",1200,600,false],"landscape":["https:\/\/goias.gov.br\/cultura\/wp-content\/uploads\/sites\/25\/2025\/02\/Centro_Cultural_Marietta_Telles_2-b2e-1200x600-c-default-1.jpeg",1200,600,false],"portraits":["https:\/\/goias.gov.br\/cultura\/wp-content\/uploads\/sites\/25\/2025\/02\/Centro_Cultural_Marietta_Telles_2-b2e-1200x600-c-default-1.jpeg",1200,600,false],"thumbnail":["https:\/\/goias.gov.br\/cultura\/wp-content\/uploads\/sites\/25\/2025\/02\/Centro_Cultural_Marietta_Telles_2-b2e-1200x600-c-default-1-150x150.jpeg",150,150,true],"medium":["https:\/\/goias.gov.br\/cultura\/wp-content\/uploads\/sites\/25\/2025\/02\/Centro_Cultural_Marietta_Telles_2-b2e-1200x600-c-default-1-300x150.jpeg",300,150,true],"large":["https:\/\/goias.gov.br\/cultura\/wp-content\/uploads\/sites\/25\/2025\/02\/Centro_Cultural_Marietta_Telles_2-b2e-1200x600-c-default-1-1024x512.jpeg",1024,512,true],"1536x1536":["https:\/\/goias.gov.br\/cultura\/wp-content\/uploads\/sites\/25\/2025\/02\/Centro_Cultural_Marietta_Telles_2-b2e-1200x600-c-default-1.jpeg",1200,600,false],"2048x2048":["https:\/\/goias.gov.br\/cultura\/wp-content\/uploads\/sites\/25\/2025\/02\/Centro_Cultural_Marietta_Telles_2-b2e-1200x600-c-default-1.jpeg",1200,600,false],"mailpoet_newsletter_max":["https:\/\/goias.gov.br\/cultura\/wp-content\/uploads\/sites\/25\/2025\/02\/Centro_Cultural_Marietta_Telles_2-b2e-1200x600-c-default-1.jpeg",1200,600,false]},"rttpg_author":{"display_name":"ketllyndeus","author_link":"https:\/\/goias.gov.br\/cultura\/author\/ketllyndeus\/"},"rttpg_comment":0,"rttpg_category":"<a href=\"https:\/\/goias.gov.br\/cultura\/categoria\/noticias\/\" rel=\"category tag\">Not\u00edcias<\/a> <a href=\"https:\/\/goias.gov.br\/cultura\/categoria\/politica-nacional-aldir-blanc\/\" rel=\"category tag\">Pol\u00edtica Nacional Aldir Blanc<\/a> <a href=\"https:\/\/goias.gov.br\/cultura\/categoria\/politica-nacional-aldir-blanc\/politica-nacional-aldir-blanc-politica-nacional-aldir-blanc\/\" rel=\"category tag\">Pol\u00edtica Nacional Aldir Blanc<\/a>","rttpg_excerpt":"A Secretaria de Estado da Cultura de Goi\u00e1s (Secult) torna p\u00fablica a aprova\u00e7\u00e3o dos projetos inscritos no \u00e2mbito do Edital Cultura Viva de Projetos, Iniciativas, Atividades ou A\u00e7\u00f5es de Pontos de Cultura de Goi\u00e1s, conforme previsto no Edital Padronizado de Chamamento P\u00fablico n\u00ba 01\/2025 \u2013 Rede Estadual de Pontos de Cultura de Goi\u00e1s, Categoria A&hellip;","_links":{"self":[{"href":"https:\/\/goias.gov.br\/cultura\/wp-json\/wp\/v2\/posts\/173073","targetHints":{"allow":["GET"]}}],"collection":[{"href":"https:\/\/goias.gov.br\/cultura\/wp-json\/wp\/v2\/posts"}],"about":[{"href":"https:\/\/goias.gov.br\/cultura\/wp-json\/wp\/v2\/types\/post"}],"author":[{"embeddable":true,"href":"https:\/\/goias.gov.br\/cultura\/wp-json\/wp\/v2\/users\/328"}],"replies":[{"embeddable":true,"href":"https:\/\/goias.gov.br\/cultura\/wp-json\/wp\/v2\/comments?post=173073"}],"version-history":[{"count":1,"href":"https:\/\/goias.gov.br\/cultura\/wp-json\/wp\/v2\/posts\/173073\/revisions"}],"predecessor-version":[{"id":173094,"href":"https:\/\/goias.gov.br\/cultura\/wp-json\/wp\/v2\/posts\/173073\/revisions\/173094"}],"wp:featuredmedia":[{"embeddable":true,"href":"https:\/\/goias.gov.br\/cultura\/wp-json\/wp\/v2\/media\/118456"}],"wp:attachment":[{"href":"https:\/\/goias.gov.br\/cultura\/wp-json\/wp\/v2\/media?parent=173073"}],"wp:term":[{"taxonomy":"category","embeddable":true,"href":"https:\/\/goias.gov.br\/cultura\/wp-json\/wp\/v2\/categories?post=173073"},{"taxonomy":"post_tag","embeddable":true,"href":"https:\/\/goias.gov.br\/cultura\/wp-json\/wp\/v2\/tags?post=173073"}],"curies":[{"name":"wp","href":"https:\/\/api.w.org\/{rel}","templated":true}]}}