

{"id":150595,"date":"2025-05-21T11:01:33","date_gmt":"2025-05-21T14:01:33","guid":{"rendered":"https:\/\/goias.gov.br\/cultura\/?p=150595"},"modified":"2025-07-18T10:28:02","modified_gmt":"2025-07-18T13:28:02","slug":"chega-ao-cine-cultura-o-tao-aguardo-missao-impossivel-o-acerto-final","status":"publish","type":"post","link":"https:\/\/goias.gov.br\/cultura\/chega-ao-cine-cultura-o-tao-aguardo-missao-impossivel-o-acerto-final\/","title":{"rendered":"Chega ao Cine Cultura o t\u00e3o aguardado Miss\u00e3o: Imposs\u00edvel \u2013 O Acerto Final"},"content":{"rendered":"\n<figure class=\"wp-block-image size-large\"><img fetchpriority=\"high\" decoding=\"async\" width=\"1024\" height=\"576\" src=\"https:\/\/goias.gov.br\/cultura\/wp-content\/uploads\/sites\/25\/2025\/05\/RITAS_Foto03-1024x576.jpg\" alt=\"\" class=\"wp-image-150643\" srcset=\"https:\/\/goias.gov.br\/cultura\/wp-content\/uploads\/sites\/25\/2025\/05\/RITAS_Foto03-1024x576.jpg 1024w, https:\/\/goias.gov.br\/cultura\/wp-content\/uploads\/sites\/25\/2025\/05\/RITAS_Foto03-300x169.jpg 300w, https:\/\/goias.gov.br\/cultura\/wp-content\/uploads\/sites\/25\/2025\/05\/RITAS_Foto03-768x432.jpg 768w, https:\/\/goias.gov.br\/cultura\/wp-content\/uploads\/sites\/25\/2025\/05\/RITAS_Foto03-1536x864.jpg 1536w, https:\/\/goias.gov.br\/cultura\/wp-content\/uploads\/sites\/25\/2025\/05\/RITAS_Foto03-1320x743.jpg 1320w, https:\/\/goias.gov.br\/cultura\/wp-content\/uploads\/sites\/25\/2025\/05\/RITAS_Foto03.jpg 1920w\" sizes=\"(max-width: 1024px) 100vw, 1024px\" \/><figcaption class=\"wp-element-caption\">Filme: <em>Ritas<\/em><\/figcaption><\/figure>\n\n\n\n<p class=\"has-text-align-center\"><em>Longa estreia nesta quinta-feira (22\/5), na programa\u00e7\u00e3o, que inclui tamb\u00e9m filmes nacionais e lan\u00e7amentos de curtas e longa-metragem goianos<\/em><\/p>\n\n\n\n<p>O Cine Cultura traz novidades para os cin\u00e9filos nesta semana, com estreias e sess\u00f5es especiais dedicadas \u00e0 produ\u00e7\u00e3o audiovisual goiana. O destaque da programa\u00e7\u00e3o \u00e9 o filme <em>Miss\u00e3o: Imposs\u00edvel \u2013 O Acerto Final<\/em>, que encerra a ic\u00f4nica saga de a\u00e7\u00e3o protagonizada por Tom Cruise. Com lan\u00e7amento simult\u00e2neo nos cinemas de todo o Brasil nesta quinta-feira (22\/5), o longa promete fortes emo\u00e7\u00f5es e sequ\u00eancias eletrizantes, mantendo o alto n\u00edvel da franquia que conquistou f\u00e3s ao redor do mundo.<\/p>\n\n\n\n<p>Tamb\u00e9m entram em cartaz o drama brasileiro <em>Bet\u00e2nia<\/em>, obra sens\u00edvel e po\u00e9tica que aborda temas como pertencimento, identidade e f\u00e9, e o document\u00e1rio <em>Ritas<\/em>, que mergulha na vida e na mente criativa de Rita Lee, um dos maiores nomes da m\u00fasica brasileira. O filme celebra a irrever\u00eancia e legado da artista, que marcou gera\u00e7\u00f5es com sua originalidade e autenticidade.<\/p>\n\n\n\n<p>A produ\u00e7\u00e3o audiovisual goiana ganha destaque com sess\u00f5es gratuitas tamb\u00e9m na quinta-feira (22\/5). \u00c0s 18h, ser\u00e3o exibidos uma sele\u00e7\u00e3o de cinco curtas-metragens locais, seguidos, \u00e0s 20h, pelo lan\u00e7amento do longa <em>M\u00e1tria Amada Kalunga<\/em>. Todas as obras foram contempladas pela Lei Federal Paulo Gustavo, operacionalizada pela Secretaria de Estado da Cultura de Goi\u00e1s (Secult Goi\u00e1s).<\/p>\n\n\n\n<p>Ainda na grade de programa\u00e7\u00e3o seguem em cartaz os longas <em>Homem Com H<\/em>, de Esmir Filho, e<em> Lispectorante<\/em>, de Renata Pinheiro. O Cine Cultura est\u00e1 localizado no Centro Cultural Marietta Telles Machado, na Pra\u00e7a C\u00edvica, e oferece sess\u00f5es di\u00e1rias. Os ingressos custam R$ 20 (inteira) e R$ 10 (meia), com pagamento em dinheiro ou via PIX. \u00c0s segundas-feiras, todos pagam meia-entrada.<\/p>\n\n\n\n<p><strong>Sinopses<\/strong><\/p>\n\n\n\n<p><em>Miss\u00e3o: Imposs\u00edvel &#8211; O Acerto Final<\/em> (2025, EUA, 14 anos, 171 min, dir: Christopher McQuarrie)<\/p>\n\n\n\n<p>Ethan Hunt e sua equipe enfrentam sua miss\u00e3o mais perigosa at\u00e9 agora: impedir que uma poderosa intelig\u00eancia artificial caia em m\u00e3os erradas. Em uma corrida contra o tempo, o agente precisa lidar com inimigos do passado, decis\u00f5es morais complexas e sacrif\u00edcios inevit\u00e1veis \u2014 tudo em meio a cenas de a\u00e7\u00e3o eletrizantes que desafiam os limites do poss\u00edvel.<\/p>\n\n\n\n<p><em>Bet\u00e2nia<\/em> (2025, Brasil, 12 anos, 123 min, dir: Marcelo Botta)<\/p>\n\n\n\n<p>Ap\u00f3s perder seu marido, a parteira Bet\u00e2nia se muda para o povoado onde nasceu, mas jamais habitou. Empurrada pelo som ancestral do Bumba Meu Boi, pela for\u00e7a da fam\u00edlia e da comunidade, Bet\u00e2nia tenta renascer, assim como as flores que desabrocham nos Len\u00e7\u00f3is durante a seca.<\/p>\n\n\n\n<figure class=\"wp-block-image size-large\"><img decoding=\"async\" width=\"834\" height=\"1024\" src=\"https:\/\/goias.gov.br\/cultura\/wp-content\/uploads\/sites\/25\/2025\/05\/BETANIA_-_DIANA_MATTOS_2-834x1024.webp\" alt=\"\" class=\"wp-image-150622\" srcset=\"https:\/\/goias.gov.br\/cultura\/wp-content\/uploads\/sites\/25\/2025\/05\/BETANIA_-_DIANA_MATTOS_2-834x1024.webp 834w, https:\/\/goias.gov.br\/cultura\/wp-content\/uploads\/sites\/25\/2025\/05\/BETANIA_-_DIANA_MATTOS_2-244x300.webp 244w, https:\/\/goias.gov.br\/cultura\/wp-content\/uploads\/sites\/25\/2025\/05\/BETANIA_-_DIANA_MATTOS_2-768x943.webp 768w, https:\/\/goias.gov.br\/cultura\/wp-content\/uploads\/sites\/25\/2025\/05\/BETANIA_-_DIANA_MATTOS_2-1251x1536.webp 1251w, https:\/\/goias.gov.br\/cultura\/wp-content\/uploads\/sites\/25\/2025\/05\/BETANIA_-_DIANA_MATTOS_2-1668x2048.webp 1668w, https:\/\/goias.gov.br\/cultura\/wp-content\/uploads\/sites\/25\/2025\/05\/BETANIA_-_DIANA_MATTOS_2-1320x1621.webp 1320w, https:\/\/goias.gov.br\/cultura\/wp-content\/uploads\/sites\/25\/2025\/05\/BETANIA_-_DIANA_MATTOS_2.webp 1756w\" sizes=\"(max-width: 834px) 100vw, 834px\" \/><figcaption class=\"wp-element-caption\">Filme: <em>Bet\u00e2nia<\/em><\/figcaption><\/figure>\n\n\n\n<p><em>Ritas<\/em> (2025, Brasil, 14 anos, 83 min, dir: Oswaldo Santana)<\/p>\n\n\n\n<p>\u00c9 no processo de \u201carqueologia pessoal\u201d, que se apresenta atrav\u00e9s das brechas da vida, que a cantora Rita Lee narra o que todos veem, de uma maneira que ningu\u00e9m jamais viu: Rita poeta, compositora, instrumentista, escritora, eremita e musa. A vida pessoal de Rita e seu processo criativo s\u00e3o desvendados, revelando, assim, seu talento musical e sua capacidade de metamorfose no palco.<\/p>\n\n\n\n<p><em>Homem Com H<\/em> (2025, Brasil, 16 anos, 130 min, dir: Esmir Filho)<\/p>\n\n\n\n<p>A hist\u00f3ria de Ney Matogrosso ganha vida em \u201cHomem com H\u201d, que retrata sua jornada da inf\u00e2ncia rebelde ao estrelato. Filho de militar, enfrenta conflitos que moldam sua arte. Brilha no Secos e Molhados e, em carreira solo, se reinventa. Enfrenta perdas na epidemia da AIDS e se reconcilia com o pai antes de sua partida.<\/p>\n\n\n\n<p><em>Lispectorante<\/em> (2025, Brasil, 14 anos, 93 min, dir: Renata Pinheiro)<\/p>\n\n\n\n<p>Afundada numa crise existencial e financeira, Gl\u00f3ria Hartman, 58 anos, retorna ao Recife, sua cidade natal. Por meio de uma fenda nos escombros da casa onde morou Clarice Lispector, Gl\u00f3ria come\u00e7a a ver coisas misteriosas enquanto trilha um percurso de desconstru\u00e7\u00e3o da sua vis\u00e3o de vida.<\/p>\n\n\n\n<p><strong>Programa\u00e7\u00e3o de 22 a 28\/05<\/strong><\/p>\n\n\n\n<p><strong>Dia 22\/05 &#8211; Quinta-feira<\/strong><\/p>\n\n\n\n<p>14h30 &#8211; <em>Miss\u00e3o: Imposs\u00edvel &#8211; O Acerto Final<\/em> (14 anos)<\/p>\n\n\n\n<p>18h &#8211; Lan\u00e7amento de curtas goianos<\/p>\n\n\n\n<p>&#8211; <em>Terra Delas<\/em> (10 min, livre)<\/p>\n\n\n\n<p>&#8211; <em>Resgate Abelha<\/em> (15 min, livre)<\/p>\n\n\n\n<p>&#8211; <em>Mestre da Terra<\/em> (06 min, livre)<\/p>\n\n\n\n<p>&#8211; <em>Hist\u00f3ria Real da Violenta Conquista<\/em> (10 min, livre)<\/p>\n\n\n\n<p>&#8211; <em>Sereia do Brava<\/em> (22 min, 14 anos)<\/p>\n\n\n\n<p>20h &#8211; Lan\u00e7amento de longa goiano: <em>M\u00e1tria Amada Kalunga <\/em>(70 min, livre)<\/p>\n\n\n\n<p><\/p>\n\n\n\n<p><strong>Dia 23\/05 &#8211; Sexta-feira<\/strong><\/p>\n\n\n\n<p>14h30 &#8211; <em>Ritas<\/em> (14 anos)<\/p>\n\n\n\n<p>16h20 &#8211; <em>Homem Com H<\/em> (16 anos)<\/p>\n\n\n\n<p>19h &#8211; <em>Miss\u00e3o: Imposs\u00edvel &#8211; O Acerto Final<\/em> (14 anos)<\/p>\n\n\n\n<p><\/p>\n\n\n\n<p><strong>Dia 24\/05 &#8211; S\u00e1bado<\/strong><\/p>\n\n\n\n<p>14h30 &#8211; <em>Homem Com H <\/em>(16 anos)<\/p>\n\n\n\n<p>17h10 &#8211; <em>Ritas<\/em> (14 anos)<\/p>\n\n\n\n<p>19h &#8211; <em>Miss\u00e3o: Imposs\u00edvel &#8211; O Acerto Final<\/em> (14 anos)<\/p>\n\n\n\n<p><\/p>\n\n\n\n<p><strong>Dia 25\/05 &#8211; Domingo<\/strong><\/p>\n\n\n\n<p>14h &#8211; <em>Bet\u00e2nia<\/em> (12 anos)<\/p>\n\n\n\n<p>16h30 &#8211; <em>Miss\u00e3o: Imposs\u00edvel &#8211; O Acerto Final<\/em> (14 anos)<\/p>\n\n\n\n<p>19h45 &#8211; <em>Homem Com H<\/em> (16 anos)<\/p>\n\n\n\n<p><\/p>\n\n\n\n<p><strong>Dia 26\/05 &#8211; Segunda-feira<\/strong><\/p>\n\n\n\n<p>14h30 &#8211; <em>Lispectorante<\/em> (14 anos)<\/p>\n\n\n\n<p>16h30 &#8211; <em>Bet\u00e2nia<\/em> (12 anos)<\/p>\n\n\n\n<p>19h &#8211; <em>Miss\u00e3o: Imposs\u00edvel &#8211; O Acerto Final<\/em> (14 anos)<\/p>\n\n\n\n<p><\/p>\n\n\n\n<p><strong>Dia 27\/05 &#8211; Ter\u00e7a-feira<\/strong><\/p>\n\n\n\n<p>14h40 &#8211; <em>Ritas<\/em> (14 anos)<\/p>\n\n\n\n<p>16h30 &#8211; <em>Bet\u00e2nia <\/em>(12 anos)<\/p>\n\n\n\n<p>19h &#8211;<em> Miss\u00e3o: Imposs\u00edvel &#8211; O Acerto Final<\/em> (14 anos)<\/p>\n\n\n\n<p><\/p>\n\n\n\n<p><strong>Dia 28\/05 &#8211; Quarta-feira<\/strong><\/p>\n\n\n\n<p>14h &#8211; <em>Bet\u00e2nia<\/em> (12 anos)<\/p>\n\n\n\n<p>16h20 &#8211; <em>Homem Com H<\/em> (16 anos)<\/p>\n\n\n\n<p>19h &#8211; <em>Miss\u00e3o: Imposs\u00edvel &#8211; O Acerto Final<\/em> (14 anos)<\/p>\n\n\n\n<p><\/p>\n\n\n\n<p><\/p>\n","protected":false},"excerpt":{"rendered":"<p>Longa estreia nesta quinta-feira (22\/5), na programa\u00e7\u00e3o, que inclui tamb\u00e9m filmes nacionais e lan\u00e7amentos de curtas e longa-metragem goianos O Cine Cultura traz novidades para os cin\u00e9filos nesta semana, com estreias e sess\u00f5es especiais dedicadas \u00e0 produ\u00e7\u00e3o audiovisual goiana. O destaque da programa\u00e7\u00e3o \u00e9 o filme Miss\u00e3o: Imposs\u00edvel \u2013 O Acerto Final, que encerra a [&hellip;]<\/p>\n","protected":false},"author":324,"featured_media":150860,"comment_status":"closed","ping_status":"open","sticky":false,"template":"","format":"standard","meta":{"footnotes":""},"categories":[377,367,339],"tags":[],"class_list":["post-150595","post","type-post","status-publish","format-standard","has-post-thumbnail","hentry","category-cinecultura","category-lei-paulo-gustavo","category-noticias"],"rttpg_featured_image_url":{"full":["https:\/\/goias.gov.br\/cultura\/wp-content\/uploads\/sites\/25\/2025\/05\/Critica-Missao-Impossivel-Acerto-Final-1-1.jpg",800,450,false],"landscape":["https:\/\/goias.gov.br\/cultura\/wp-content\/uploads\/sites\/25\/2025\/05\/Critica-Missao-Impossivel-Acerto-Final-1-1.jpg",800,450,false],"portraits":["https:\/\/goias.gov.br\/cultura\/wp-content\/uploads\/sites\/25\/2025\/05\/Critica-Missao-Impossivel-Acerto-Final-1-1.jpg",800,450,false],"thumbnail":["https:\/\/goias.gov.br\/cultura\/wp-content\/uploads\/sites\/25\/2025\/05\/Critica-Missao-Impossivel-Acerto-Final-1-1-150x150.jpg",150,150,true],"medium":["https:\/\/goias.gov.br\/cultura\/wp-content\/uploads\/sites\/25\/2025\/05\/Critica-Missao-Impossivel-Acerto-Final-1-1-300x169.jpg",300,169,true],"large":["https:\/\/goias.gov.br\/cultura\/wp-content\/uploads\/sites\/25\/2025\/05\/Critica-Missao-Impossivel-Acerto-Final-1-1.jpg",800,450,false],"1536x1536":["https:\/\/goias.gov.br\/cultura\/wp-content\/uploads\/sites\/25\/2025\/05\/Critica-Missao-Impossivel-Acerto-Final-1-1.jpg",800,450,false],"2048x2048":["https:\/\/goias.gov.br\/cultura\/wp-content\/uploads\/sites\/25\/2025\/05\/Critica-Missao-Impossivel-Acerto-Final-1-1.jpg",800,450,false],"mailpoet_newsletter_max":["https:\/\/goias.gov.br\/cultura\/wp-content\/uploads\/sites\/25\/2025\/05\/Critica-Missao-Impossivel-Acerto-Final-1-1.jpg",800,450,false]},"rttpg_author":{"display_name":"celinasousa","author_link":"https:\/\/goias.gov.br\/cultura\/author\/celinasousa\/"},"rttpg_comment":0,"rttpg_category":"<a href=\"https:\/\/goias.gov.br\/cultura\/categoria\/cinecultura\/\" rel=\"category tag\">Cine Cultura<\/a> <a href=\"https:\/\/goias.gov.br\/cultura\/categoria\/lei-paulo-gustavo\/\" rel=\"category tag\">Lei Paulo Gustavo<\/a> <a href=\"https:\/\/goias.gov.br\/cultura\/categoria\/noticias\/\" rel=\"category tag\">Not\u00edcias<\/a>","rttpg_excerpt":"Longa estreia nesta quinta-feira (22\/5), na programa\u00e7\u00e3o, que inclui tamb\u00e9m filmes nacionais e lan\u00e7amentos de curtas e longa-metragem goianos O Cine Cultura traz novidades para os cin\u00e9filos nesta semana, com estreias e sess\u00f5es especiais dedicadas \u00e0 produ\u00e7\u00e3o audiovisual goiana. O destaque da programa\u00e7\u00e3o \u00e9 o filme Miss\u00e3o: Imposs\u00edvel \u2013 O Acerto Final, que encerra a&hellip;","_links":{"self":[{"href":"https:\/\/goias.gov.br\/cultura\/wp-json\/wp\/v2\/posts\/150595","targetHints":{"allow":["GET"]}}],"collection":[{"href":"https:\/\/goias.gov.br\/cultura\/wp-json\/wp\/v2\/posts"}],"about":[{"href":"https:\/\/goias.gov.br\/cultura\/wp-json\/wp\/v2\/types\/post"}],"author":[{"embeddable":true,"href":"https:\/\/goias.gov.br\/cultura\/wp-json\/wp\/v2\/users\/324"}],"replies":[{"embeddable":true,"href":"https:\/\/goias.gov.br\/cultura\/wp-json\/wp\/v2\/comments?post=150595"}],"version-history":[{"count":2,"href":"https:\/\/goias.gov.br\/cultura\/wp-json\/wp\/v2\/posts\/150595\/revisions"}],"predecessor-version":[{"id":151050,"href":"https:\/\/goias.gov.br\/cultura\/wp-json\/wp\/v2\/posts\/150595\/revisions\/151050"}],"wp:featuredmedia":[{"embeddable":true,"href":"https:\/\/goias.gov.br\/cultura\/wp-json\/wp\/v2\/media\/150860"}],"wp:attachment":[{"href":"https:\/\/goias.gov.br\/cultura\/wp-json\/wp\/v2\/media?parent=150595"}],"wp:term":[{"taxonomy":"category","embeddable":true,"href":"https:\/\/goias.gov.br\/cultura\/wp-json\/wp\/v2\/categories?post=150595"},{"taxonomy":"post_tag","embeddable":true,"href":"https:\/\/goias.gov.br\/cultura\/wp-json\/wp\/v2\/tags?post=150595"}],"curies":[{"name":"wp","href":"https:\/\/api.w.org\/{rel}","templated":true}]}}