

{"id":877,"date":"2015-12-02T15:09:26","date_gmt":"2015-12-02T17:09:26","guid":{"rendered":"https:\/\/siteshom.goias.gov.br\/controladoria\/agenda-goias-aponta-caminhos-para-regiao-metropolitana-de-goiania\/"},"modified":"2015-12-02T15:09:26","modified_gmt":"2015-12-02T17:09:26","slug":"agenda-goias-aponta-caminhos-para-regiao-metropolitana-de-goiania","status":"publish","type":"post","link":"https:\/\/goias.gov.br\/controladoria\/agenda-goias-aponta-caminhos-para-regiao-metropolitana-de-goiania\/","title":{"rendered":"Agenda Goi\u00e1s aponta caminhos para Regi\u00e3o Metropolitana de Goi\u00e2nia"},"content":{"rendered":"<p>\n<!--more--><\/p>\n<p>Desenvolvimento urbano foi o tema que encerrou o projeto Agenda Goi\u00e1s \u2013 Participa\u00e7\u00e3o e Competitividade, que teve seu d\u00e9cimo f\u00f3rum realizado hoje (2\/12) em Goi\u00e2nia. No evento, foram revelados quais ser\u00e3o os pr\u00f3ximos passos do governo para Regi\u00e3o Metropolitana de Goi\u00e2nia, como a cria\u00e7\u00e3o do Parque Estadual da Serrinha e a viabiliza\u00e7\u00e3o de projeto de BRT para Aparecida de Goi\u00e2nia.<\/p>\n<p>Em sua fala, o governador Marconi Perillo destacou o crescimento de Goi\u00e1s nos anos que se seguiram depois da realiza\u00e7\u00e3o do \u00faltimo Agenda Goi\u00e1s, h\u00e1 dez anos. \u201cNos \u00faltimos anos, avan\u00e7amos extraordinariamente no saneamento ambiental. Em Goi\u00e2nia, por exemplo, j\u00e1 passamos 90% de esgoto coletado e tratado\u201d, comentou.<\/p>\n<p>O secret\u00e1rio de Gest\u00e3o e Planejamento, Thiago Peixoto, apontou a mobilidade como um dos maiores desafios para nossa regi\u00e3o. \u201cGoi\u00e2nia tem quase um carro por habitante. Nossa mobilidade vai ficar completamente comprometida se continuarmos sendo uma cidade para carros\u201d, declarou. Para Thiago, as solu\u00e7\u00f5es para os principais desafios para os grandes centros urbanos, geralmente, enfrentam muita resist\u00eancia. Isso porque, temas como verticaliza\u00e7\u00e3o, prioriza\u00e7\u00e3o de meios de transporte coletivo e combate \u00e0 polui\u00e7\u00e3o visual s\u00e3o temas pol\u00eamicos.<\/p>\n<p>\u201cA cidade sustent\u00e1vel tem caracter\u00edsticas verticais. Isso facilita os aparelhos p\u00fablicos a serem instalados. Mas se tornar uma cidade vertical \u00e9 extremamente pol\u00eamica e impopular. Al\u00e9m disso, \u00e9 muito importante uma pol\u00edtica agressiva de combate \u00e0 polui\u00e7\u00e3o visual. Gostaria muito de deixar de ler Goi\u00e2nia para ver Goi\u00e2nia\u201d, disse. O secret\u00e1rio aproveitou a oportunidade para elogiar a coragem da Prefeitura de Goi\u00e2nia para criar recentemente as ciclovias, ciclofaixas e ciclorrotas. \u201cSe todo mundo tem um carro, a grande maioria da popula\u00e7\u00e3o vai ter resist\u00eancia a esse tipo de alternativa para o tr\u00e2nsito\u201d, explicou.<\/p>\n<p>Mobilidade<\/p>\n<p>De acordo com o secret\u00e1rio de\u00a0Meio Ambiente, Recursos H\u00eddricos, Infraestrutura, Cidades e Assuntos Metropolitanos, Vilmar Rocha, o Governo de Goi\u00e1s j\u00e1 tem recursos e deve lan\u00e7ar no pr\u00f3ximo dia 15 o projeto de BRT que vai ligar o Terminal Cruzeiro ao Terminal Veiga Jardim, em Aparecida de Goi\u00e2nia. \u201c\u00c9 um trajeto de 5 quil\u00f4metros que vai custar R$ 3 milh\u00f5es\u201d, confirmou.<\/p>\n<p>Outra novidade apresentada pelo secret\u00e1rio para Goi\u00e2nia foi a assinatura, prevista para essa semana, do decreto de cria\u00e7\u00e3o do Parque Estadual da Serrinha, um projeto que deve incluir pista de cooper, ciclovia e ilumina\u00e7\u00e3o. Al\u00e9m disso, ele adiantou que j\u00e1 est\u00e1 sendo elaborado, em parceria com a Universidade Federal de Goi\u00e1s (UFG), o plano de desenvolvimento da regi\u00e3o metropolitana. \u201cVamos conclu\u00ed-lo em 2016\u201d, antecipou.<\/p>\n<p>Para o presidente do Grupo Jaime C\u00e2mara, Cristiano C\u00e2mara, o projeto contabilizou v\u00e1rios ganhos. \u201cAs pessoas querem ser ouvidas e muitas vezes n\u00e3o encontram os canais adequados para suas demandas. Nos f\u00f3runs do Agenda, cada uma das regi\u00f5es apontou caminhos pr\u00f3prios para seu desenvolvimento\u201d, afirmou, destacando como exemplo os projetos governamentais, como o Inova Goi\u00e1s e o Goi\u00e1s Mais Competitivo, al\u00e9m da cria\u00e7\u00e3o do Movimento Brasil Central.<\/p>\n<p>O secret\u00e1rio de Gest\u00e3o e Planejamento Thiago Peixoto fez um balan\u00e7o de todo o projeto. \u201cForam grandes debates que geraram uma boa agenda de desenvolvimento, criada a partir de uma discuss\u00e3o ampla e democr\u00e1tica. E fizemos isso por acreditar que criar um plano, ter uma agenda e promover discuss\u00e3o \u00e9 muito importante\u201d, pontuou. O diretor-superintendente do Sebrae, um dos parceiros do projeto, Igor Montenegro, se mostrou otimista com o futuro de Goi\u00e1s e satisfeito com o Agenda Goi\u00e1s. \u201cApesar do momento dif\u00edcil que passamos no pa\u00eds hoje, podemos ter esperan\u00e7a no futuro\u201d, comentou.<\/p>\n<p>Realiza\u00e7\u00e3o do jornal O Popular, com apoio do Governo de Goi\u00e1s, da Segplan e do Servi\u00e7o Brasileiro de Apoio \u00e0s Micro e Pequenas Empresas (Sebrae-GO), o projeto Agenda Goi\u00e1s foi focado em tr\u00eas eixos principais: qualidade de vida, competitividade e gest\u00e3o de resultados. O projeto foi levado a outras nove cidades-polo regionais: Rio Verde (Desenvolvimento Econ\u00f4mico), Formosa (Prote\u00e7\u00e3o Social), Itumbiara (Gest\u00e3o P\u00fablica), Catal\u00e3o (Educa\u00e7\u00e3o), S\u00e3o Lu\u00eds de Montes Belos (Seguran\u00e7a P\u00fablica), Aruan\u00e3 (Meio Ambiente), Porangatu (Sa\u00fade), Luzi\u00e2nia (Parcerias P\u00fablico-Privadas) e An\u00e1polis (Infraestrutura e Log\u00edstica).<\/p>\n","protected":false},"excerpt":{"rendered":"","protected":false},"author":54,"featured_media":0,"comment_status":"closed","ping_status":"open","sticky":false,"template":"","format":"standard","meta":{"footnotes":""},"categories":[30],"tags":[],"class_list":["post-877","post","type-post","status-publish","format-standard","hentry","category-noticias"],"rttpg_featured_image_url":null,"rttpg_author":{"display_name":"hosanagodoy","author_link":"https:\/\/goias.gov.br\/controladoria\/author\/hosanagodoy\/"},"rttpg_comment":0,"rttpg_category":"<a href=\"https:\/\/goias.gov.br\/controladoria\/categoria\/noticias\/\" rel=\"category tag\">Not\u00edcias<\/a>","rttpg_excerpt":null,"_links":{"self":[{"href":"https:\/\/goias.gov.br\/controladoria\/wp-json\/wp\/v2\/posts\/877","targetHints":{"allow":["GET"]}}],"collection":[{"href":"https:\/\/goias.gov.br\/controladoria\/wp-json\/wp\/v2\/posts"}],"about":[{"href":"https:\/\/goias.gov.br\/controladoria\/wp-json\/wp\/v2\/types\/post"}],"author":[{"embeddable":true,"href":"https:\/\/goias.gov.br\/controladoria\/wp-json\/wp\/v2\/users\/54"}],"replies":[{"embeddable":true,"href":"https:\/\/goias.gov.br\/controladoria\/wp-json\/wp\/v2\/comments?post=877"}],"version-history":[{"count":0,"href":"https:\/\/goias.gov.br\/controladoria\/wp-json\/wp\/v2\/posts\/877\/revisions"}],"wp:attachment":[{"href":"https:\/\/goias.gov.br\/controladoria\/wp-json\/wp\/v2\/media?parent=877"}],"wp:term":[{"taxonomy":"category","embeddable":true,"href":"https:\/\/goias.gov.br\/controladoria\/wp-json\/wp\/v2\/categories?post=877"},{"taxonomy":"post_tag","embeddable":true,"href":"https:\/\/goias.gov.br\/controladoria\/wp-json\/wp\/v2\/tags?post=877"}],"curies":[{"name":"wp","href":"https:\/\/api.w.org\/{rel}","templated":true}]}}