

{"id":8723,"date":"2021-02-09T08:51:02","date_gmt":"2021-02-09T11:51:02","guid":{"rendered":"https:\/\/siteshom.goias.gov.br\/controladoria\/processo-administrativo-de-responsabilizacao-de-fornecedores-paf\/"},"modified":"2024-06-27T10:13:03","modified_gmt":"2024-06-27T13:13:03","slug":"processo-administrativo-de-responsabilizacao-de-fornecedores-paf","status":"publish","type":"post","link":"https:\/\/goias.gov.br\/controladoria\/processo-administrativo-de-responsabilizacao-de-fornecedores-paf\/","title":{"rendered":"Processo Administrativo de Responsabiliza\u00e7\u00e3o de Fornecedores &#8211; PAF"},"content":{"rendered":"<div class=\"row container\">\n<div id=\"childPage\" class=\"col-12 form-inline\">\n<p>Fa\u00e7a a sua pesquisa por palavra-chave<\/p>\n<p><input id=\"searchBar\" class=\"form-control mr-sm-2\" type=\"search\" placeholder=\"Buscar\" aria-label=\"Buscar\" \/><button id=\"clearBtn\" class=\"btn\" type=\"button\">Limpar<\/button><\/p>\n<\/div>\n<\/div>\n<div class=\"row container\">\n<div class=\"col-12\"><img fetchpriority=\"high\" decoding=\"async\" class=\" size-full wp-image-8020\" src=\"https:\/\/goias.gov.br\/controladoria\/wp-content\/uploads\/sites\/31\/2020\/05\/Imagem_responsabilizao_de_entes_privados-358.png\" alt=\"\" width=\"243\" height=\"230\" \/><\/div>\n<\/div>\n<div id=\"pergResp\" class=\"container\">\n<div id=\"enPriContainer\" class=\"theme container\">\n<div id=\"accordionProcessoAdministrativodeResponsabilizacaodeFornecedoresPAF\" class=\"accordion \">\n<div id=\"ResponsabilizacaodeEntesPrivados_ProcessoAdministrativodeResponsabilizacaodeFornecedoresPAF\" class=\"accordion-group \" style=\"padding: 5px;\">\n<div id=\"heading406\" class=\"accordion-heading\"><a class=\"btn-link\" href=\"#collapse406\" data-parent=\"#accordionProcessoAdministrativodeResponsabilizacaodeFornecedoresPAF\" data-toggle=\"collapse\"><strong>Quais s\u00e3o os il\u00edcitos<br \/>\nadministrativos considerados na Lei estadual n\u00ba 17.928\/2012?<\/strong><\/a><\/div>\n<div id=\"collapse406\" class=\"collapse\" aria-labelledby=\"heading6\">\n<div class=\"accordion-body\">\n<p style=\"text-align: justify;\">Conforme o art. 77 da Lei estadual n\u00b0 17.928\/12, constituem<br \/>\nil\u00edcitos administrativos, a serem considerados em todas as modalidades<br \/>\nlicitat\u00f3rias, sem preju\u00edzo das san\u00e7\u00f5es penais cab\u00edveis,<br \/>\nal\u00e9m da pr\u00e1tica dos atos previstos nos arts. 81, 86, 87 e 88 da Lei federal<br \/>\nn\u00ba 8.666, de 21 de junho de 1993, a pr\u00e1tica dos atos previstos no art. 7\u00ba<br \/>\nda Lei federal n\u00ba 10.520, de 17 de julho de 2002, ou em dispositivos de normas que<br \/>\nvierem a substitu\u00ed-los.<\/p>\n<\/div>\n<\/div>\n<\/div>\n<div id=\"ResponsabilizacaodeEntesPrivados_ProcessoAdministrativodeResponsabilizacaodeFornecedoresPAF\" class=\"accordion-group \" style=\"padding: 5px;\">\n<div id=\"heading407\" class=\"accordion-heading\"><a class=\"btn-link\" href=\"#collapse407\" data-parent=\"#accordionProcessoAdministrativodeResponsabilizacaodeFornecedoresPAF\" data-toggle=\"collapse\"><strong>Quais s\u00e3o os il\u00edcitos previstos<br \/>\nna Lei Federal n\u00b0 8.666\/1993?<\/strong><\/a><\/div>\n<div id=\"collapse407\" class=\"collapse\" aria-labelledby=\"heading6\">\n<div class=\"accordion-body\">\n<p style=\"text-align: justify;\">Os il\u00edcitos administrativos previstos na Lei n\u00b0<br \/>\n8.666\/1993 s\u00e3o: Art. 81. A recusa injustificada do adjudicat\u00e1rio em assinar o<br \/>\ncontrato, aceitar ou retirar o instrumento equivalente, dentro do prazo estabelecido pela<br \/>\nAdministra\u00e7\u00e3o, caracteriza o descumprimento total da obriga\u00e7\u00e3o<br \/>\nassumida, sujeitando-o \u00e0s penalidades legalmente estabelecidas. Art. 86. O atraso<br \/>\ninjustificado na execu\u00e7\u00e3o do contrato sujeitar\u00e1 o contratado \u00e0<br \/>\nmulta de mora, na forma prevista no instrumento convocat\u00f3rio ou no contrato. \u00a7<br \/>\n1o A multa a que alude este artigo n\u00e3o impede que a Administra\u00e7\u00e3o<br \/>\nrescinda unilateralmente o contrato e aplique as outras san\u00e7\u00f5es previstas<br \/>\nnesta Lei. \u00a7 2o A multa, aplicada ap\u00f3s regular processo administrativo,<br \/>\nser\u00e1 descontada da garantia do respectivo contratado. \u00a7 3o Se a multa for de<br \/>\nvalor superior ao valor da garantia prestada, al\u00e9m da perda desta, responder\u00e1<br \/>\no contratado pela sua diferen\u00e7a, a qual ser\u00e1 descontada dos pagamentos<br \/>\neventualmente devidos pela Administra\u00e7\u00e3o ou ainda, quando for o caso, cobrada<br \/>\njudicialmente. Art. 87. Pela inexecu\u00e7\u00e3o total ou parcial do contrato a<br \/>\nAdministra\u00e7\u00e3o poder\u00e1, garantida a pr\u00e9via defesa, aplicar ao<br \/>\ncontratado as seguintes san\u00e7\u00f5es: I &#8211; advert\u00eancia; II &#8211; multa, na forma<br \/>\nprevista no instrumento convocat\u00f3rio ou no contrato; III &#8211; suspens\u00e3o<br \/>\ntempor\u00e1ria de participa\u00e7\u00e3o em licita\u00e7\u00e3o e impedimento de<br \/>\ncontratar com a Administra\u00e7\u00e3o, por prazo n\u00e3o superior a 2 (dois) anos;<br \/>\nIV &#8211; declara\u00e7\u00e3o de inidoneidade para licitar ou contratar com a<br \/>\nAdministra\u00e7\u00e3o P\u00fablica enquanto perdurarem os motivos determinantes da<br \/>\npuni\u00e7\u00e3o ou at\u00e9 que seja promovida a reabilita\u00e7\u00e3o perante<br \/>\na pr\u00f3pria autoridade que aplicou a penalidade, que ser\u00e1 concedida sempre que o<br \/>\ncontratado ressarcir a Administra\u00e7\u00e3o pelos preju\u00edzos resultantes e<br \/>\nap\u00f3s decorrido o prazo da san\u00e7\u00e3o aplicada com base no inciso anterior.<br \/>\n\u00a7 1o Se a multa aplicada for superior ao valor da garantia prestada, al\u00e9m da<br \/>\nperda desta, responder\u00e1 o contratado pela sua diferen\u00e7a, que ser\u00e1<br \/>\ndescontada dos pagamentos eventualmente devidos pela Administra\u00e7\u00e3o ou cobrada<br \/>\njudicialmente. \u00a7 2o As san\u00e7\u00f5es previstas nos incisos I, III e IV deste<br \/>\nartigo poder\u00e3o ser aplicadas juntamente com a do inciso II, facultada a defesa<br \/>\npr\u00e9via do interessado, no respectivo processo, no prazo de 5 (cinco) dias<br \/>\n\u00fateis. \u00a7 3o A san\u00e7\u00e3o estabelecida no inciso IV deste artigo<br \/>\n\u00e9 de compet\u00eancia exclusiva do Ministro de Estado, do Secret\u00e1rio Estadual<br \/>\nou Municipal, conforme o caso, facultada a defesa do interessado no respectivo processo, no<br \/>\nprazo de 10 (dez) dias da abertura de vista, podendo a reabilita\u00e7\u00e3o ser<br \/>\nrequerida ap\u00f3s 2 (dois) anos de sua aplica\u00e7\u00e3o. (Vide art 109 inciso<br \/>\nIII) Art. 88. As san\u00e7\u00f5es previstas nos incisos III e IV do artigo anterior<br \/>\npoder\u00e3o tamb\u00e9m ser aplicadas \u00e0s empresas ou aos profissionais que, em<br \/>\nraz\u00e3o dos contratos regidos por esta Lei: I &#8211; tenham sofrido condena\u00e7\u00e3o<br \/>\ndefinitiva por praticarem, por meios dolosos, fraude fiscal no recolhimento de quaisquer<br \/>\ntributos; II &#8211; tenham praticado atos il\u00edcitos visando a frustrar os objetivos da<br \/>\nlicita\u00e7\u00e3o; III &#8211; demonstrem n\u00e3o possuir idoneidade para contratar com a<br \/>\nAdministra\u00e7\u00e3o em virtude de atos il\u00edcitos praticados.<\/p>\n<\/div>\n<\/div>\n<\/div>\n<div id=\"ResponsabilizacaodeEntesPrivados_ProcessoAdministrativodeResponsabilizacaodeFornecedoresPAF\" class=\"accordion-group \" style=\"padding: 5px;\">\n<div id=\"heading408\" class=\"accordion-heading\"><a class=\"btn-link\" href=\"#collapse408\" data-parent=\"#accordionProcessoAdministrativodeResponsabilizacaodeFornecedoresPAF\" data-toggle=\"collapse\"><strong>Qual o il\u00edcito previsto na Lei federal<br \/>\nn\u00b0 10.520\/2002?<\/strong><\/a><\/div>\n<div id=\"collapse408\" class=\"collapse\" aria-labelledby=\"heading6\">\n<div class=\"accordion-body\">\n<p style=\"text-align: justify;\">O il\u00edcito administrativo previsto na Lei n\u00b0<br \/>\n10.520\/2002 \u00e9: Art. 7\u00ba Quem, convocado dentro do prazo de validade da sua<br \/>\nproposta, n\u00e3o celebrar o contrato, deixar de entregar ou apresentar<br \/>\ndocumenta\u00e7\u00e3o falsa exigida para o certame, ensejar o retardamento da<br \/>\nexecu\u00e7\u00e3o de seu objeto, n\u00e3o mantiver a proposta, falhar ou fraudar na<br \/>\nexecu\u00e7\u00e3o do contrato, comportar-se de modo inid\u00f4neo ou cometer fraude<br \/>\nfiscal, ficar\u00e1 impedido de licitar e contratar com a Uni\u00e3o, Estados, Distrito<br \/>\nFederal ou Munic\u00edpios e, ser\u00e1 descredenciado no Sicaf, ou nos sistemas de<br \/>\ncadastramento de fornecedores a que se refere o inciso XIV do art. 4o desta Lei, pelo prazo<br \/>\nde at\u00e9 5 (cinco) anos, sem preju\u00edzo das multas previstas em edital e no<br \/>\ncontrato e das demais comina\u00e7\u00f5es legais.<\/p>\n<\/div>\n<\/div>\n<\/div>\n<div id=\"ResponsabilizacaodeEntesPrivados_ProcessoAdministrativodeResponsabilizacaodeFornecedoresPAF\" class=\"accordion-group \" style=\"padding: 5px;\">\n<div id=\"heading409\" class=\"accordion-heading\"><a class=\"btn-link\" href=\"#collapse409\" data-parent=\"#accordionProcessoAdministrativodeResponsabilizacaodeFornecedoresPAF\" data-toggle=\"collapse\"><strong>Qual o il\u00edcito administrativo previsto<br \/>\nno Decreto estadual n\u00b0 9.666\/2020?<\/strong><\/a><\/div>\n<div id=\"collapse409\" class=\"collapse\" aria-labelledby=\"heading6\">\n<div class=\"accordion-body\">\n<p style=\"text-align: justify;\">O il\u00edcito administrativo est\u00e1 previsto no art. 50<br \/>\ndo Decreto n\u00b0 9.666\/2020. Veja-se: Art. 50. Ficar\u00e1 impedido de licitar e de<br \/>\ncontratar com o Estado e ser\u00e1 descredenciado no CADFOR, pelo prazo de at\u00e9 5<br \/>\n(cinco) anos, sem preju\u00edzo das multas previstas em edital e no contrato, al\u00e9m<br \/>\ndas demais comina\u00e7\u00f5es legais, garantido o direito \u00e0 ampla defesa, o<br \/>\nlicitante que, convocado dentro do prazo de validade de sua proposta: I \u2013 n\u00e3o<br \/>\nassinar o contrato ou a ata de registro de pre\u00e7os; II \u2013 n\u00e3o entregar a<br \/>\ndocumenta\u00e7\u00e3o exigida no edital; III \u2013 apresentar<br \/>\ndocumenta\u00e7\u00e3o falsa; IV \u2013 causar o atraso na execu\u00e7\u00e3o do<br \/>\nobjeto; V \u2013 n\u00e3o mantiver a proposta; VI \u2013 falhar na<br \/>\nexecu\u00e7\u00e3o do contrato; VII \u2013 fraudar a execu\u00e7\u00e3o do<br \/>\ncontrato; VIII \u2013 comportar-se de modo inid\u00f4neo; IX \u2013 declarar<br \/>\ninforma\u00e7\u00f5es falsas; e X \u2013 cometer fraude fiscal. \u00a7 1\u00ba A<br \/>\ninexecu\u00e7\u00e3o contratual, inclusive por atraso injustificado na<br \/>\nexecu\u00e7\u00e3o do contrato ou instrumento equivalente, sujeitar\u00e1 a<br \/>\ncontratada, al\u00e9m das comina\u00e7\u00f5es legais cab\u00edveis, \u00e0 multa<br \/>\nde mora, graduada de acordo com a gravidade da infra\u00e7\u00e3o, obedecidos os<br \/>\nseguintes limites m\u00e1ximos: a) 10% (dez por cento) sobre o valor do contrato ou<br \/>\ninstrumento equivalente, em caso de descumprimento total da obriga\u00e7\u00e3o,<br \/>\ninclusive no caso de recusa do adjudicat\u00e1rio em firmar o contrato ou retirar a nota<br \/>\nde empenho, dentro de 10 (dez) dias contados da data de sua convoca\u00e7\u00e3o; b)<br \/>\n0,3% (tr\u00eas d\u00e9cimos por cento) ao dia, at\u00e9 o trig\u00e9simo dia de<br \/>\natraso, sobre o valor da parte do fornecimento n\u00e3o realizado; c) 0,7% (sete<br \/>\nd\u00e9cimos por cento) sobre o valor da parte do fornecimento n\u00e3o realizado, por<br \/>\ncada dia subsequente ao trig\u00e9simo. \u00a7 2\u00ba Antes da aplica\u00e7\u00e3o de<br \/>\nqualquer penalidade ser\u00e1 garantido ao licitante o direito ao contradit\u00f3rio e<br \/>\n\u00e0 ampla defesa. \u00a7 3\u00ba As san\u00e7\u00f5es ser\u00e3o registradas e<br \/>\npublicadas no CADFOR. \u00a7 4\u00ba As san\u00e7\u00f5es descritas no caput deste<br \/>\nartigo tamb\u00e9m se aplicam aos integrantes do cadastro de reserva em preg\u00e3o para<br \/>\nregistro de pre\u00e7os que, convocados, n\u00e3o honrarem o compromisso assumido sem<br \/>\njustificativa ou com justificativa recusada pela administra\u00e7\u00e3o p\u00fablica.<br \/>\n\u00a7 5\u00ba A multa poder\u00e1 ser descontada dos pagamentos eventualmente devidos ou<br \/>\nainda, quando for o caso, cobrada judicialmente.<\/p>\n<\/div>\n<\/div>\n<\/div>\n<div id=\"ResponsabilizacaodeEntesPrivados_ProcessoAdministrativodeResponsabilizacaodeFornecedoresPAF\" class=\"accordion-group \" style=\"padding: 5px;\">\n<div id=\"heading464\" class=\"accordion-heading\"><a class=\"btn-link\" href=\"#collapse464\" data-parent=\"#accordionProcessoAdministrativodeResponsabilizacaodeFornecedoresPAF\" data-toggle=\"collapse\"><strong>Qual o procedimento adequado para apurar a<br \/>\npr\u00e1tica dos il\u00edcitos previstos na legisla\u00e7\u00e3o de<br \/>\nlicita\u00e7\u00f5es por licitantes e\/ou contratados pela administra\u00e7\u00e3o?<br \/>\n<\/strong><\/a><\/div>\n<div id=\"collapse464\" class=\"collapse\" aria-labelledby=\"heading6\">\n<div class=\"accordion-body\">\n<p style=\"text-align: justify;\">Instaura\u00e7\u00e3o do Processo Administrativo de<br \/>\nResponsabiliza\u00e7\u00e3o de Fornecedores &#8211; PAF, nos termos da al\u00ednea<br \/>\n\u201cg\u201d, do \u00a7 1\u00ba do art. 1\u00ba do Decreto Estadual n\u00ba 9.572\/2019.<\/p>\n<\/div>\n<\/div>\n<\/div>\n<div id=\"ResponsabilizacaodeEntesPrivados_ProcessoAdministrativodeResponsabilizacaodeFornecedoresPAF\" class=\"accordion-group \" style=\"padding: 5px;\">\n<div id=\"heading410\" class=\"accordion-heading\"><a class=\"btn-link\" href=\"#collapse410\" data-parent=\"#accordionProcessoAdministrativodeResponsabilizacaodeFornecedoresPAF\" data-toggle=\"collapse\"><strong>Qual a autoridade competente para instaurar o<br \/>\nPAF? Essa compet\u00eancia pode ser delegada?<\/strong><\/a><\/div>\n<div id=\"collapse410\" class=\"collapse\" aria-labelledby=\"heading6\">\n<div class=\"accordion-body\">\n<p style=\"text-align: justify;\">A instaura\u00e7\u00e3o do PAF compete aos titulares dos<br \/>\n\u00f3rg\u00e3os e entidades do Poder Executivo (Secret\u00e1rios de Estado,<br \/>\nPresidentes de Autarquias ou equivalentes) que tenham realizado o procedimento<br \/>\nlicitat\u00f3rio e\/ou firmado o contrato administrativo &#8211; art. 40, \u00a7 1\u00ba, I, da<br \/>\nConstitui\u00e7\u00e3o do Estado de Goi\u00e1s, c\/c art. 56, I e II, da Lei Estadual<br \/>\nn\u00ba 20.491\/2019. <u>A compet\u00eancia poder\u00e1 ser delegada aos ocupantes de cargos<br \/>\nde unidade b\u00e1sicas e complementares diretamente vinculadas ao titular do<br \/>\n\u00f3rg\u00e3o\/entidade<\/u> &#8211; art. 40, \u00a7 1\u00ba, VI, da Constitui\u00e7\u00e3o do<br \/>\nEstado de Goi\u00e1s, c\/c art. 56, VI, da Lei Estadual n\u00ba 20.491\/2019. Vide art.<br \/>\n3\u00ba e seu par\u00e1grafo \u00fanico, da <a href=\"https:\/\/www.controladoria.go.gov.br\/portal-das-corregedorias\/instru%C3%A7%C3%A3o-normativa-n%C2%B0-03-2021-cge.html\" target=\"_blank\" rel=\"noopener\">IN 003\/2021 \u2013 CGE<\/a>.<\/p>\n<\/div>\n<\/div>\n<\/div>\n<div id=\"ResponsabilizacaodeEntesPrivados_ProcessoAdministrativodeResponsabilizacaodeFornecedoresPAF\" class=\"accordion-group \" style=\"padding: 5px;\">\n<div id=\"heading411\" class=\"accordion-heading\"><a class=\"btn-link\" href=\"#collapse411\" data-parent=\"#accordionProcessoAdministrativodeResponsabilizacaodeFornecedoresPAF\" data-toggle=\"collapse\"><strong>Qual o instrumento legal para<br \/>\ninstaura\u00e7\u00e3o do PAF?<\/strong><\/a><\/div>\n<div id=\"collapse411\" class=\"collapse\" aria-labelledby=\"heading6\">\n<div class=\"accordion-body\">\n<p style=\"text-align: justify;\">Portaria. Vide art. 7\u00ba, caput, da <a href=\"https:\/\/www.controladoria.go.gov.br\/portal-das-corregedorias\/instru%C3%A7%C3%A3o-normativa-n%C2%B0-03-2021-cge.html\" target=\"_blank\" rel=\"noopener\">IN 003\/2021 \u2013 CGE<\/a>.<\/p>\n<\/div>\n<\/div>\n<\/div>\n<div id=\"ResponsabilizacaodeEntesPrivados_ProcessoAdministrativodeResponsabilizacaodeFornecedoresPAF\" class=\"accordion-group \" style=\"padding: 5px;\">\n<div id=\"heading412\" class=\"accordion-heading\"><a class=\"btn-link\" href=\"#collapse412\" data-parent=\"#accordionProcessoAdministrativodeResponsabilizacaodeFornecedoresPAF\" data-toggle=\"collapse\"><strong>A Portaria de Instaura\u00e7\u00e3o do<br \/>\nPAF deve ser publicada?<\/strong><\/a><\/div>\n<div id=\"collapse412\" class=\"collapse\" aria-labelledby=\"heading6\">\n<div class=\"accordion-body\">\n<p style=\"text-align: justify;\">Sim. A portaria deve ser publicada no Di\u00e1rio Oficial do<br \/>\nEstado, em seu inteiro teor ou em forma de extrato, sendo permitida a<br \/>\nindica\u00e7\u00e3o\/qualifica\u00e7\u00e3o do fornecedor que est\u00e1 respondendo<br \/>\no PAF.<\/p>\n<\/div>\n<\/div>\n<\/div>\n<div id=\"ResponsabilizacaodeEntesPrivados_ProcessoAdministrativodeResponsabilizacaodeFornecedoresPAF\" class=\"accordion-group \" style=\"padding: 5px;\">\n<div id=\"heading413\" class=\"accordion-heading\"><a class=\"btn-link\" href=\"#collapse413\" data-parent=\"#accordionProcessoAdministrativodeResponsabilizacaodeFornecedoresPAF\" data-toggle=\"collapse\"><strong>Quem conduzir\u00e1 o PAF?<\/strong><\/a><\/div>\n<div id=\"collapse413\" class=\"collapse\" aria-labelledby=\"heading6\">\n<div class=\"accordion-body\">\n<p style=\"text-align: justify;\">O PAF ser\u00e1 conduzido por comiss\u00e3o permanente<br \/>\ncomposta por 3 servidores efetivos, preferencialmente est\u00e1veis, ou empregados<br \/>\np\u00fablicos, com, no m\u00ednimo, 3 (tr\u00eas) anos de efetivo exerc\u00edcio, nos<br \/>\ntermos do \u00a7 1\u00b0 do art. 2\u00b0 do Decreto estadual n\u00b0 9.572\/2019. Vide \u00a7<br \/>\n1\u00ba do art. 7\u00ba, da <a href=\"https:\/\/www.controladoria.go.gov.br\/portal-das-corregedorias\/instru%C3%A7%C3%A3o-normativa-n%C2%B0-03-2021-cge.html\" target=\"_blank\" rel=\"noopener\">IN 003\/2021 \u2013 CGE<\/a>.<\/p>\n<\/div>\n<\/div>\n<\/div>\n<div id=\"ResponsabilizacaodeEntesPrivados_ProcessoAdministrativodeResponsabilizacaodeFornecedoresPAF\" class=\"accordion-group \" style=\"padding: 5px;\">\n<div id=\"heading414\" class=\"accordion-heading\"><a class=\"btn-link\" href=\"#collapse414\" data-parent=\"#accordionProcessoAdministrativodeResponsabilizacaodeFornecedoresPAF\" data-toggle=\"collapse\"><strong>A comiss\u00e3o de PAF deve ser<br \/>\npermanente?<\/strong><\/a><\/div>\n<div id=\"collapse414\" class=\"collapse\" aria-labelledby=\"heading6\">\n<div class=\"accordion-body\">\n<p style=\"text-align: justify;\">Sim. Por for\u00e7a do inciso II do \u00a7 2\u00b0 do art.<br \/>\n2\u00b0 do Decreto estadual n\u00b0 9.572\/2019, os \u00f3rg\u00e3os e as entidades do<br \/>\nPoder Executivo dever\u00e3o instituir as seguintes comiss\u00f5es permanentes de<br \/>\nprocedimentos correcionais: II &#8211; Processo Administrativo de Responsabiliza\u00e7\u00e3o<br \/>\nde fornecedores, pessoas f\u00edsicas ou jur\u00eddicas, respons\u00e1vel pelas<br \/>\napura\u00e7\u00f5es decorrentes da Lei federal no 8.666\/1993 e da Lei estadual no<br \/>\n17.928\/2012 e correlatas.<\/p>\n<\/div>\n<\/div>\n<\/div>\n<div id=\"ResponsabilizacaodeEntesPrivados_ProcessoAdministrativodeResponsabilizacaodeFornecedoresPAF\" class=\"accordion-group \" style=\"padding: 5px;\">\n<div id=\"heading416\" class=\"accordion-heading\"><a class=\"btn-link\" href=\"#collapse416\" data-parent=\"#accordionProcessoAdministrativodeResponsabilizacaodeFornecedoresPAF\" data-toggle=\"collapse\"><strong>O que deve conter na<br \/>\nnotifica\u00e7\u00e3o do PAF?<\/strong><\/a><\/div>\n<div id=\"collapse416\" class=\"collapse\" aria-labelledby=\"heading6\">\n<div class=\"accordion-body\">\n<p style=\"text-align: justify;\">Vide art. 10, caput, da <a href=\"https:\/\/www.controladoria.go.gov.br\/portal-das-corregedorias\/instru%C3%A7%C3%A3o-normativa-n%C2%B0-03-2021-cge.html\" target=\"_blank\" rel=\"noopener\">IN 003\/2021 \u2013 CGE<\/a>:<br \/>\n\u201cArt. 10 A notifica\u00e7\u00e3o<br \/>\nconstitui-se em instrumento de comunica\u00e7\u00e3o de atos processuais e dever\u00e1<br \/>\nconter:<br \/>\nI \u2013 identifica\u00e7\u00e3o do notificado e nome do \u00f3rg\u00e3o ou<br \/>\nentidade administrativa que o notificou;<br \/>\nII \u2013 finalidade da intima\u00e7\u00e3o;<br \/>\nIII \u2013 data, hora, local e forma da apresenta\u00e7\u00e3o da defesa escrita com a<br \/>\nespecifica\u00e7\u00e3o das provas que o fornecedor pretende produzir;<br \/>\nIV \u2013 a faculdade de o fornecedor fazer-se representar por preposto legal e\/ou por<br \/>\nadvogado constitu\u00eddo;<br \/>\nV \u2013 informa\u00e7\u00e3o de continuidade do processo independentemente do<br \/>\ncomparecimento do intimado;<br \/>\nVI \u2013 indica\u00e7\u00e3o dos fatos e fundamentos legais pertinentes;<br \/>\nVII \u2013 o endere\u00e7o f\u00edsico e eletr\u00f4nico da comiss\u00e3o<br \/>\nprocessante;<br \/>\nVIII \u2013 a forma para acesso aos autos do PAF;<br \/>\nIX &#8211; a informa\u00e7\u00e3o de garantia do devido processo legal, do<br \/>\ncontradit\u00f3rio e da ampla defesa, assim como o resumo dos prazos e etapas processuais,<br \/>\nconforme anexo \u00fanico.\u201d<\/p>\n<\/div>\n<\/div>\n<\/div>\n<div id=\"ResponsabilizacaodeEntesPrivados_ProcessoAdministrativodeResponsabilizacaodeFornecedoresPAF\" class=\"accordion-group \" style=\"padding: 5px;\">\n<div id=\"heading418\" class=\"accordion-heading\"><a class=\"btn-link\" href=\"#collapse418\" data-parent=\"#accordionProcessoAdministrativodeResponsabilizacaodeFornecedoresPAF\" data-toggle=\"collapse\"><strong>Por quais os meios poder\u00e1 ser efetuada<br \/>\na notifica\u00e7\u00e3o no PAF?<\/strong><\/a><\/div>\n<div id=\"collapse418\" class=\"collapse\" aria-labelledby=\"heading6\">\n<div class=\"accordion-body\">\n<p style=\"text-align: justify;\">Vide \u00a7 1\u00ba, do art. 10, da <a href=\"https:\/\/www.controladoria.go.gov.br\/portal-das-corregedorias\/instru%C3%A7%C3%A3o-normativa-n%C2%B0-03-2021-cge.html\" target=\"_blank\" rel=\"noopener\">IN 003\/2021 \u2013 CGE<\/a>:<br \/>\n\u201c\u00a7 1\u00ba O ato de<br \/>\nnotifica\u00e7\u00e3o poder\u00e1 ser cumprido presencialmente, pelo correio no<br \/>\nendere\u00e7o indicado pelo fornecedor, por meio eletr\u00f4nico ou por qualquer meio que<br \/>\ndemonstre inequivocamente a ci\u00eancia do fornecedor acerca da instaura\u00e7\u00e3o<br \/>\ne tr\u00e2mite do PAF.\u201d<\/p>\n<\/div>\n<\/div>\n<\/div>\n<div id=\"ResponsabilizacaodeEntesPrivados_ProcessoAdministrativodeResponsabilizacaodeFornecedoresPAF\" class=\"accordion-group \" style=\"padding: 5px;\">\n<div id=\"heading419\" class=\"accordion-heading\"><a class=\"btn-link\" href=\"#collapse419\" data-parent=\"#accordionProcessoAdministrativodeResponsabilizacaodeFornecedoresPAF\" data-toggle=\"collapse\"><strong>Como ocorrer\u00e1 a<br \/>\nnotifica\u00e7\u00e3o de fornecedor com domic\u00edlio desconhecido?<\/strong><\/a><\/div>\n<div id=\"collapse419\" class=\"collapse\" aria-labelledby=\"heading6\">\n<div class=\"accordion-body\">\n<p style=\"text-align: justify;\">N\u00e3o sendo poss\u00edvel a notifica\u00e7\u00e3o<br \/>\npelos meios indicados \u00a7 1\u00ba, do art. 10, da IN 003\/2021, a<br \/>\nnotifica\u00e7\u00e3o deve ser efetuada por meio de publica\u00e7\u00e3o no<br \/>\nDi\u00e1rio Oficial do Estado de Goi\u00e1s.<\/p>\n<\/div>\n<\/div>\n<\/div>\n<div id=\"ResponsabilizacaodeEntesPrivados_ProcessoAdministrativodeResponsabilizacaodeFornecedoresPAF\" class=\"accordion-group \" style=\"padding: 5px;\">\n<div id=\"heading465\" class=\"accordion-heading\"><a class=\"btn-link\" href=\"#collapse465\" data-parent=\"#accordionProcessoAdministrativodeResponsabilizacaodeFornecedoresPAF\" data-toggle=\"collapse\"><strong>Qual o prazo para o fornecedor apresentar<br \/>\ndefesa inicial no PAF?<\/strong><\/a><\/div>\n<div id=\"collapse465\" class=\"collapse\" aria-labelledby=\"heading6\">\n<div class=\"accordion-body\">\n<p style=\"text-align: justify;\">Por for\u00e7a do art. 79, caput, da Lei Estadual n\u00ba<br \/>\n17.928\/2012, o interessado poder\u00e1 apresentar sua defesa no prazo de 10 (dez) dias<br \/>\n\u00fateis, contados da notifica\u00e7\u00e3o. Vide art. 9\u00ba da <a href=\"https:\/\/www.controladoria.go.gov.br\/portal-das-corregedorias\/instru%C3%A7%C3%A3o-normativa-n%C2%B0-03-2021-cge.html\" target=\"_blank\" rel=\"noopener\">IN 003\/2021 \u2013 CGE<\/a>.<\/p>\n<\/div>\n<\/div>\n<\/div>\n<div id=\"ResponsabilizacaodeEntesPrivados_ProcessoAdministrativodeResponsabilizacaodeFornecedoresPAF\" class=\"accordion-group \" style=\"padding: 5px;\">\n<div id=\"heading466\" class=\"accordion-heading\"><a class=\"btn-link\" href=\"#collapse466\" data-parent=\"#accordionProcessoAdministrativodeResponsabilizacaodeFornecedoresPAF\" data-toggle=\"collapse\"><strong>O fornecedor pode produzir provas na<br \/>\ndefesa?<\/strong><\/a><\/div>\n<div id=\"collapse466\" class=\"collapse\" aria-labelledby=\"heading6\">\n<div class=\"accordion-body\">\n<p style=\"text-align: justify;\">Nos termos do art. 79, caput, faculta-se ao fornecedor a<br \/>\nprodu\u00e7\u00e3o de todas as provas admitidas em direito, por sua iniciativa e<br \/>\n\u00e0s suas expensas. Vide art. 9\u00ba, c\/c \u00a7 4\u00ba do art. 12, da <a href=\"https:\/\/www.controladoria.go.gov.br\/portal-das-corregedorias\/instru%C3%A7%C3%A3o-normativa-n%C2%B0-03-2021-cge.html\" target=\"_blank\" rel=\"noopener\">IN 003\/2021 \u2013 CGE<\/a>.<\/p>\n<\/div>\n<\/div>\n<\/div>\n<div id=\"ResponsabilizacaodeEntesPrivados_ProcessoAdministrativodeResponsabilizacaodeFornecedoresPAF\" class=\"accordion-group \" style=\"padding: 5px;\">\n<div id=\"heading421\" class=\"accordion-heading\"><a class=\"btn-link\" href=\"#collapse421\" data-parent=\"#accordionProcessoAdministrativodeResponsabilizacaodeFornecedoresPAF\" data-toggle=\"collapse\"><strong>No PAF, as atividades de<br \/>\ninstru\u00e7\u00e3o pode ser realizada de of\u00edcio?<\/strong><\/a><\/div>\n<div id=\"collapse421\" class=\"collapse\" aria-labelledby=\"heading6\">\n<div class=\"accordion-body\">\n<p style=\"text-align: justify;\">As atividades de instru\u00e7\u00e3o do PAF cabem \u00e0<br \/>\nComiss\u00e3o Processante, que poder\u00e1 determinar a produ\u00e7\u00e3o de provas<br \/>\nde of\u00edcio, submetidas ao contradit\u00f3rio, sem preju\u00edzo do direito do<br \/>\nfornecedor de propor atua\u00e7\u00e3o probat\u00f3ria. Vide \u00a7 2\u00ba do art.<br \/>\n7\u00ba, c\/c \u00a7 1\u00ba do art. 12, da <a href=\"https:\/\/www.controladoria.go.gov.br\/portal-das-corregedorias\/instru%C3%A7%C3%A3o-normativa-n%C2%B0-03-2021-cge.html\" target=\"_blank\" rel=\"noopener\">IN 003\/2021 \u2013 CGE<\/a>.<\/p>\n<\/div>\n<\/div>\n<\/div>\n<div id=\"ResponsabilizacaodeEntesPrivados_ProcessoAdministrativodeResponsabilizacaodeFornecedoresPAF\" class=\"accordion-group \" style=\"padding: 5px;\">\n<div id=\"heading422\" class=\"accordion-heading\"><a class=\"btn-link\" href=\"#collapse422\" data-parent=\"#accordionProcessoAdministrativodeResponsabilizacaodeFornecedoresPAF\" data-toggle=\"collapse\"><strong>Qual a atribui\u00e7\u00e3o da<br \/>\ncomiss\u00e3o processante do PAF?<\/strong><\/a><\/div>\n<div id=\"collapse422\" class=\"collapse\" aria-labelledby=\"heading6\">\n<div class=\"accordion-body\">\n<p style=\"text-align: justify;\">Compete \u00e0 Comiss\u00e3o Processante realizar a<br \/>\ninstru\u00e7\u00e3o processual. Vide \u00a7 2\u00ba do art. 7\u00ba, c\/c o art. 17, da<br \/>\n<a href=\"https:\/\/www.controladoria.go.gov.br\/portal-das-corregedorias\/instru%C3%A7%C3%A3o-normativa-n%C2%B0-03-2021-cge.html\" target=\"_blank\" rel=\"noopener\">IN 003\/2021 \u2013 CGE<\/a>.<\/p>\n<\/div>\n<\/div>\n<\/div>\n<div id=\"ResponsabilizacaodeEntesPrivados_ProcessoAdministrativodeResponsabilizacaodeFornecedoresPAF\" class=\"accordion-group \" style=\"padding: 5px;\">\n<div id=\"heading423\" class=\"accordion-heading\"><a class=\"btn-link\" href=\"#collapse423\" data-parent=\"#accordionProcessoAdministrativodeResponsabilizacaodeFornecedoresPAF\" data-toggle=\"collapse\"><strong>Como devem ser realizados os atos de<br \/>\ninstru\u00e7\u00e3o do PAF?<\/strong><\/a><\/div>\n<div id=\"collapse423\" class=\"collapse\" aria-labelledby=\"heading6\">\n<div class=\"accordion-body\">\n<p style=\"text-align: justify;\">Os atos de instru\u00e7\u00e3o processual dever\u00e3o<br \/>\nobservar as formalidades essenciais \u00e0 garantia dos direitos do fornecedor, assim como<br \/>\ndever\u00e3o ser adotadas formas simples, suficientes para propiciar adequado grau de<br \/>\ncerteza, seguran\u00e7a e respeito, Al\u00e9m disso, nos moldes do \u00a7 2\u00b0 art. 29<br \/>\nda Lei n\u00b0 13.800\/2001, os atos de instru\u00e7\u00e3o que exijam a<br \/>\natua\u00e7\u00e3o dos fornecedores devem realizar-se do modo menos oneroso para estes.<\/p>\n<\/div>\n<\/div>\n<\/div>\n<div id=\"ResponsabilizacaodeEntesPrivados_ProcessoAdministrativodeResponsabilizacaodeFornecedoresPAF\" class=\"accordion-group \" style=\"padding: 5px;\">\n<div id=\"heading424\" class=\"accordion-heading\"><a class=\"btn-link\" href=\"#collapse424\" data-parent=\"#accordionProcessoAdministrativodeResponsabilizacaodeFornecedoresPAF\" data-toggle=\"collapse\"><strong>As provas obtidas por meios il\u00edcitos<br \/>\nser\u00e3o admitidas no PAF?<\/strong><\/a><\/div>\n<div id=\"collapse424\" class=\"collapse\" aria-labelledby=\"heading6\">\n<div class=\"accordion-body\">\n<p style=\"text-align: justify;\">N\u00e3o. De jeito nenhum! Consoante o art. 30 da Lei n\u00b0<br \/>\n13.800\/2001, s\u00e3o inadmiss\u00edveis no processo administrativo as provas obtidas<br \/>\npor meios il\u00edcitos.<\/p>\n<\/div>\n<\/div>\n<\/div>\n<div id=\"ResponsabilizacaodeEntesPrivados_ProcessoAdministrativodeResponsabilizacaodeFornecedoresPAF\" class=\"accordion-group \" style=\"padding: 5px;\">\n<div id=\"heading425\" class=\"accordion-heading\"><a class=\"btn-link\" href=\"#collapse425\" data-parent=\"#accordionProcessoAdministrativodeResponsabilizacaodeFornecedoresPAF\" data-toggle=\"collapse\"><strong>O fornecedor deve produzir a prova dos fatos<br \/>\nque alegar no PAF?<\/strong><\/a><\/div>\n<div id=\"collapse425\" class=\"collapse\" aria-labelledby=\"heading6\">\n<div class=\"accordion-body\">\n<p style=\"text-align: justify;\">Sim. De acordo com art. 36 da Lei n\u00b0 13.800\/2001, cabe ao<br \/>\nfornecedor a prova dos fatos que tenha alegado, sem preju\u00edzo do dever<br \/>\natribu\u00eddo \u00e0 comiss\u00e3o processante para a instru\u00e7\u00e3o.<\/p>\n<\/div>\n<\/div>\n<\/div>\n<div id=\"ResponsabilizacaodeEntesPrivados_ProcessoAdministrativodeResponsabilizacaodeFornecedoresPAF\" class=\"accordion-group \" style=\"padding: 5px;\">\n<div id=\"heading427\" class=\"accordion-heading\"><a class=\"btn-link\" href=\"#collapse427\" data-parent=\"#accordionProcessoAdministrativodeResponsabilizacaodeFornecedoresPAF\" data-toggle=\"collapse\"><strong>Como \u00e9 exercido o contradit\u00f3rio<br \/>\ne a ampla defesa no PAF?<\/strong><\/a><\/div>\n<div id=\"collapse427\" class=\"collapse\" aria-labelledby=\"heading6\">\n<div class=\"accordion-body\">\n<p style=\"text-align: justify;\">Como regra, no prazo para a apresenta\u00e7\u00e3o da<br \/>\ndefesa, o fornecedor dever\u00e1 apresentar as provas que demonstram suas<br \/>\nalega\u00e7\u00f5es e\/ou especificar as que pretenda produzir, inclusive enumerando o<br \/>\nrol de testemunhas, sob pena de preclus\u00e3o. Portanto, poder\u00e1 juntar documentos<br \/>\ne pareceres, requerer dilig\u00eancias e per\u00edcias, bem como aduzir<br \/>\nalega\u00e7\u00f5es referentes \u00e0 mat\u00e9ria objeto do processo. Vide art.<br \/>\n9\u00ba da <a href=\"https:\/\/www.controladoria.go.gov.br\/portal-das-corregedorias\/instru%C3%A7%C3%A3o-normativa-n%C2%B0-03-2021-cge.html\" target=\"_blank\" rel=\"noopener\">IN 003\/2021 \u2013 CGE<\/a>.<\/p>\n<\/div>\n<\/div>\n<\/div>\n<div id=\"ResponsabilizacaodeEntesPrivados_ProcessoAdministrativodeResponsabilizacaodeFornecedoresPAF\" class=\"accordion-group \" style=\"padding: 5px;\">\n<div id=\"heading428\" class=\"accordion-heading\"><a class=\"btn-link\" href=\"#collapse428\" data-parent=\"#accordionProcessoAdministrativodeResponsabilizacaodeFornecedoresPAF\" data-toggle=\"collapse\"><strong>As provas ser\u00e3o consideradas na<br \/>\nmotiva\u00e7\u00e3o do relat\u00f3rio da comiss\u00e3o e na decis\u00e3o da<br \/>\nautoridade competente?<\/strong><\/a><\/div>\n<div id=\"collapse428\" class=\"collapse\" aria-labelledby=\"heading6\">\n<div class=\"accordion-body\">\n<p style=\"text-align: justify;\">Sim. Os elementos probat\u00f3rios s\u00e3o essenciais para<br \/>\na forma\u00e7\u00e3o da convic\u00e7\u00e3o da comiss\u00e3o processante, bem como<br \/>\ndever\u00e3o ser considerados na motiva\u00e7\u00e3o da decis\u00e3o a ser proferida<br \/>\npela autoridade competente, conforme art. 17, inciso IV, e art. 20, \u00a7 1\u00ba, inciso<br \/>\nII, ambos da <a href=\"https:\/\/www.controladoria.go.gov.br\/portal-das-corregedorias\/instru%C3%A7%C3%A3o-normativa-n%C2%B0-03-2021-cge.html\" target=\"_blank\" rel=\"noopener\">IN 003\/2021 \u2013 CGE<\/a>.<\/p>\n<\/div>\n<\/div>\n<\/div>\n<div id=\"ResponsabilizacaodeEntesPrivados_ProcessoAdministrativodeResponsabilizacaodeFornecedoresPAF\" class=\"accordion-group \" style=\"padding: 5px;\">\n<div id=\"heading429\" class=\"accordion-heading\"><a class=\"btn-link\" href=\"#collapse429\" data-parent=\"#accordionProcessoAdministrativodeResponsabilizacaodeFornecedoresPAF\" data-toggle=\"collapse\"><strong>A comiss\u00e3o processante poder\u00e1<br \/>\nindeferir a produ\u00e7\u00e3o de provas?<\/strong><\/a><\/div>\n<div id=\"collapse429\" class=\"collapse\" aria-labelledby=\"heading6\">\n<div class=\"accordion-body\">\n<p style=\"text-align: justify;\">A comiss\u00e3o processante poder\u00e1 indeferir as provas<br \/>\nil\u00edcitas, impertinentes, desnecess\u00e1rias, protelat\u00f3rias ou<br \/>\nintempestivas, mediante decis\u00e3o fundamentada, conforme o \u00a7 2\u00ba do art. 12,<br \/>\nda IN 003\/2021 \u2013 CGE. Vide \u00a7 2\u00ba do art. 12, da <a href=\"https:\/\/www.controladoria.go.gov.br\/portal-das-corregedorias\/instru%C3%A7%C3%A3o-normativa-n%C2%B0-03-2021-cge.html\" target=\"_blank\" rel=\"noopener\">IN 003\/2021 \u2013 CGE<\/a>.<\/p>\n<\/div>\n<\/div>\n<\/div>\n<div id=\"ResponsabilizacaodeEntesPrivados_ProcessoAdministrativodeResponsabilizacaodeFornecedoresPAF\" class=\"accordion-group \" style=\"padding: 5px;\">\n<div id=\"heading433\" class=\"accordion-heading\"><a class=\"btn-link\" href=\"#collapse433\" data-parent=\"#accordionProcessoAdministrativodeResponsabilizacaodeFornecedoresPAF\" data-toggle=\"collapse\"><strong>Qual prazo de anteced\u00eancia<br \/>\ndever\u00e1 ser observado para a intima\u00e7\u00e3o do fornecedor antes da<br \/>\nrealiza\u00e7\u00e3o de prova ou dilig\u00eancia ordenada?<\/strong><\/a><\/div>\n<div id=\"collapse433\" class=\"collapse\" aria-labelledby=\"heading6\">\n<div class=\"accordion-body\">\n<p style=\"text-align: justify;\">O fornecedor ser\u00e1 intimado de prova ou dilig\u00eancia<br \/>\nordenada, com anteced\u00eancia m\u00ednima de <u>tr\u00eas dias \u00fateis<\/u>,<br \/>\nmencionando-se data, hora e local de realiza\u00e7\u00e3o, consoante o art. 41 da Lei<br \/>\nn\u00b0 13.800\/2001.<\/p>\n<\/div>\n<\/div>\n<\/div>\n<div id=\"ResponsabilizacaodeEntesPrivados_ProcessoAdministrativodeResponsabilizacaodeFornecedoresPAF\" class=\"accordion-group \" style=\"padding: 5px;\">\n<div id=\"heading437\" class=\"accordion-heading\"><a class=\"btn-link\" href=\"#collapse437\" data-parent=\"#accordionProcessoAdministrativodeResponsabilizacaodeFornecedoresPAF\" data-toggle=\"collapse\"><strong>Qual \u00e9 o prazo para o fornecedor apresentar<br \/>\nalega\u00e7\u00f5es finais ap\u00f3s a fase de instru\u00e7\u00e3o do PAF?<br \/>\n\u00c9 obrigat\u00f3ria a sua apresenta\u00e7\u00e3o pela defesa?<\/strong><\/a><\/div>\n<div id=\"collapse437\" class=\"collapse\" aria-labelledby=\"heading6\">\n<div class=\"accordion-body\">\n<p style=\"text-align: justify;\">Encerrada a instru\u00e7\u00e3o, o fornecedor ter\u00e1 o<br \/>\ndireito de manifestar-se no prazo m\u00e1ximo de dez dias \u00fateis, nos termos do art.<br \/>\n16 da IN 003\/2021. A intima\u00e7\u00e3o para as alega\u00e7\u00f5es finais \u00e9<br \/>\nobrigat\u00f3ria, facultando \u00e0 defesa sua apresenta\u00e7\u00e3o. Vide art. 16,<br \/>\nda <a href=\"https:\/\/www.controladoria.go.gov.br\/portal-das-corregedorias\/instru%C3%A7%C3%A3o-normativa-n%C2%B0-03-2021-cge.html\" target=\"_blank\" rel=\"noopener\">IN 003\/2021 \u2013 CGE<\/a>.<\/p>\n<\/div>\n<\/div>\n<\/div>\n<div id=\"ResponsabilizacaodeEntesPrivados_ProcessoAdministrativodeResponsabilizacaodeFornecedoresPAF\" class=\"accordion-group \" style=\"padding: 5px;\">\n<div id=\"heading438\" class=\"accordion-heading\"><a class=\"btn-link\" href=\"#collapse438\" data-parent=\"#accordionProcessoAdministrativodeResponsabilizacaodeFornecedoresPAF\" data-toggle=\"collapse\"><strong>No PAF a Administra\u00e7\u00e3o<br \/>\nP\u00fablica pode adotar medidas cautelares sem a manifesta\u00e7\u00e3o do<br \/>\ninteressado?<\/strong><\/a><\/div>\n<div id=\"collapse438\" class=\"collapse\" aria-labelledby=\"heading6\">\n<div class=\"accordion-body\">\n<p style=\"text-align: justify;\">Sim, em caso de risco iminente, a Administra\u00e7\u00e3o<br \/>\nP\u00fablica poder\u00e1 motivadamente adotar provid\u00eancias acauteladoras sem a<br \/>\npr\u00e9via manifesta\u00e7\u00e3o do fornecedor, nos moldes do art. 45 da Lei n\u00b0<br \/>\n13.800\/2001.<\/p>\n<\/div>\n<\/div>\n<\/div>\n<div id=\"ResponsabilizacaodeEntesPrivados_ProcessoAdministrativodeResponsabilizacaodeFornecedoresPAF\" class=\"accordion-group \" style=\"padding: 5px;\">\n<div id=\"heading439\" class=\"accordion-heading\"><a class=\"btn-link\" href=\"#collapse439\" data-parent=\"#accordionProcessoAdministrativodeResponsabilizacaodeFornecedoresPAF\" data-toggle=\"collapse\"><strong>O acesso aos autos do PAF poder\u00e1 ser<br \/>\nfranqueado a qualquer pessoa? Como o fornecedor ter\u00e1 acesso aos autos?<\/strong><\/a><\/div>\n<div id=\"collapse439\" class=\"collapse\" aria-labelledby=\"heading6\">\n<div class=\"accordion-body\">\n<p style=\"text-align: justify;\">N\u00e3o, somente o fornecedor, seu representante legal ou<br \/>\nadvogado legalmente constitu\u00eddo ter\u00e3o acesso aos autos. A comiss\u00e3o<br \/>\nprocessante conceder\u00e1 o acesso aos autos mediante o encaminhamento de link ao<br \/>\nendere\u00e7o eletr\u00f4nico do fornecedor, representante legal e respectivos<br \/>\nprocuradores. Vide art. 10, VIII, da <a href=\"https:\/\/www.controladoria.go.gov.br\/portal-das-corregedorias\/instru%C3%A7%C3%A3o-normativa-n%C2%B0-03-2021-cge.html\" target=\"_blank\" rel=\"noopener\">IN 003\/2021 \u2013 CGE<\/a>.<\/p>\n<\/div>\n<\/div>\n<\/div>\n<div id=\"ResponsabilizacaodeEntesPrivados_ProcessoAdministrativodeResponsabilizacaodeFornecedoresPAF\" class=\"accordion-group \" style=\"padding: 5px;\">\n<div id=\"heading440\" class=\"accordion-heading\"><a class=\"btn-link\" href=\"#collapse440\" data-parent=\"#accordionProcessoAdministrativodeResponsabilizacaodeFornecedoresPAF\" data-toggle=\"collapse\"><strong>O que deve conter no relat\u00f3rio final<br \/>\nda comiss\u00e3o processante do PAF?<\/strong><\/a><\/div>\n<div id=\"collapse440\" class=\"collapse\" aria-labelledby=\"heading6\">\n<div class=\"accordion-body\">\n<p style=\"text-align: justify;\">Vide art. 17 e seus incisos da <a href=\"https:\/\/www.controladoria.go.gov.br\/portal-das-corregedorias\/instru%C3%A7%C3%A3o-normativa-n%C2%B0-03-2021-cge.html\" target=\"_blank\" rel=\"noopener\">IN 003\/2021 \u2013 CGE<\/a>:<br \/>\n\u201cArt. 17 Decorrido o prazo para<br \/>\napresenta\u00e7\u00e3o das alega\u00e7\u00f5es finais), a comiss\u00e3o<br \/>\nprocessante elaborar\u00e1 o relat\u00f3rio final do PAF, no prazo de 15 (quinze) dias<br \/>\n\u00fateis, no qual dever\u00e3o constar:<br \/>\nI &#8211; as informa\u00e7\u00f5es sobre a instaura\u00e7\u00e3o do processo;<br \/>\nII &#8211; o conte\u00fado das fases do procedimento;<br \/>\nIII \u2013 o resumo das pe\u00e7as principais dos autos, com especifica\u00e7\u00e3o<br \/>\nobjetiva dos fatos apurados,das provas coletadas e dos fundamentos jur\u00eddicos;<br \/>\nIV \u2013 an\u00e1lise e considera\u00e7\u00e3o dos elementos probat\u00f3rios na<br \/>\nmotiva\u00e7\u00e3o;<br \/>\nV &#8211; a conclus\u00e3o sobre a inoc\u00eancia ou responsabilidade do fornecedor, com a<br \/>\nindica\u00e7\u00e3o do(s)dispositivo(s) legal(is) infringido(s);<br \/>\nVI \u2013 proposta de decis\u00e3o, objetivamente justificada com a an\u00e1lise dos<br \/>\nelementos f\u00e1ticos e jur\u00eddicos dos autos;<br \/>\nVII \u2013 se for o caso, sugest\u00e3o da aplica\u00e7\u00e3o das<br \/>\nsan\u00e7\u00f5es cab\u00edveis, considerando a natureza e a gravidade da<br \/>\ninfra\u00e7\u00e3o cometida, as peculiaridades do caso concreto, as circunst\u00e2ncias<br \/>\nagravantes e\/ou atenuantes e os danos que dela provierem para a Administra\u00e7\u00e3o<br \/>\nP\u00fablica;<br \/>\nVIII \u2013 a sugest\u00e3o de declara\u00e7\u00e3o da extin\u00e7\u00e3o da<br \/>\npunibilidade, se for o caso;<br \/>\nIX \u2013 a sugest\u00e3o de encaminhamento ao Minist\u00e9rio P\u00fablico e<br \/>\n\u00e0 delegacia especializada, havendo ind\u00edcios da pr\u00e1tica de crimes contra<br \/>\na administra\u00e7\u00e3o.\u201d<\/p>\n<\/div>\n<\/div>\n<\/div>\n<div id=\"ResponsabilizacaodeEntesPrivados_ProcessoAdministrativodeResponsabilizacaodeFornecedoresPAF\" class=\"accordion-group \" style=\"padding: 5px;\">\n<div id=\"heading441\" class=\"accordion-heading\"><a class=\"btn-link\" href=\"#collapse441\" data-parent=\"#accordionProcessoAdministrativodeResponsabilizacaodeFornecedoresPAF\" data-toggle=\"collapse\"><strong>Qual o prazo para comiss\u00e3o elaborar o<br \/>\nseu relat\u00f3rio final?<\/strong><\/a><\/div>\n<div id=\"collapse441\" class=\"collapse\" aria-labelledby=\"heading6\">\n<div class=\"accordion-body\">\n<p style=\"text-align: justify;\">A comiss\u00e3o designada, conclu\u00edda a<br \/>\ninstru\u00e7\u00e3o processual, elaborar\u00e1 o relat\u00f3rio final do PAF, no<br \/>\nprazo de 15 (quinze) dias \u00fateis, remetendo os autos para delibera\u00e7\u00e3o da<br \/>\nautoridade competente para aplicar a penalidade, por for\u00e7a do \u00a7 2\u00b0 do art.<br \/>\n79 da Lei n\u00b0 17.928\/2012, c\/c o art. 17, caput, da <a href=\"https:\/\/www.controladoria.go.gov.br\/portal-das-corregedorias\/instru%C3%A7%C3%A3o-normativa-n%C2%B0-03-2021-cge.html\" target=\"_blank\" rel=\"noopener\">IN 003\/2021 \u2013 CGE<\/a>.<\/p>\n<\/div>\n<\/div>\n<\/div>\n<div id=\"ResponsabilizacaodeEntesPrivados_ProcessoAdministrativodeResponsabilizacaodeFornecedoresPAF\" class=\"accordion-group \" style=\"padding: 5px;\">\n<div id=\"heading442\" class=\"accordion-heading\"><a class=\"btn-link\" href=\"#collapse442\" data-parent=\"#accordionProcessoAdministrativodeResponsabilizacaodeFornecedoresPAF\" data-toggle=\"collapse\"><strong>Antes da autoridade proferir sua<br \/>\ndecis\u00e3o, deve haver parecer jur\u00eddico?<\/strong><\/a><\/div>\n<div id=\"collapse442\" class=\"collapse\" aria-labelledby=\"heading6\">\n<div class=\"accordion-body\">\n<p style=\"text-align: justify;\">Sim. Conforme o \u00a7 2\u00b0 do art. 79 da Lei estadual n\u00b0<br \/>\n17.928\/2012, c\/c o art. 19, da IN 003\/2021 \u2013 CGE, antes da decis\u00e3o sobre o PAF<br \/>\nos autos ser\u00e3o encaminhados \u00e0 \u00e1rea jur\u00eddica do<br \/>\n\u00f3rg\u00e3o\/entidade para emitir parecer quanto \u00e0 legalidade do processo, no<br \/>\nprazo de 15 (quinze) dias \u00fateis. Vide art. 19 da <a href=\"https:\/\/www.controladoria.go.gov.br\/portal-das-corregedorias\/instru%C3%A7%C3%A3o-normativa-n%C2%B0-03-2021-cge.html\" target=\"_blank\" rel=\"noopener\">IN 003\/2021 \u2013 CGE<\/a>.<\/p>\n<\/div>\n<\/div>\n<\/div>\n<div id=\"ResponsabilizacaodeEntesPrivados_ProcessoAdministrativodeResponsabilizacaodeFornecedoresPAF\" class=\"accordion-group \" style=\"padding: 5px;\">\n<div id=\"heading448\" class=\"accordion-heading\"><a class=\"btn-link\" href=\"#collapse448\" data-parent=\"#accordionProcessoAdministrativodeResponsabilizacaodeFornecedoresPAF\" data-toggle=\"collapse\"><strong>Qual a autoridade competente para julgar o<br \/>\nPAF?<\/strong><\/a><\/div>\n<div id=\"collapse448\" class=\"collapse\" aria-labelledby=\"heading6\">\n<div class=\"accordion-body\">\n<p style=\"text-align: justify;\">&#8211; <u>Titular do \u00f3rg\u00e3o ou entidade, ou autoridade delegada<\/u>: se da decis\u00e3o resultar a aplica\u00e7\u00e3o da penalidade de advert\u00eancia, multa, suspens\u00e3o tempor\u00e1ria de participa\u00e7\u00e3o em licita\u00e7\u00e3o e impedimento de contratar com a Administra\u00e7\u00e3o P\u00fablica, e impedimento de licitar e contratar com a Administra\u00e7\u00e3o e descredenciamento o CADFOR (preg\u00e3o);<br \/>\n&#8211; <u>Exclusivamente, o titular do \u00f3rg\u00e3o ou entidade<\/u>: se da decis\u00e3o resultar a aplica\u00e7\u00e3o da penalidade de declara\u00e7\u00e3o de inidoneidade para licitar ou contratar com a Administra\u00e7\u00e3o P\u00fablica \u2013 Vide art. 22, \u00a7 1\u00ba, da <a href=\"https:\/\/www.controladoria.go.gov.br\/portal-das-corregedorias\/instru%C3%A7%C3%A3o-normativa-n%C2%B0-03-2021-cge.html\" target=\"_blank\" rel=\"noopener\">IN 003\/2021 \u2013 CGE<\/a>.<\/p>\n<\/div>\n<\/div>\n<\/div>\n<div id=\"ResponsabilizacaodeEntesPrivados_ProcessoAdministrativodeResponsabilizacaodeFornecedoresPAF\" class=\"accordion-group \" style=\"padding: 5px;\">\n<div id=\"heading443\" class=\"accordion-heading\"><a class=\"btn-link\" href=\"#collapse443\" data-parent=\"#accordionProcessoAdministrativodeResponsabilizacaodeFornecedoresPAF\" data-toggle=\"collapse\"><strong>A decis\u00e3o da autoridade competente no<br \/>\nPAF deve ser motivada?<\/strong><\/a><\/div>\n<div id=\"collapse443\" class=\"collapse\" aria-labelledby=\"heading6\">\n<div class=\"accordion-body\">\n<p style=\"text-align: justify;\">Sim. A autoridade competente expedir\u00e1 a decis\u00e3o<br \/>\ndevidamente motivada e dever\u00e1 conter:<br \/>\nI \u2013 o hist\u00f3rico do processo, a descri\u00e7\u00e3o objetiva dos fatos<br \/>\napurados e das provas coletadas;<br \/>\nII \u2013 a decis\u00e3o sobre a inoc\u00eancia ou a responsabilidade do fornecedor, com<br \/>\na indica\u00e7\u00e3o do(s) dispositivo(s) legal(is) infringido(s), bem como a<br \/>\nexposi\u00e7\u00e3o dos fundamentos f\u00e1ticos e jur\u00eddicos da<br \/>\nconvic\u00e7\u00e3o da autoridade;<br \/>\nIII \u2013 a (s) san\u00e7\u00e3o(\u00f5es) aplicada(s) ao fornecedor, em caso de<br \/>\nresponsabiliza\u00e7\u00e3o;<br \/>\nIV \u2013 no caso de condena\u00e7\u00e3o, se for o caso, o valor da<br \/>\nrepara\u00e7\u00e3o do dano causado ao er\u00e1rio;<br \/>\nV \u2013 a declara\u00e7\u00e3o da extin\u00e7\u00e3o da punibilidade, se for o<br \/>\ncaso;<br \/>\nVI \u2013 os encaminhamentos administrativos necess\u00e1rios \u00e0<br \/>\nexecu\u00e7\u00e3o da(s) penalidade(s);<br \/>\nVII \u2013 os encaminhamentos ao Minist\u00e9rio P\u00fablico e \u00e0 delegacia<br \/>\nespecializada, havendo ind\u00edcios da pr\u00e1tica de crimes contra a<br \/>\nadministra\u00e7\u00e3o. Vide art. 20 da <a href=\"https:\/\/www.controladoria.go.gov.br\/portal-das-corregedorias\/instru%C3%A7%C3%A3o-normativa-n%C2%B0-03-2021-cge.html\" target=\"_blank\" rel=\"noopener\">IN 003\/2021 \u2013 CGE<\/a>.<\/p>\n<\/div>\n<\/div>\n<\/div>\n<div id=\"ResponsabilizacaodeEntesPrivados_ProcessoAdministrativodeResponsabilizacaodeFornecedoresPAF\" class=\"accordion-group \" style=\"padding: 5px;\">\n<div id=\"heading444\" class=\"accordion-heading\"><a class=\"btn-link\" href=\"#collapse444\" data-parent=\"#accordionProcessoAdministrativodeResponsabilizacaodeFornecedoresPAF\" data-toggle=\"collapse\"><strong>Qual o prazo para autoridade competente proferir sua decis\u00e3o no PAF?<\/strong><\/a><\/div>\n<div id=\"collapse444\" class=\"collapse\" aria-labelledby=\"heading6\">\n<div class=\"accordion-body\">\n<p style=\"text-align: justify;\">Conclu\u00edda a instru\u00e7\u00e3o de processo<br \/>\nadministrativo, a autoridade competente tem o prazo de at\u00e9 30 (trinta) dias<br \/>\n\u00fateis para decidir, salvo prorroga\u00e7\u00e3o por igual per\u00edodo<br \/>\nexpressamente motivada. Vide art. 20 da <a href=\"https:\/\/www.controladoria.go.gov.br\/portal-das-corregedorias\/instru%C3%A7%C3%A3o-normativa-n%C2%B0-03-2021-cge.html\" target=\"_blank\" rel=\"noopener\">IN 003\/2021 \u2013 CGE<\/a>.<\/p>\n<\/div>\n<\/div>\n<\/div>\n<div id=\"ResponsabilizacaodeEntesPrivados_ProcessoAdministrativodeResponsabilizacaodeFornecedoresPAF\" class=\"accordion-group \" style=\"padding: 5px;\">\n<div id=\"heading467\" class=\"accordion-heading\"><a class=\"btn-link\" href=\"#collapse467\" data-parent=\"#accordionProcessoAdministrativodeResponsabilizacaodeFornecedoresPAF\" data-toggle=\"collapse\"><strong>Se a autoridade competente julgar<br \/>\nimprocedente os il\u00edcitos imputados ao fornecedor no PAF, quais medidas devem ser<br \/>\ntomadas?<\/strong><\/a><\/div>\n<div id=\"collapse467\" class=\"collapse\" aria-labelledby=\"heading6\">\n<div class=\"accordion-body\">\n<p style=\"text-align: justify;\">A decis\u00e3o deve ser publicada no Di\u00e1rio Oficial do<br \/>\nEstado, o fornecedor, seu representante legal e\/ou seu procurador constitu\u00eddo<br \/>\ndever\u00e3o ser intimados. Posteriormente, os autos do PAF ser\u00e3o arquivados.<\/p>\n<\/div>\n<\/div>\n<\/div>\n<div id=\"ResponsabilizacaodeEntesPrivados_ProcessoAdministrativodeResponsabilizacaodeFornecedoresPAF\" class=\"accordion-group \" style=\"padding: 5px;\">\n<div id=\"heading468\" class=\"accordion-heading\"><a class=\"btn-link\" href=\"#collapse468\" data-parent=\"#accordionProcessoAdministrativodeResponsabilizacaodeFornecedoresPAF\" data-toggle=\"collapse\"><strong>Se a autoridade competente julgar procedente os il\u00edcitos imputados ao fornecedor no PAF, quais medidas devem ser tomadas?<\/strong><\/a><\/div>\n<div id=\"collapse468\" class=\"collapse\" aria-labelledby=\"heading6\">\n<div class=\"accordion-body\">\n<p style=\"text-align: justify;\">A decis\u00e3o deve ser publicada no Di\u00e1rio Oficial do Estado, o fornecedor, seu representante legal e\/ou seu procurador constitu\u00eddo dever\u00e3o ser intimados, a partir de quando inicia o prazo para interposi\u00e7\u00e3o de recurso.<\/p>\n<\/div>\n<\/div>\n<\/div>\n<div id=\"ResponsabilizacaodeEntesPrivados_ProcessoAdministrativodeResponsabilizacaodeFornecedoresPAF\" class=\"accordion-group \" style=\"padding: 5px;\">\n<div id=\"heading445\" class=\"accordion-heading\"><a class=\"btn-link\" href=\"#collapse445\" data-parent=\"#accordionProcessoAdministrativodeResponsabilizacaodeFornecedoresPAF\" data-toggle=\"collapse\"><strong>Da decis\u00e3o proferida no PAF cabe qual<br \/>\nrecurso? Qual o prazo de interposi\u00e7\u00e3o? A quem ser\u00e1 dirigido? Qual o<br \/>\nencaminhamento?<\/strong><\/a><\/div>\n<div id=\"collapse445\" class=\"collapse\" aria-labelledby=\"heading6\">\n<div class=\"accordion-body\">\n<p style=\"text-align: justify;\">Sim. Para as san\u00e7\u00f5es de <strong>advert\u00eancia, multa,<br \/>\nsuspens\u00e3o tempor\u00e1ria de participar de licita\u00e7\u00e3o e impedimento de<br \/>\ncontratar com a administra\u00e7\u00e3o<\/strong> caber\u00e1 oposi\u00e7\u00e3o de<br \/>\n\u201cRECURSO\u201d, sendo que:<br \/>\n1) o prazo para oposi\u00e7\u00e3o do recurso ser\u00e1 de cinco dias \u00fateis,<br \/>\ncontados da data da intima\u00e7\u00e3o, sob pena de preclus\u00e3o;<br \/>\n2) o recurso dever\u00e1 ser <strong>dirigido \u00e0<\/strong> autoridade superior, por interm\u00e9dio<br \/>\nda autoridade julgadora;<br \/>\n3) a autoridade julgadora poder\u00e1, no prazo de cinco dias \u00fateis, <strong>reconsiderar<\/strong> a<br \/>\nsua decis\u00e3o ou, no caso de n\u00e3o reconsidera\u00e7\u00e3o ou<br \/>\nreconsidera\u00e7\u00e3o parcial, encaminhar os autos, devidamente informados, \u00e0<br \/>\nautoridade hierarquicamente superior, que <strong>julgar\u00e1<\/strong> o recurso, podendo resultar na<br \/>\nconfirma\u00e7\u00e3o ou modifica\u00e7\u00e3o da decis\u00e3o recorrida;<br \/>\n4) o extrato da decis\u00e3o do recurso ser\u00e1 <strong>publicado<\/strong> no di\u00e1rio oficial do<br \/>\nEstado<br \/>\n5) quando o recurso for decidido pelo Governador do Estado, a decis\u00e3o ser\u00e1<br \/>\nencaminhada ao \u00f3rg\u00e3o\/entidade de origem para intima\u00e7\u00e3o do<br \/>\nrecorrente e provid\u00eancias quanto ao cumprimento da san\u00e7\u00e3o, se for o<br \/>\ncaso. Vide art. 21 da <a href=\"https:\/\/www.controladoria.go.gov.br\/portal-das-corregedorias\/instru%C3%A7%C3%A3o-normativa-n%C2%B0-03-2021-cge.html\" target=\"_blank\" rel=\"noopener\">IN 003\/2021 \u2013 CGE<\/a>.<\/p>\n<\/div>\n<\/div>\n<\/div>\n<div id=\"ResponsabilizacaodeEntesPrivados_ProcessoAdministrativodeResponsabilizacaodeFornecedoresPAF\" class=\"accordion-group \" style=\"padding: 5px;\">\n<div id=\"heading446\" class=\"accordion-heading\"><a class=\"btn-link\" href=\"#collapse446\" data-parent=\"#accordionProcessoAdministrativodeResponsabilizacaodeFornecedoresPAF\" data-toggle=\"collapse\"><strong>Da decis\u00e3o proferida no PAF cabe<br \/>\npedido de reconsidera\u00e7\u00e3o? Qual o prazo de interposi\u00e7\u00e3o? A quem<br \/>\nser\u00e1 dirigido? Qual o encaminhamento?<\/strong><\/a><\/div>\n<div id=\"collapse446\" class=\"collapse\" aria-labelledby=\"heading6\">\n<div class=\"accordion-body\">\n<p style=\"text-align: justify;\">Sim. Para a san\u00e7\u00e3o de <strong>declara\u00e7\u00e3o de<br \/>\ninidoneidade para licitar ou contratar com a Administra\u00e7\u00e3o estadual<\/strong><br \/>\ncaber\u00e1 \u201cPEDIDO DE RECONSIDERA\u00c7\u00c3O\u201d, sendo que:<br \/>\n1) a compet\u00eancia para julgar este recurso ser\u00e1 <strong>exclusiva<\/strong> do Secret\u00e1rio<br \/>\nde Estado ou do Presidente de autarquia ou funda\u00e7\u00e3o;<br \/>\n2) o <strong>prazo<\/strong> para interpor o recurso ser\u00e1 de dez dias \u00fateis, contados da<br \/>\nintima\u00e7\u00e3o, sob pena de preclus\u00e3o;<br \/>\n3) n\u00e3o ser\u00e1 cab\u00edvel recurso da decis\u00e3o que indeferir o pedido de<br \/>\nreconsidera\u00e7\u00e3o de ato;<br \/>\n4) a decis\u00e3o que analisar o pedido de reconsidera\u00e7\u00e3o de ato<br \/>\ndever\u00e1 ser motivada e determinar, se for o caso, os encaminhamentos administrativos<br \/>\nnecess\u00e1rios \u00e0 execu\u00e7\u00e3o da(s) penalidade(s), bem como o<br \/>\nencaminhamento ao Minist\u00e9rio P\u00fablico e \u00e0 delegacia especializada, na<br \/>\nhip\u00f3tese de ind\u00edcios da pr\u00e1tica de crimes contra a<br \/>\nadministra\u00e7\u00e3o.<br \/>\n5) a decis\u00e3o ser\u00e1 <strong>publicada<\/strong> no di\u00e1rio oficial do Estado. Vide art. 22<br \/>\nda <a href=\"https:\/\/www.controladoria.go.gov.br\/portal-das-corregedorias\/instru%C3%A7%C3%A3o-normativa-n%C2%B0-03-2021-cge.html\" target=\"_blank\" rel=\"noopener\">IN 003\/2021 \u2013 CGE<\/a>.<\/p>\n<\/div>\n<\/div>\n<\/div>\n<div id=\"ResponsabilizacaodeEntesPrivados_ProcessoAdministrativodeResponsabilizacaodeFornecedoresPAF\" class=\"accordion-group \" style=\"padding: 5px;\">\n<div id=\"heading450\" class=\"accordion-heading\"><a class=\"btn-link\" href=\"#collapse450\" data-parent=\"#accordionProcessoAdministrativodeResponsabilizacaodeFornecedoresPAF\" data-toggle=\"collapse\"><strong>O que \u00e9 avoca\u00e7\u00e3o? A CGE<br \/>\npoder\u00e1 avocar PAFs?<\/strong><\/a><\/div>\n<div id=\"collapse450\" class=\"collapse\" aria-labelledby=\"heading6\">\n<div class=\"accordion-body\">\n<p style=\"text-align: justify;\">Trata-se de ato administrativo em que uma autoridade chama para<br \/>\nsi, de forma tempor\u00e1ria e excepcional, a compet\u00eancia atribu\u00edda a outra<br \/>\nautoridade. A CGE, como \u00f3rg\u00e3o central do sistema de correi\u00e7\u00e3o,<br \/>\npoder\u00e1 avocar PAFs em qualquer fase, preenchidos os requisitos previstos no inciso V,<br \/>\ndo art. 3\u00ba, do Decreto 9.572\/2019, a saber:<br \/>\nV &#8211; avocar procedimento correcional em raz\u00e3o:<br \/>\na) da inexist\u00eancia de condi\u00e7\u00f5es objetivas para sua<br \/>\nrealiza\u00e7\u00e3o no \u00f3rg\u00e3o, na autarquia ou na funda\u00e7\u00e3o<br \/>\nde origem;<br \/>\nb) da complexidade e da relev\u00e2ncia da mat\u00e9ria;<br \/>\nc) da autoridade envolvida;<br \/>\nd) do envolvimento de servidores de mais de um \u00f3rg\u00e3o ou uma entidade;<br \/>\ne) da omiss\u00e3o da autoridade respons\u00e1vel;<br \/>\nf) dos recursos financeiros envolvidos; e\/ou<br \/>\ng) da alta potencialidade de preju\u00edzos ao er\u00e1rio.<\/p>\n<\/div>\n<\/div>\n<\/div>\n<div id=\"ResponsabilizacaodeEntesPrivados_ProcessoAdministrativodeResponsabilizacaodeFornecedoresPAF\" class=\"accordion-group \" style=\"padding: 5px;\">\n<div id=\"heading453\" class=\"accordion-heading\"><a class=\"btn-link\" href=\"#collapse453\" data-parent=\"#accordionProcessoAdministrativodeResponsabilizacaodeFornecedoresPAF\" data-toggle=\"collapse\"><strong>O recurso interposto em face de<br \/>\ndecis\u00e3o condenat\u00f3ria proferida no PAF ter\u00e1 efeito<br \/>\nsuspensivo?<\/strong><\/a><\/div>\n<div id=\"collapse453\" class=\"collapse\" aria-labelledby=\"heading6\">\n<div class=\"accordion-body\">\n<p style=\"text-align: justify;\">Tanto a interposi\u00e7\u00e3o do recurso quanto a do pedido<br \/>\nde reconsidera\u00e7\u00e3o n\u00e3o conferem efeito suspensivo aos referidos atos<br \/>\nprocessuais, conforme apreendido do \u00a7 2\u00ba do art. 109, da Lei Federal n\u00ba<br \/>\n8.666\/93. Entretanto, a autoridade julgadora poder\u00e1 atribuir efeito suspensivo ao<br \/>\nrecurso e ao pedido de reconsidera\u00e7\u00e3o de ato at\u00e9 que sobrevenha<br \/>\ndecis\u00e3o final. Vide art. 23, da <a href=\"https:\/\/www.controladoria.go.gov.br\/portal-das-corregedorias\/instru%C3%A7%C3%A3o-normativa-n%C2%B0-03-2021-cge.html\" target=\"_blank\" rel=\"noopener\">IN 003\/2021 \u2013 CGE<\/a>.<\/p>\n<\/div>\n<\/div>\n<\/div>\n<div id=\"ResponsabilizacaodeEntesPrivados_ProcessoAdministrativodeResponsabilizacaodeFornecedoresPAF\" class=\"accordion-group \" style=\"padding: 5px;\">\n<div id=\"heading454\" class=\"accordion-heading\"><a class=\"btn-link\" href=\"#collapse454\" data-parent=\"#accordionProcessoAdministrativodeResponsabilizacaodeFornecedoresPAF\" data-toggle=\"collapse\"><strong>Se n\u00e3o for atribu\u00eddo o efeito<br \/>\nsuspensivo, a decis\u00e3o poder\u00e1 ser executada ap\u00f3s sua<br \/>\npublica\u00e7\u00e3o?<\/strong><\/a><\/div>\n<div id=\"collapse454\" class=\"collapse\" aria-labelledby=\"heading6\">\n<div class=\"accordion-body\">\n<p style=\"text-align: justify;\">Sim, a decis\u00e3o poder\u00e1 ser executada ap\u00f3s a<br \/>\npublica\u00e7\u00e3o, se n\u00e3o for atribu\u00eddo o efeito suspensivo ao recurso<br \/>\nou ao pedido de reconsidera\u00e7\u00e3o.<\/p>\n<\/div>\n<\/div>\n<\/div>\n<div id=\"ResponsabilizacaodeEntesPrivados_ProcessoAdministrativodeResponsabilizacaodeFornecedoresPAF\" class=\"accordion-group \" style=\"padding: 5px;\">\n<div id=\"heading455\" class=\"accordion-heading\"><a class=\"btn-link\" href=\"#collapse455\" data-parent=\"#accordionProcessoAdministrativodeResponsabilizacaodeFornecedoresPAF\" data-toggle=\"collapse\"><strong>Qual a consequ\u00eancia se o fornecedor for<br \/>\nreincidente na san\u00e7\u00e3o de advert\u00eancia prevista no inciso I do art. 87 da<br \/>\nLei n\u00b0 8.666\/93?<\/strong><\/a><\/div>\n<div id=\"collapse455\" class=\"collapse\" aria-labelledby=\"heading6\">\n<div class=\"accordion-body\">\n<p style=\"text-align: justify;\">Nos termos da al\u00ednea &#8216;a&#8217; do inciso I do art. 81<br \/>\nda Lei n\u00b0 17.928\/2012, a suspens\u00e3o de participa\u00e7\u00e3o em<br \/>\nlicita\u00e7\u00e3o e o impedimento de contratar com a Administra\u00e7\u00e3o<br \/>\ndever\u00e3o ser graduados pelos seguintes prazos: I \u2013 6 (seis) meses, nos casos de:<br \/>\na) aplica\u00e7\u00e3o de duas penas de advert\u00eancia, no prazo de 12 (doze) meses,<br \/>\nsem que o fornecedor tenha adotado as medidas corretivas no prazo determinado pela<br \/>\nAdministra\u00e7\u00e3o;<\/p>\n<\/div>\n<\/div>\n<\/div>\n<\/div>\n<\/div>\n<\/div>\n<p>{loadmodule 190}<\/p>\n","protected":false},"excerpt":{"rendered":"<p>Fa\u00e7a a sua pesquisa por palavra-chave Limpar Quais s\u00e3o os il\u00edcitos administrativos considerados na Lei estadual n\u00ba 17.928\/2012? Conforme o art. 77 da Lei estadual n\u00b0 17.928\/12, constituem il\u00edcitos administrativos, a serem considerados em todas as modalidades licitat\u00f3rias, sem preju\u00edzo das san\u00e7\u00f5es penais cab\u00edveis, al\u00e9m da pr\u00e1tica dos atos previstos nos arts. 81, 86, 87 [&hellip;]<\/p>\n","protected":false},"author":13,"featured_media":0,"comment_status":"closed","ping_status":"open","sticky":false,"template":"","format":"standard","meta":{"footnotes":""},"categories":[53],"tags":[],"class_list":["post-8723","post","type-post","status-publish","format-standard","hentry","category-responsabilizacao-de-entes-privados"],"rttpg_featured_image_url":null,"rttpg_author":{"display_name":"juniorcosta","author_link":"https:\/\/goias.gov.br\/controladoria\/author\/juniorcosta\/"},"rttpg_comment":0,"rttpg_category":"<a href=\"https:\/\/goias.gov.br\/controladoria\/categoria\/portal-corregedoria\/saiba-mais-sobre-a-atividade-correcional\/responsabilizacao-de-entes-privados\/\" rel=\"category tag\">Responsabiliza\u00e7\u00e3o de Entes Privados<\/a>","rttpg_excerpt":"Fa\u00e7a a sua pesquisa por palavra-chave Limpar Quais s\u00e3o os il\u00edcitos administrativos considerados na Lei estadual n\u00ba 17.928\/2012? Conforme o art. 77 da Lei estadual n\u00b0 17.928\/12, constituem il\u00edcitos administrativos, a serem considerados em todas as modalidades licitat\u00f3rias, sem preju\u00edzo das san\u00e7\u00f5es penais cab\u00edveis, al\u00e9m da pr\u00e1tica dos atos previstos nos arts. 81, 86, 87&hellip;","_links":{"self":[{"href":"https:\/\/goias.gov.br\/controladoria\/wp-json\/wp\/v2\/posts\/8723","targetHints":{"allow":["GET"]}}],"collection":[{"href":"https:\/\/goias.gov.br\/controladoria\/wp-json\/wp\/v2\/posts"}],"about":[{"href":"https:\/\/goias.gov.br\/controladoria\/wp-json\/wp\/v2\/types\/post"}],"author":[{"embeddable":true,"href":"https:\/\/goias.gov.br\/controladoria\/wp-json\/wp\/v2\/users\/13"}],"replies":[{"embeddable":true,"href":"https:\/\/goias.gov.br\/controladoria\/wp-json\/wp\/v2\/comments?post=8723"}],"version-history":[{"count":1,"href":"https:\/\/goias.gov.br\/controladoria\/wp-json\/wp\/v2\/posts\/8723\/revisions"}],"predecessor-version":[{"id":19920,"href":"https:\/\/goias.gov.br\/controladoria\/wp-json\/wp\/v2\/posts\/8723\/revisions\/19920"}],"wp:attachment":[{"href":"https:\/\/goias.gov.br\/controladoria\/wp-json\/wp\/v2\/media?parent=8723"}],"wp:term":[{"taxonomy":"category","embeddable":true,"href":"https:\/\/goias.gov.br\/controladoria\/wp-json\/wp\/v2\/categories?post=8723"},{"taxonomy":"post_tag","embeddable":true,"href":"https:\/\/goias.gov.br\/controladoria\/wp-json\/wp\/v2\/tags?post=8723"}],"curies":[{"name":"wp","href":"https:\/\/api.w.org\/{rel}","templated":true}]}}