

{"id":8463,"date":"2020-11-10T11:13:35","date_gmt":"2020-11-10T14:13:35","guid":{"rendered":"https:\/\/siteshom.goias.gov.br\/controladoria\/ser-etico-exercita-o-espirito\/"},"modified":"2020-11-10T11:13:35","modified_gmt":"2020-11-10T14:13:35","slug":"ser-etico-exercita-o-espirito","status":"publish","type":"post","link":"https:\/\/goias.gov.br\/controladoria\/ser-etico-exercita-o-espirito\/","title":{"rendered":"Ser \u00e9tico exercita o esp\u00edrito"},"content":{"rendered":"<p><em><strong>Por Ricardo Santana*<\/strong><\/em><\/p>\n<p>\u201cSer \u00e9tico exercita o esp\u00edrito. Zelar pela conviv\u00eancia pressup\u00f5e frear impulsos individualistas em prol do bem coletivo\u201d \u2013 Cl\u00f3vis de Barros Filho. Quem acompanha as redes sociais dos \u00f3rg\u00e3os que integram o governo de Goi\u00e1s deve ter notado que \u00e9tica \u00e9 um dos temas que rotineiramente aparecem nas timelines. Essa \u00e9 uma a\u00e7\u00e3o coordenada que faz parte de um conjunto maior, capitaneado pelo governador Ronaldo Caiado por meio do Programa de Compliance P\u00fablico de Goi\u00e1s (PCP), o mais amplo programa de integridade do Poder Executivo entre os estados brasileiros, que tem como primeiro eixo a estrutura\u00e7\u00e3o das regras e dos instrumentos referentes aos padr\u00f5es de \u00e9tica e de conduta dos servidores p\u00fablicos.<\/p>\n<p>Todas as pastas estaduais t\u00eam implantado o PCP e passaram a discutir e disseminar conceitos de \u00e9tica entre seus servidores. Como afirma o professor Cl\u00f3vis de Barros na cita\u00e7\u00e3o que inicia este texto, a \u00e9tica pressup\u00f5e que nossos bons valores prevale\u00e7am e sejam usados em favor do coletivo, da sociedade. E a fun\u00e7\u00e3o primordial do servidor p\u00fablico \u00e9 justamente trabalhar para que o estado ofere\u00e7a l\u00e1 na ponta servi\u00e7os de qualidade ao cidad\u00e3o, da\u00ed a import\u00e2ncia de se fomentar os padr\u00f5es de \u00e9tica e conduta.<\/p>\n<p>Para al\u00e9m da discuss\u00e3o nas redes sociais, o governo de Goi\u00e1s instituiu uma disputa saud\u00e1vel entre seus diversos \u00f3rg\u00e3os, com a realiza\u00e7\u00e3o do Ranking anual do PCP, em que s\u00e3o promovidas diversas a\u00e7\u00f5es voltadas \u00e0 dissemina\u00e7\u00e3o da \u00e9tica, al\u00e9m dos demais eixos do programa (transpar\u00eancia, responsabiliza\u00e7\u00e3o e gest\u00e3o de riscos). Dessa forma, contam pontos a capacita\u00e7\u00e3o de servidores no curso de \u00e9tica oferecido pela Escola de Governo, que durante a pandemia foi formatado em EAD.<\/p>\n<p>Tamb\u00e9m devem replicar internamente o conhecimento em \u00e9tica, na qual cada pasta precisa realizar com seus servidores pelo menos tr\u00eas eventos sobre \u00e9tica por ano. Devem ainda organizar divulga\u00e7\u00f5es semanais de material sobre \u00e9tica em forma de mat\u00e9rias, mensagens, notas e outras, por meio de intranet e dos e-mails funcionais.\u00a0<\/p>\n<p>Durante este m\u00eas, a Controladoria-Geral do Estado (CGE), que coordena o PCP e o ranking, est\u00e1 aplicando um question\u00e1rio sobre \u00e9tica para todos os servidores, por meio do qual ser\u00e1 avaliado o grau de internaliza\u00e7\u00e3o do tema. Para pontua\u00e7\u00e3o, ser\u00e1 considerado o n\u00famero de servidores que responderam o question\u00e1rio em rela\u00e7\u00e3o ao n\u00famero total de servidores da pasta.<\/p>\n<p>Sob coordena\u00e7\u00e3o da CGE e com participa\u00e7\u00e3o da Procuradoria-Geral do Estado e da Secretaria Geral do Governo, est\u00e1 em fase final o novo C\u00f3digo de \u00c9tica e de Conduta Profissional do servidor da administra\u00e7\u00e3o p\u00fablica direta, aut\u00e1rquica e fundacional do Poder Executivo Estadual. Esse c\u00f3digo de \u00e9tica foi elaborado com respaldo da participa\u00e7\u00e3o popular, por meio de uma consulta p\u00fablica realizada na internet desde novembro de 2019.\u00a0<\/p>\n<p>Al\u00e9m dessa inova\u00e7\u00e3o, o c\u00f3digo deixar\u00e1 de lado o modelo mais tradicional, em que se enumeram condutas reprov\u00e1veis, e exibir\u00e1 uma fei\u00e7\u00e3o propositiva, buscando incutir no servidor p\u00fablico de Goi\u00e1s um conjunto de valores e comportamentos que s\u00e3o importantes para o governo e, principalmente, para a popula\u00e7\u00e3o.<\/p>\n<p><strong>*Ricardo Gon\u00e7alves Santana \u00e9 servidor efetivo e chefe da Comunica\u00e7\u00e3o Setorial da Controladoria-Geral do Estado de Goi\u00e1s.<\/strong>\u00a0<\/p>\n<div id=\"icpbravoaccess_loaded\">\u00a0<\/div>\n","protected":false},"excerpt":{"rendered":"<p>Por Ricardo Santana* \u201cSer \u00e9tico exercita o esp\u00edrito. Zelar pela conviv\u00eancia pressup\u00f5e frear impulsos individualistas em prol do bem coletivo\u201d \u2013 Cl\u00f3vis de Barros Filho. Quem acompanha as redes sociais dos \u00f3rg\u00e3os que integram o governo de Goi\u00e1s deve ter notado que \u00e9tica \u00e9 um dos temas que rotineiramente aparecem nas timelines. Essa \u00e9 uma [&hellip;]<\/p>\n","protected":false},"author":7,"featured_media":8328,"comment_status":"closed","ping_status":"open","sticky":false,"template":"","format":"standard","meta":{"footnotes":""},"categories":[30],"tags":[],"class_list":["post-8463","post","type-post","status-publish","format-standard","has-post-thumbnail","hentry","category-noticias"],"rttpg_featured_image_url":{"full":["https:\/\/goias.gov.br\/controladoria\/wp-content\/uploads\/sites\/31\/2020\/08\/Artigo_geral-ea5.png",1026,790,false],"landscape":["https:\/\/goias.gov.br\/controladoria\/wp-content\/uploads\/sites\/31\/2020\/08\/Artigo_geral-ea5.png",1026,790,false],"portraits":["https:\/\/goias.gov.br\/controladoria\/wp-content\/uploads\/sites\/31\/2020\/08\/Artigo_geral-ea5.png",1026,790,false],"thumbnail":["https:\/\/goias.gov.br\/controladoria\/wp-content\/uploads\/sites\/31\/2020\/08\/Artigo_geral-ea5-150x150.png",150,150,true],"medium":["https:\/\/goias.gov.br\/controladoria\/wp-content\/uploads\/sites\/31\/2020\/08\/Artigo_geral-ea5-300x231.png",300,231,true],"large":["https:\/\/goias.gov.br\/controladoria\/wp-content\/uploads\/sites\/31\/2020\/08\/Artigo_geral-ea5-1024x788.png",1024,788,true],"1536x1536":["https:\/\/goias.gov.br\/controladoria\/wp-content\/uploads\/sites\/31\/2020\/08\/Artigo_geral-ea5.png",1026,790,false],"2048x2048":["https:\/\/goias.gov.br\/controladoria\/wp-content\/uploads\/sites\/31\/2020\/08\/Artigo_geral-ea5.png",1026,790,false]},"rttpg_author":{"display_name":"gustavogoncalves","author_link":"https:\/\/goias.gov.br\/controladoria\/author\/gustavogoncalves\/"},"rttpg_comment":0,"rttpg_category":"<a href=\"https:\/\/goias.gov.br\/controladoria\/categoria\/noticias\/\" rel=\"category tag\">Not\u00edcias<\/a>","rttpg_excerpt":"Por Ricardo Santana* \u201cSer \u00e9tico exercita o esp\u00edrito. Zelar pela conviv\u00eancia pressup\u00f5e frear impulsos individualistas em prol do bem coletivo\u201d \u2013 Cl\u00f3vis de Barros Filho. Quem acompanha as redes sociais dos \u00f3rg\u00e3os que integram o governo de Goi\u00e1s deve ter notado que \u00e9tica \u00e9 um dos temas que rotineiramente aparecem nas timelines. Essa \u00e9 uma&hellip;","_links":{"self":[{"href":"https:\/\/goias.gov.br\/controladoria\/wp-json\/wp\/v2\/posts\/8463","targetHints":{"allow":["GET"]}}],"collection":[{"href":"https:\/\/goias.gov.br\/controladoria\/wp-json\/wp\/v2\/posts"}],"about":[{"href":"https:\/\/goias.gov.br\/controladoria\/wp-json\/wp\/v2\/types\/post"}],"author":[{"embeddable":true,"href":"https:\/\/goias.gov.br\/controladoria\/wp-json\/wp\/v2\/users\/7"}],"replies":[{"embeddable":true,"href":"https:\/\/goias.gov.br\/controladoria\/wp-json\/wp\/v2\/comments?post=8463"}],"version-history":[{"count":0,"href":"https:\/\/goias.gov.br\/controladoria\/wp-json\/wp\/v2\/posts\/8463\/revisions"}],"wp:featuredmedia":[{"embeddable":true,"href":"https:\/\/goias.gov.br\/controladoria\/wp-json\/wp\/v2\/media\/8328"}],"wp:attachment":[{"href":"https:\/\/goias.gov.br\/controladoria\/wp-json\/wp\/v2\/media?parent=8463"}],"wp:term":[{"taxonomy":"category","embeddable":true,"href":"https:\/\/goias.gov.br\/controladoria\/wp-json\/wp\/v2\/categories?post=8463"},{"taxonomy":"post_tag","embeddable":true,"href":"https:\/\/goias.gov.br\/controladoria\/wp-json\/wp\/v2\/tags?post=8463"}],"curies":[{"name":"wp","href":"https:\/\/api.w.org\/{rel}","templated":true}]}}