

{"id":7757,"date":"2019-11-14T10:19:00","date_gmt":"2019-11-14T13:19:00","guid":{"rendered":"https:\/\/siteshom.goias.gov.br\/controladoria\/conselho-de-transparencia-e-combate-a-corrupcao-realiza-ultima-reuniao-do-ano\/"},"modified":"2019-11-14T10:19:00","modified_gmt":"2019-11-14T13:19:00","slug":"conselho-de-transparencia-e-combate-a-corrupcao-realiza-ultima-reuniao-do-ano","status":"publish","type":"post","link":"https:\/\/goias.gov.br\/controladoria\/conselho-de-transparencia-e-combate-a-corrupcao-realiza-ultima-reuniao-do-ano\/","title":{"rendered":"Conselho de Transpar\u00eancia e Combate \u00e0 Corrup\u00e7\u00e3o realiza reuni\u00e3o"},"content":{"rendered":"<p><img fetchpriority=\"high\" decoding=\"async\" class=\" size-full wp-image-7756\" src=\"https:\/\/goias.gov.br\/controladoria\/wp-content\/uploads\/sites\/31\/2019\/11\/reuniao2-7db.jpg\" alt=\"\" width=\"1280\" height=\"720\" srcset=\"https:\/\/goias.gov.br\/controladoria\/wp-content\/uploads\/sites\/31\/2019\/11\/reuniao2-7db.jpg 1280w, https:\/\/goias.gov.br\/controladoria\/wp-content\/uploads\/sites\/31\/2019\/11\/reuniao2-7db-300x169.jpg 300w, https:\/\/goias.gov.br\/controladoria\/wp-content\/uploads\/sites\/31\/2019\/11\/reuniao2-7db-1024x576.jpg 1024w, https:\/\/goias.gov.br\/controladoria\/wp-content\/uploads\/sites\/31\/2019\/11\/reuniao2-7db-768x432.jpg 768w\" sizes=\"(max-width: 1280px) 100vw, 1280px\" \/><\/p>\n<h2><strong><span style=\"font-size: 14pt; line-height: 115%;\"><\/span><\/strong><\/h2>\n<p>Na tarde dessa quarta-feira, 13\/11, ocorreu mais uma reuni&atilde;o ordin&aacute;ria do Conselho Estadual de Transpar&ecirc;ncia P&uacute;blica e Combate &agrave; Corrup&ccedil;&atilde;o. Presidida pelo subcontrolador de Controle Interno e Correi&ccedil;&atilde;o da Controladoria-Geral do Estado, Marcos Tadeu de Andrade, a reuni&atilde;o teve como <strong>pauta a organiza&ccedil;&atilde;o da Semana Internacional de Combate &agrave; Corrup&ccedil;&atilde;o, em dezembro, e o demonstrativo parcial dos resultados do Projeto Estudantes de Atitude<\/strong>.<\/p>\n<p>&nbsp;<\/p>\n<h4><strong>O Conselho<\/strong><\/h4>\n<p>Participaram da reuni&atilde;o representantes das entidades do poder p&uacute;blico e da sociedade civil que integram o &oacute;rg&atilde;o colegiado. O Conselho tem por finalidade sugerir e debater medidas de aperfei&ccedil;oamento da transpar&ecirc;ncia na gest&atilde;o da administra&ccedil;&atilde;o p&uacute;blica estadual, bem como estrat&eacute;gias de combate &agrave; corrup&ccedil;&atilde;o e &agrave; impunidade.<\/p>\n<h4><strong>Composi&ccedil;&atilde;o<\/strong><\/h4>\n<p>Comp&otilde;em o Conselho de Transpar&ecirc;ncia as seguintes institui&ccedil;&otilde;es: Controladoria-Geral do Estado de Goi&aacute;s; Secretaria de Estado da Casa Civil; Secretaria de Estado da Economia; Secretaria de Estado da Administra&ccedil;&atilde;o; Procuradoria-Geral do Estado; Minist&eacute;rio P&uacute;blico Estadual; Tribunal de Contas dos Munic&iacute;pios; Associa&ccedil;&atilde;o Goiana de Imprensa e F&oacute;rum Goiano de Combate &agrave; Corrup&ccedil;&atilde;o.<\/p>\n<p>Tamb&eacute;m integram o Conselho a Ordem dos Advogados do Brasil &ndash; Se&ccedil;&atilde;o Goi&aacute;s; F&oacute;rum Empresarial; F&oacute;rum das Universidades Privadas; Universidade Federal de Goi&aacute;s; Universidade Estadual de Goi&aacute;s; F&oacute;rum em Defesa dos Servidores e Servi&ccedil;os P&uacute;blicos de Goi&aacute;s; Sindicato dos Gestores Governamentais do Estado de Goi&aacute;s; Comit&ecirc; para Democratiza&ccedil;&atilde;o da Inform&aacute;tica; Grande Loja Ma&ccedil;&ocirc;nica do Estado de Goi&aacute;s e Conselho de Desenvolvimento Econ&ocirc;mico e Social de Goi&acirc;nia.<\/p>\n","protected":false},"excerpt":{"rendered":"<p>Na tarde dessa quarta-feira, 13\/11, ocorreu mais uma reuni&atilde;o ordin&aacute;ria do Conselho Estadual de Transpar&ecirc;ncia P&uacute;blica e Combate &agrave; Corrup&ccedil;&atilde;o. Presidida pelo subcontrolador de Controle Interno e Correi&ccedil;&atilde;o da Controladoria-Geral do Estado, Marcos Tadeu de Andrade, a reuni&atilde;o teve como pauta a organiza&ccedil;&atilde;o da Semana Internacional de Combate &agrave; Corrup&ccedil;&atilde;o, em dezembro, e o demonstrativo [&hellip;]<\/p>\n","protected":false},"author":54,"featured_media":7755,"comment_status":"closed","ping_status":"open","sticky":false,"template":"","format":"standard","meta":{"footnotes":""},"categories":[30],"tags":[],"class_list":["post-7757","post","type-post","status-publish","format-standard","has-post-thumbnail","hentry","category-noticias"],"rttpg_featured_image_url":{"full":["https:\/\/goias.gov.br\/controladoria\/wp-content\/uploads\/sites\/31\/2019\/11\/reuniao1-3a1.jpg",1280,960,false],"landscape":["https:\/\/goias.gov.br\/controladoria\/wp-content\/uploads\/sites\/31\/2019\/11\/reuniao1-3a1.jpg",1280,960,false],"portraits":["https:\/\/goias.gov.br\/controladoria\/wp-content\/uploads\/sites\/31\/2019\/11\/reuniao1-3a1.jpg",1280,960,false],"thumbnail":["https:\/\/goias.gov.br\/controladoria\/wp-content\/uploads\/sites\/31\/2019\/11\/reuniao1-3a1-150x150.jpg",150,150,true],"medium":["https:\/\/goias.gov.br\/controladoria\/wp-content\/uploads\/sites\/31\/2019\/11\/reuniao1-3a1-300x225.jpg",300,225,true],"large":["https:\/\/goias.gov.br\/controladoria\/wp-content\/uploads\/sites\/31\/2019\/11\/reuniao1-3a1-1024x768.jpg",1024,768,true],"1536x1536":["https:\/\/goias.gov.br\/controladoria\/wp-content\/uploads\/sites\/31\/2019\/11\/reuniao1-3a1.jpg",1280,960,false],"2048x2048":["https:\/\/goias.gov.br\/controladoria\/wp-content\/uploads\/sites\/31\/2019\/11\/reuniao1-3a1.jpg",1280,960,false]},"rttpg_author":{"display_name":"hosanagodoy","author_link":"https:\/\/goias.gov.br\/controladoria\/author\/hosanagodoy\/"},"rttpg_comment":0,"rttpg_category":"<a href=\"https:\/\/goias.gov.br\/controladoria\/categoria\/noticias\/\" rel=\"category tag\">Not\u00edcias<\/a>","rttpg_excerpt":"Na tarde dessa quarta-feira, 13\/11, ocorreu mais uma reuni&atilde;o ordin&aacute;ria do Conselho Estadual de Transpar&ecirc;ncia P&uacute;blica e Combate &agrave; Corrup&ccedil;&atilde;o. Presidida pelo subcontrolador de Controle Interno e Correi&ccedil;&atilde;o da Controladoria-Geral do Estado, Marcos Tadeu de Andrade, a reuni&atilde;o teve como pauta a organiza&ccedil;&atilde;o da Semana Internacional de Combate &agrave; Corrup&ccedil;&atilde;o, em dezembro, e o demonstrativo&hellip;","_links":{"self":[{"href":"https:\/\/goias.gov.br\/controladoria\/wp-json\/wp\/v2\/posts\/7757","targetHints":{"allow":["GET"]}}],"collection":[{"href":"https:\/\/goias.gov.br\/controladoria\/wp-json\/wp\/v2\/posts"}],"about":[{"href":"https:\/\/goias.gov.br\/controladoria\/wp-json\/wp\/v2\/types\/post"}],"author":[{"embeddable":true,"href":"https:\/\/goias.gov.br\/controladoria\/wp-json\/wp\/v2\/users\/54"}],"replies":[{"embeddable":true,"href":"https:\/\/goias.gov.br\/controladoria\/wp-json\/wp\/v2\/comments?post=7757"}],"version-history":[{"count":0,"href":"https:\/\/goias.gov.br\/controladoria\/wp-json\/wp\/v2\/posts\/7757\/revisions"}],"wp:featuredmedia":[{"embeddable":true,"href":"https:\/\/goias.gov.br\/controladoria\/wp-json\/wp\/v2\/media\/7755"}],"wp:attachment":[{"href":"https:\/\/goias.gov.br\/controladoria\/wp-json\/wp\/v2\/media?parent=7757"}],"wp:term":[{"taxonomy":"category","embeddable":true,"href":"https:\/\/goias.gov.br\/controladoria\/wp-json\/wp\/v2\/categories?post=7757"},{"taxonomy":"post_tag","embeddable":true,"href":"https:\/\/goias.gov.br\/controladoria\/wp-json\/wp\/v2\/tags?post=7757"}],"curies":[{"name":"wp","href":"https:\/\/api.w.org\/{rel}","templated":true}]}}