

{"id":767,"date":"2016-08-22T05:14:27","date_gmt":"2016-08-22T08:14:27","guid":{"rendered":"https:\/\/siteshom.goias.gov.br\/controladoria\/15032-2\/"},"modified":"2016-08-22T05:14:27","modified_gmt":"2016-08-22T08:14:27","slug":"15032-2","status":"publish","type":"post","link":"https:\/\/goias.gov.br\/controladoria\/15032-2\/","title":{"rendered":"&#8220;Credeq oferece tratamento de primeiro mundo e j\u00e1 \u00e9 modelo para o Brasil&#8221;, diz Associa\u00e7\u00e3o Brasileira de Psiquiatria"},"content":{"rendered":"<p>\n<!--more--><\/p>\n<p>\u00c0 medida em que avan\u00e7a no tratamento de dependentes qu\u00edmicos, o Centro de Refer\u00eancia e Excel\u00eancia em Depend\u00eancia Qu\u00edmica (Credeq) vai conquistando respeitabilidade e o aval dos profissionais e das institui\u00e7\u00f5es do setor.\u00a0O presidente da Associa\u00e7\u00e3o Brasileira de Psiquiatria (ABP), Ant\u00f4nio Geraldo da Silva, afirmou \u00a0que Credeq Jamil Issy, inaugurado pelo governador Marconi Perillo h\u00e1 dois meses em Aparecida de Goi\u00e2nia, deve se tornar refer\u00eancia para o Brasil.<\/p>\n<p>A avalia\u00e7\u00e3o foi feita durante visita \u00e0 institui\u00e7\u00e3o, em Aparecida de Goi\u00e2nia, na companhia do conselheiro federal de Medicina, Salom\u00e3o Rodrigues Filho, no \u00faltimo dia 12. \u201cEstamos falando de um servi\u00e7o de primeiro mundo\u201d, avaliou.\u00a0Ant\u00f4nio Geraldo, que estava em Goi\u00e2nia para participar da 12.\u00aa Jornada de Psiquiatria realizada pelo Conselho Regional de Medicina de Goi\u00e1s (Cremego), disse que a proposta do Credeq est\u00e1 alinhada ao que estudos cient\u00edficos mais modernos prop\u00f5em para a \u00e1rea.<\/p>\n<p>\u201cO Credeq \u00e9 ci\u00eancia pura. \u00c9 colocar na pr\u00e1tica o que \u00e9 determinado pelos estudos cient\u00edficos. \u00c9 por isso que tem de se tornar modelo para o Brasil. \u00c9 importante que seja entendido e valorizado como deve ser\u201d, destacou.\u00a0Segundo ele, o Credeq une a parte ambulatorial com a de interna\u00e7\u00e3o e dispensa aos pacientes um tratamento que contempla v\u00e1rias \u00e1reas da sa\u00fade.<\/p>\n<p>\u201cO paciente n\u00e3o fica solto, mas num sistema integrado. Com uma equipe multidisciplinar, com atua\u00e7\u00e3o interdisciplinar, em que as equipes se comunica\u00e7\u00e3o. Essa proposta de integra\u00e7\u00e3o social \u00e9 de alta resolutividade. E vale n\u00e3o por um per\u00edodo apenas, mas para o tratamento como um todo. Isso funciona. D\u00e1 bons resultados\u201d, frisou.<\/p>\n<p>O presidente da ABP ainda comentou que o Credeq \u00e9 a materializa\u00e7\u00e3o de uma pol\u00edtica de Estado que visa atender os anseios da popula\u00e7\u00e3o. Para ele, o governo federal e outros Estados devem se espelhar nesta proposta de tratamento. \u201cTemos de fazer servi\u00e7os como este aqui, que \u00e9 pol\u00edtica de Estado. A comunidade cient\u00edfica sempre apoiou o Minist\u00e9rio da Sa\u00fade nas propostas de realiza\u00e7\u00e3o de pol\u00edticas p\u00fablicas adequadas. \u00c9 preciso mudar e ter pessoas que pensam o Brasil como Estado e n\u00e3o como governo. Este servi\u00e7o Para jamais permitir que acabe com este n\u00edvel de qualidade e cientificismo.<\/p>\n<p>Ele ainda disse que pol\u00edtica de sa\u00fade mental vigente no Pa\u00eds atualmente n\u00e3o se trata de uma pol\u00edtica de Estado e, sim, uma pol\u00edtica de Governo, permeada de ideologia. \u201cO Credeq vai na contram\u00e3o dessa realidade e se apresenta como uma alternativa no enfrentamento ao uso de \u00e1lcool e drogas. Uma alternativa excelente.Esse servi\u00e7o tem que ser dominado pela comunidade, para n\u00e3o permitir que acabe. Isso aqui \u00e9 muito importante.\u201d<\/p>\n<p>Durante a visita de mais de 1 hora, Ant\u00f4nio Geraldo ouviu detalhes sobre o projeto terap\u00eautico e teve a oportunidade de conversar, com alguns pacientes e com profissionais que atuam na institui\u00e7\u00e3o. Ele avaliou que a proposta terap\u00eautica do Credeq n\u00e3o deixa o paciente desamparado em nenhum momento e ainda contempla as fam\u00edlias, uma vez que preserva os v\u00ednculos sociais.<\/p><\/p>\n","protected":false},"excerpt":{"rendered":"","protected":false},"author":54,"featured_media":0,"comment_status":"closed","ping_status":"open","sticky":false,"template":"","format":"standard","meta":{"footnotes":""},"categories":[30],"tags":[],"class_list":["post-767","post","type-post","status-publish","format-standard","hentry","category-noticias"],"rttpg_featured_image_url":null,"rttpg_author":{"display_name":"hosanagodoy","author_link":"https:\/\/goias.gov.br\/controladoria\/author\/hosanagodoy\/"},"rttpg_comment":0,"rttpg_category":"<a href=\"https:\/\/goias.gov.br\/controladoria\/categoria\/noticias\/\" rel=\"category tag\">Not\u00edcias<\/a>","rttpg_excerpt":null,"_links":{"self":[{"href":"https:\/\/goias.gov.br\/controladoria\/wp-json\/wp\/v2\/posts\/767","targetHints":{"allow":["GET"]}}],"collection":[{"href":"https:\/\/goias.gov.br\/controladoria\/wp-json\/wp\/v2\/posts"}],"about":[{"href":"https:\/\/goias.gov.br\/controladoria\/wp-json\/wp\/v2\/types\/post"}],"author":[{"embeddable":true,"href":"https:\/\/goias.gov.br\/controladoria\/wp-json\/wp\/v2\/users\/54"}],"replies":[{"embeddable":true,"href":"https:\/\/goias.gov.br\/controladoria\/wp-json\/wp\/v2\/comments?post=767"}],"version-history":[{"count":0,"href":"https:\/\/goias.gov.br\/controladoria\/wp-json\/wp\/v2\/posts\/767\/revisions"}],"wp:attachment":[{"href":"https:\/\/goias.gov.br\/controladoria\/wp-json\/wp\/v2\/media?parent=767"}],"wp:term":[{"taxonomy":"category","embeddable":true,"href":"https:\/\/goias.gov.br\/controladoria\/wp-json\/wp\/v2\/categories?post=767"},{"taxonomy":"post_tag","embeddable":true,"href":"https:\/\/goias.gov.br\/controladoria\/wp-json\/wp\/v2\/tags?post=767"}],"curies":[{"name":"wp","href":"https:\/\/api.w.org\/{rel}","templated":true}]}}