

{"id":6802,"date":"2018-02-09T14:25:09","date_gmt":"2018-02-09T16:25:09","guid":{"rendered":"https:\/\/siteshom.goias.gov.br\/controladoria\/com-presenca-da-ministra-carmen-lucia-stf-marconi-e-ze-eliton-inauguram-presidio-em-formosa\/"},"modified":"2018-02-09T14:25:09","modified_gmt":"2018-02-09T16:25:09","slug":"com-presenca-da-ministra-carmen-lucia-stf-marconi-e-ze-eliton-inauguram-presidio-em-formosa","status":"publish","type":"post","link":"https:\/\/goias.gov.br\/controladoria\/com-presenca-da-ministra-carmen-lucia-stf-marconi-e-ze-eliton-inauguram-presidio-em-formosa\/","title":{"rendered":"Com presen\u00e7a da ministra C\u00e1rmen L\u00facia (STF), Marconi e Z\u00e9 Eliton inauguram pres\u00eddio em Formosa"},"content":{"rendered":"<p style=\"margin-bottom: 0.0001pt; text-align: center; background: white;\"><span style=\"font-size: 12pt; font-family: Arial, sans-serif;\">Em mais uma a&ccedil;&atilde;o efetiva e concreta de apoio &agrave; seguran&ccedil;a p&uacute;blica no Estado e melhoria significativa no sistema prisional, o governador Marconi Perillo, a presidente do Supremo Tribunal Federal (STF) e presidente do Conselho Nacional de Justi&ccedil;a (CNJ), C&aacute;rmen L&uacute;cia, e o vice-governador Z&eacute; Eliton inauguraram hoje (9\/2) o Pres&iacute;dio Estadual de Formosa, com capacidade para 300 reeducandos. Na mesma solenidade, Marconi anunciou a desativa&ccedil;&atilde;o do atual pr&eacute;dio de cust&oacute;dia conhecido como &#8220;Cadei&atilde;o&#8221;. Segundo ele, todos que est&atilde;o custodiados l&aacute; ser&atilde;o transferidos para o novo pres&iacute;dio.<\/p>\n<p><\/span><span style=\"font-size: 12pt; font-family: Arial, sans-serif;\">Marconi saudou a ministra pelo fato de ter, mais uma vez, cumprido a palavra de voltar a Goi&aacute;s, um m&ecirc;s depois, para avaliar as medidas tomadas. &ldquo;Hoje a senhora est&aacute; vindo aqui para uma agenda de entregas&rdquo;, disse, observando que o pres&iacute;dio de Formosa &eacute; para 300 presos, nenhum a mais. Tamb&eacute;m destacou a intera&ccedil;&atilde;o com o Tribunal de Justi&ccedil;a e com o Minist&eacute;rio P&uacute;blico de Goi&aacute;s. Informou que no dia 16 de fevereiro ser&aacute; inaugurado o pres&iacute;dio de An&aacute;polis. Ao final, ser&atilde;o inaugurados cinco pres&iacute;dios, com oferta de 1.588 vagas e explicou que no planejamento do Governo do Estado est&aacute; a regionaliza&ccedil;&atilde;o dos pres&iacute;dios.<\/p>\n<p><\/span><span style=\"font-size: 12pt; font-family: Arial, sans-serif;\">Avan&ccedil;ar na crise<\/p>\n<p><\/span><span style=\"font-size: 12pt; font-family: Arial, sans-serif;\">Para a presidente do STF, o Estado de Goi&aacute;s soube&nbsp; usar esse momento de crise para melhorar seu sistema prisional. Elogiou o empenho do governo goiano na busca de melhorar o sistema penitenci&aacute;rio e de seguran&ccedil;a do Estado, buscando o cumprimento do que est&aacute; pactuado na Constitui&ccedil;&atilde;o Federal, para que haja o adequado cumprimento da pena, onde os detentos sejam tratados de forma humana e com dignidade e que as autoridades ali presentes s&atilde;o pagas pelos cidad&atilde;os para fazer &ldquo;e temos que fazer&rdquo;. Disse tamb&eacute;m que dessa forma os poderes no Estado funcionaram muito bem.<\/p>\n<p><\/span><span style=\"font-size: 12pt; font-family: Arial, sans-serif;\">O vice-governador Z&eacute; Eliton fez refer&ecirc;ncia no discurso a um semin&aacute;rio nacional realizado em Goi&acirc;nia, com a presen&ccedil;a da ministra C&aacute;rmen L&uacute;cia, no qual abordou a necessidade de humaniza&ccedil;&atilde;o do sistema prisional e da necessidade de aportes financeiros do governo federal. &ldquo;Estamos longe do ideal, mas com os passos que estamos dando nas a&ccedil;&otilde;es intramuros e extramuros conseguimos racionalizar a gest&atilde;o daqueles que s&atilde;o abrigados nestas unidades. Hoje &eacute; um dia que podemos observar avan&ccedil;os, num cen&aacute;rio de desafios&rdquo;, disse.<\/p>\n<p><\/span><span style=\"font-size: 12pt; font-family: Arial, sans-serif;\">O diretor-geral de Administra&ccedil;&atilde;o Penitenci&aacute;ria (DGAP), coronel Edson Costa, explicou que existem hoje em Goi&aacute;s 141 unidades prisionais, algumas com apenas 12 presos. Com a regionaliza&ccedil;&atilde;o, com unidades &ldquo;nem t&atilde;o grandes, nem t&atilde;o pequenas&rdquo;, ser&atilde;o 55 unidades. Segundo ele, o Estado vai criar uma nova estrutura para o regime semiaberto, que contar&aacute; com &aacute;reas destinadas para trabalho, programas de sa&uacute;de, acompanhamento psicol&oacute;gico, &ldquo;formalizando a&ccedil;&otilde;es de administra&ccedil;&atilde;o, no sentido de que tudo seja feito dentro do processo legal&rdquo;. &ldquo;A crise que enfrentamos n&atilde;o &eacute; exclusividade do nosso Estado, existe em outros estados&rdquo;, afirmou Costa, que tamb&eacute;m atentou para necessidade de aportes de receitas por meio tamb&eacute;m da Uni&atilde;o.<\/p>\n<p><\/span><span style=\"font-size: 12pt; font-family: Arial, sans-serif;\">O Novo pres&iacute;dio&nbsp;<\/p>\n<p><\/span><span style=\"font-size: 12pt; font-family: Arial, sans-serif;\">O Pres&iacute;dio Estadual de Formosa tem capacidade para 300 vagas e envolveu recursos na ordem de R$ 19 milh&otilde;es. A constru&ccedil;&atilde;o da unidade seguiu moderno projeto de engenharia e arquitetura e vai contribuir para a melhoria do sistema prisional goiano.&nbsp; As instala&ccedil;&otilde;es atendem &agrave;s resolu&ccedil;&otilde;es estabelecidas pelo Conselho Nacional de Pol&iacute;tica Criminal e Penitenci&aacute;ria, e incluem um m&oacute;dulo de administra&ccedil;&atilde;o e uma ampla e completa &aacute;rea de sa&uacute;de. A triagem dos internos ser&aacute; feita em &aacute;rea espec&iacute;fica de inclus&atilde;o e exclus&atilde;o, al&eacute;m de espa&ccedil;o destinado &agrave; cozinha e refeit&oacute;rio.<\/p>\n<p><\/span><span style=\"font-size: 12pt; font-family: Arial, sans-serif;\">A unidade prisional tem 6 mil metros quadrados de &aacute;rea edificada, com sala de aula, p&aacute;tio de sol, &aacute;rea para atendimento psicol&oacute;gico e espiritual, al&eacute;m de galp&otilde;es e guaritas de seguran&ccedil;a. S&atilde;o dois pavilh&otilde;es de celas cuja capacidade varia de uma a oito vagas, de acordo com a necessidade dos gestores de separar os detentos por n&iacute;vel de periculosidade. Al&eacute;m das vagas coletivas, o local &eacute; dotado de quatro celas para isolamento para casos que requeiram regime disciplinar diferenciado.<\/p>\n<p><\/span><span style=\"font-size: 12pt; font-family: Arial, sans-serif;\">Na quinta-feira, um dia antes da inaugura&ccedil;&atilde;o do novo pres&iacute;dio, o governador Marconi Perillo determinou a transfer&ecirc;ncia de 130 presos da cadeia p&uacute;blica de Formosa para o novo pres&iacute;dio de alta seguran&ccedil;a. A decis&atilde;o do governador atende &agrave; demanda da popula&ccedil;&atilde;o de Formosa, onde o atual pr&eacute;dio de cust&oacute;dia &eacute; conhecido como &#8220;Cadei&atilde;o&#8221;. A medida espelha o plano de seguran&ccedil;a do Governo do Estado de construir pres&iacute;dios menores com o objetivo de descentralizar a concentra&ccedil;&atilde;o de detentos no Complexo Prisional de Aparecida de Goi&acirc;nia.<\/span><\/p>\n<p>&nbsp;<\/p>\n<table style=\"height: 52px; width: 180px;\">\n<tbody>\n<tr>\n<td><img fetchpriority=\"high\" decoding=\"async\" class=\" size-full wp-image-6801\" src=\"https:\/\/goias.gov.br\/controladoria\/wp-content\/uploads\/sites\/31\/2018\/02\/Formosa_2-0a6.jpg\" alt=\"Formosa_2.jpg\" width=\"584\" height=\"354\" srcset=\"https:\/\/goias.gov.br\/controladoria\/wp-content\/uploads\/sites\/31\/2018\/02\/Formosa_2-0a6.jpg 584w, https:\/\/goias.gov.br\/controladoria\/wp-content\/uploads\/sites\/31\/2018\/02\/Formosa_2-0a6-300x182.jpg 300w\" sizes=\"(max-width: 584px) 100vw, 584px\" \/><\/td>\n<\/tr>\n<\/tbody>\n<\/table>\n<p>&nbsp;<\/p>\n","protected":false},"excerpt":{"rendered":"<p>Em mais uma a&ccedil;&atilde;o efetiva e concreta de apoio &agrave; seguran&ccedil;a p&uacute;blica no Estado e melhoria significativa no sistema prisional, o governador Marconi Perillo, a presidente do Supremo Tribunal Federal (STF) e presidente do Conselho Nacional de Justi&ccedil;a (CNJ), C&aacute;rmen L&uacute;cia, e o vice-governador Z&eacute; Eliton inauguraram hoje (9\/2) o Pres&iacute;dio Estadual de Formosa, com [&hellip;]<\/p>\n","protected":false},"author":54,"featured_media":6800,"comment_status":"closed","ping_status":"open","sticky":false,"template":"","format":"standard","meta":{"footnotes":""},"categories":[30],"tags":[],"class_list":["post-6802","post","type-post","status-publish","format-standard","has-post-thumbnail","hentry","category-noticias"],"rttpg_featured_image_url":{"full":["https:\/\/goias.gov.br\/controladoria\/wp-content\/uploads\/sites\/31\/2018\/02\/Formosa_1-4dc.jpg",351,290,false],"landscape":["https:\/\/goias.gov.br\/controladoria\/wp-content\/uploads\/sites\/31\/2018\/02\/Formosa_1-4dc.jpg",351,290,false],"portraits":["https:\/\/goias.gov.br\/controladoria\/wp-content\/uploads\/sites\/31\/2018\/02\/Formosa_1-4dc.jpg",351,290,false],"thumbnail":["https:\/\/goias.gov.br\/controladoria\/wp-content\/uploads\/sites\/31\/2018\/02\/Formosa_1-4dc-150x150.jpg",150,150,true],"medium":["https:\/\/goias.gov.br\/controladoria\/wp-content\/uploads\/sites\/31\/2018\/02\/Formosa_1-4dc-300x248.jpg",300,248,true],"large":["https:\/\/goias.gov.br\/controladoria\/wp-content\/uploads\/sites\/31\/2018\/02\/Formosa_1-4dc.jpg",351,290,false],"1536x1536":["https:\/\/goias.gov.br\/controladoria\/wp-content\/uploads\/sites\/31\/2018\/02\/Formosa_1-4dc.jpg",351,290,false],"2048x2048":["https:\/\/goias.gov.br\/controladoria\/wp-content\/uploads\/sites\/31\/2018\/02\/Formosa_1-4dc.jpg",351,290,false]},"rttpg_author":{"display_name":"hosanagodoy","author_link":"https:\/\/goias.gov.br\/controladoria\/author\/hosanagodoy\/"},"rttpg_comment":0,"rttpg_category":"<a href=\"https:\/\/goias.gov.br\/controladoria\/categoria\/noticias\/\" rel=\"category tag\">Not\u00edcias<\/a>","rttpg_excerpt":"Em mais uma a&ccedil;&atilde;o efetiva e concreta de apoio &agrave; seguran&ccedil;a p&uacute;blica no Estado e melhoria significativa no sistema prisional, o governador Marconi Perillo, a presidente do Supremo Tribunal Federal (STF) e presidente do Conselho Nacional de Justi&ccedil;a (CNJ), C&aacute;rmen L&uacute;cia, e o vice-governador Z&eacute; Eliton inauguraram hoje (9\/2) o Pres&iacute;dio Estadual de Formosa, com&hellip;","_links":{"self":[{"href":"https:\/\/goias.gov.br\/controladoria\/wp-json\/wp\/v2\/posts\/6802","targetHints":{"allow":["GET"]}}],"collection":[{"href":"https:\/\/goias.gov.br\/controladoria\/wp-json\/wp\/v2\/posts"}],"about":[{"href":"https:\/\/goias.gov.br\/controladoria\/wp-json\/wp\/v2\/types\/post"}],"author":[{"embeddable":true,"href":"https:\/\/goias.gov.br\/controladoria\/wp-json\/wp\/v2\/users\/54"}],"replies":[{"embeddable":true,"href":"https:\/\/goias.gov.br\/controladoria\/wp-json\/wp\/v2\/comments?post=6802"}],"version-history":[{"count":0,"href":"https:\/\/goias.gov.br\/controladoria\/wp-json\/wp\/v2\/posts\/6802\/revisions"}],"wp:featuredmedia":[{"embeddable":true,"href":"https:\/\/goias.gov.br\/controladoria\/wp-json\/wp\/v2\/media\/6800"}],"wp:attachment":[{"href":"https:\/\/goias.gov.br\/controladoria\/wp-json\/wp\/v2\/media?parent=6802"}],"wp:term":[{"taxonomy":"category","embeddable":true,"href":"https:\/\/goias.gov.br\/controladoria\/wp-json\/wp\/v2\/categories?post=6802"},{"taxonomy":"post_tag","embeddable":true,"href":"https:\/\/goias.gov.br\/controladoria\/wp-json\/wp\/v2\/tags?post=6802"}],"curies":[{"name":"wp","href":"https:\/\/api.w.org\/{rel}","templated":true}]}}