

{"id":6060,"date":"2017-10-06T08:04:49","date_gmt":"2017-10-06T11:04:49","guid":{"rendered":"https:\/\/siteshom.goias.gov.br\/controladoria\/marcos-valle-azymuth-dao-inicio-a-turne-2017\/"},"modified":"2017-10-06T08:04:49","modified_gmt":"2017-10-06T11:04:49","slug":"marcos-valle-azymuth-dao-inicio-a-turne-2017","status":"publish","type":"post","link":"https:\/\/goias.gov.br\/controladoria\/marcos-valle-azymuth-dao-inicio-a-turne-2017\/","title":{"rendered":"Marcos Valle &#038; Azymuth d\u00e3o in\u00edcio \u00e0 turn\u00ea 2017"},"content":{"rendered":"<p style=\"margin-top: 15pt; margin-right: 0cm; margin-bottom: 3.75pt; line-height: normal;\"><span style=\"font-size: 12pt; font-family: Arial, sans-serif;\">Marcos Valle &#038; Azymuth d&atilde;o in&iacute;cio &agrave; turn&ecirc; 2017<\/span><span style=\"font-size: 12pt; font-family: Arial, sans-serif;\">A 18&ordf; edi&ccedil;&atilde;o do Canto da Primavera foi palco da estreia da turn&ecirc; do compositor, instrumentista, diretor musical e cantor Marcos Valle ao lado da banda Azymuth. O show foi realizado na noite desta quarta-feira, 4, no Cavalh&oacute;dromo, e contou com a participa&ccedil;&atilde;o de Patr&iacute;cia Alvi, cantora e esposa de Marcos. A abertura da apresenta&ccedil;&atilde;o ficou por conta do m&uacute;sico goiano Boror&oacute;, um dos principais baixistas brasileiros, que tocou ao lado da Banda Brasil Na&ccedil;&atilde;o Kalunga.<\/p>\n<p><\/span><span style=\"font-size: 12pt; font-family: Arial, sans-serif;\">Durante o show, Marcos Valle, que j&aacute; comp&ocirc;s mais de 300 can&ccedil;&otilde;es ao longo dos seus mais de 50 anos de carreira, comentou sobre a alegria de tocar na Mostra de M&uacute;sica de Piren&oacute;polis pela primeira vez, de dar in&iacute;cio &agrave; turn&ecirc; no evento e sobre a parceria de longa data que tem com Azymuth. &ldquo;Sou padrinho da banda. Tudo come&ccedil;ou quando eu compus, em parceria com Novelli, a can&ccedil;&atilde;o Azymuth para uma novela de TV chamada V&eacute;u de Noiva. Mais tarde, essa faixa integrou a trilha sonora de um filme e a&iacute; eu, Bertrami, Alex e Mam&atilde;o nos conhecemos durante as grava&ccedil;&otilde;es&rdquo;, contou o artista ao explicar que a partir desse momento surgiu a banda Azymuth e tamb&eacute;m uma amizade que dura at&eacute; hoje.<\/p>\n<p><\/span><span style=\"font-size: 12pt; font-family: Arial, sans-serif;\">&nbsp;A apresenta&ccedil;&atilde;o reuniu no palco do Canto da Primavera 2017 duas lendas do cen&aacute;rio musical brasileiro e que marcaram diferentes gera&ccedil;&otilde;es. Quem acompanhou o show teve a oportunidade de recordar os grandes sucessos que eles lan&ccedil;aram ao longo da carreira. Entre as m&uacute;sicas tocadas est&atilde;o &ldquo;Samba de ver&atilde;o&rdquo;, que inclusive foi o hit que lan&ccedil;ou Marcos Valle para no contexto internacional, &ldquo;A Para&iacute;ba n&atilde;o &eacute; Chicago&rdquo;, &ldquo;N&atilde;o tem nada n&atilde;o&rdquo; e &ldquo;Mentira&rdquo;.<\/p>\n<p><\/span><span style=\"font-size: 12pt; font-family: Arial, sans-serif;\">&nbsp;A australiana Georgia Oliver est&aacute; no Brasil h&aacute; tr&ecirc;s meses e h&aacute; 30 dias em Piren&oacute;polis. A turista elogiou o show e falou sobre participa&ccedil;&atilde;o na Mostra de M&uacute;sica. &ldquo;Estou gostando muito. Os shows de hoje est&atilde;o sendo uma oportunidade de conhecer mais um pouco sobre essa nova cultura&rdquo;, destacou Georgia, ao se referir n&atilde;o s&oacute; ao show de Marcos Valle e Azymuth como tamb&eacute;m sobre as duas atra&ccedil;&otilde;es que passaram pelo Cine Pireneus na mesma noite. &ldquo;Estou ansiosa para ver os pr&oacute;ximos shows e tamb&eacute;m para fazer a oficina de percuss&atilde;o em que me inscrevi&rdquo;, emendou.<\/p>\n<p><\/span><strong><span style=\"font-size: 12pt; font-family: Arial, sans-serif;\">Cultura popular e muito rock no palco do Cine Pireneus<\/p>\n<p><\/span><\/strong><span style=\"font-size: 12pt; font-family: Arial, sans-serif;\">&nbsp;A banda Ch&aacute; de Gim, uma das revela&ccedil;&otilde;es da m&uacute;sica goiana, e o grupo Passarinhos do Cerrados abriram a programa&ccedil;&atilde;o da noite com duas apresenta&ccedil;&otilde;es que lotaram o Cine Pireneus e transformaram o lugar em uma grande pra&ccedil;a, onde se encontravam diferentes sons e propostas de resgate cultural. Cada um com sua marca e repert&oacute;rio, eles trouxeram ao Canto da Primavera elementos da cultura popular em diferentes momentos e tamb&eacute;m de diferentes formas.<\/p>\n<p><\/span><span style=\"font-size: 12pt; font-family: Arial, sans-serif;\">Ch&aacute; de Gim, que se apresentou na Mostra de M&uacute;sica de Piren&oacute;polis pela primeira vez, mostrou ao p&uacute;blico um som irreverente que mistura a sonoridade nordestina com tra&ccedil;os marcantes do rock. A inconfund&iacute;vel presen&ccedil;a de palco de Diego Wander n&atilde;o deixava ningu&eacute;m piscar e certamente foi um dos destaques da noite. Ao longo da apresenta&ccedil;&atilde;o que deixou o p&uacute;blico vidrado, a banda declamou textos e cantou m&uacute;sica como &ldquo;Cordeiro do mundo&rdquo; e &ldquo;Benzim&rdquo;.<\/p>\n<p><\/span><span style=\"font-size: 12pt; font-family: Arial, sans-serif;\">&nbsp;J&aacute; o Passarinhos do Cerrado impressionou pelo trabalho de pesquisa e resgate das tradi&ccedil;&otilde;es do Centro-Oeste brasileiro, como foco nos Povos do Cerrado. N&atilde;o houve quem n&atilde;o se levantasse para dan&ccedil;ar coco ou para fazer parte da ciranda proposta pelos integrantes do grupo. A apresenta&ccedil;&atilde;o foi marcada por instrumentos como atabaque, bumbo, agog&ocirc; e chocalhos, textos declamados e, claro, um carisma inconfund&iacute;vel dos m&uacute;sicos. A programa&ccedil;&atilde;o do Cine Pireneus terminou com uma grande festa popular.<\/span><\/p>\n<p style=\"margin-bottom: 0.0001pt; line-height: normal; background: #fafafa; vertical-align: baseline;\"><span style=\"font-size: 12pt; font-family: Arial, sans-serif; color: #222222;\"><\/span><\/p>\n<p><span style=\"font-size: 12pt; line-height: 115%; font-family: Arial, sans-serif;\"><\/span><\/p>\n<p><span style=\"font-size: 12pt; line-height: 115%; font-family: Arial, sans-serif;\"><\/span><\/p>\n<h2 style=\"margin-top: 15pt; margin-right: 0cm; margin-bottom: 3.75pt; background-image: initial; background-position: initial; background-repeat: initial; background-attachment: initial;\"><span style=\"font-size: 12pt; font-family: Arial, sans-serif; color: #333333;\"><\/span><\/h2>\n","protected":false},"excerpt":{"rendered":"<p>Marcos Valle &#038; Azymuth d&atilde;o in&iacute;cio &agrave; turn&ecirc; 2017A 18&ordf; edi&ccedil;&atilde;o do Canto da Primavera foi palco da estreia da turn&ecirc; do compositor, instrumentista, diretor musical e cantor Marcos Valle ao lado da banda Azymuth. O show foi realizado na noite desta quarta-feira, 4, no Cavalh&oacute;dromo, e contou com a participa&ccedil;&atilde;o de Patr&iacute;cia Alvi, cantora [&hellip;]<\/p>\n","protected":false},"author":54,"featured_media":6059,"comment_status":"closed","ping_status":"open","sticky":false,"template":"","format":"standard","meta":{"footnotes":""},"categories":[30],"tags":[],"class_list":["post-6060","post","type-post","status-publish","format-standard","has-post-thumbnail","hentry","category-noticias"],"rttpg_featured_image_url":{"full":["https:\/\/goias.gov.br\/controladoria\/wp-content\/uploads\/sites\/31\/2017\/10\/Marcos-Valle-e-Azymuth_foto-Flavio-Isaac-61-9af.jpg",351,270,false],"landscape":["https:\/\/goias.gov.br\/controladoria\/wp-content\/uploads\/sites\/31\/2017\/10\/Marcos-Valle-e-Azymuth_foto-Flavio-Isaac-61-9af.jpg",351,270,false],"portraits":["https:\/\/goias.gov.br\/controladoria\/wp-content\/uploads\/sites\/31\/2017\/10\/Marcos-Valle-e-Azymuth_foto-Flavio-Isaac-61-9af.jpg",351,270,false],"thumbnail":["https:\/\/goias.gov.br\/controladoria\/wp-content\/uploads\/sites\/31\/2017\/10\/Marcos-Valle-e-Azymuth_foto-Flavio-Isaac-61-9af-150x150.jpg",150,150,true],"medium":["https:\/\/goias.gov.br\/controladoria\/wp-content\/uploads\/sites\/31\/2017\/10\/Marcos-Valle-e-Azymuth_foto-Flavio-Isaac-61-9af-300x231.jpg",300,231,true],"large":["https:\/\/goias.gov.br\/controladoria\/wp-content\/uploads\/sites\/31\/2017\/10\/Marcos-Valle-e-Azymuth_foto-Flavio-Isaac-61-9af.jpg",351,270,false],"1536x1536":["https:\/\/goias.gov.br\/controladoria\/wp-content\/uploads\/sites\/31\/2017\/10\/Marcos-Valle-e-Azymuth_foto-Flavio-Isaac-61-9af.jpg",351,270,false],"2048x2048":["https:\/\/goias.gov.br\/controladoria\/wp-content\/uploads\/sites\/31\/2017\/10\/Marcos-Valle-e-Azymuth_foto-Flavio-Isaac-61-9af.jpg",351,270,false]},"rttpg_author":{"display_name":"hosanagodoy","author_link":"https:\/\/goias.gov.br\/controladoria\/author\/hosanagodoy\/"},"rttpg_comment":0,"rttpg_category":"<a href=\"https:\/\/goias.gov.br\/controladoria\/categoria\/noticias\/\" rel=\"category tag\">Not\u00edcias<\/a>","rttpg_excerpt":"Marcos Valle &#038; Azymuth d&atilde;o in&iacute;cio &agrave; turn&ecirc; 2017A 18&ordf; edi&ccedil;&atilde;o do Canto da Primavera foi palco da estreia da turn&ecirc; do compositor, instrumentista, diretor musical e cantor Marcos Valle ao lado da banda Azymuth. O show foi realizado na noite desta quarta-feira, 4, no Cavalh&oacute;dromo, e contou com a participa&ccedil;&atilde;o de Patr&iacute;cia Alvi, cantora&hellip;","_links":{"self":[{"href":"https:\/\/goias.gov.br\/controladoria\/wp-json\/wp\/v2\/posts\/6060","targetHints":{"allow":["GET"]}}],"collection":[{"href":"https:\/\/goias.gov.br\/controladoria\/wp-json\/wp\/v2\/posts"}],"about":[{"href":"https:\/\/goias.gov.br\/controladoria\/wp-json\/wp\/v2\/types\/post"}],"author":[{"embeddable":true,"href":"https:\/\/goias.gov.br\/controladoria\/wp-json\/wp\/v2\/users\/54"}],"replies":[{"embeddable":true,"href":"https:\/\/goias.gov.br\/controladoria\/wp-json\/wp\/v2\/comments?post=6060"}],"version-history":[{"count":0,"href":"https:\/\/goias.gov.br\/controladoria\/wp-json\/wp\/v2\/posts\/6060\/revisions"}],"wp:featuredmedia":[{"embeddable":true,"href":"https:\/\/goias.gov.br\/controladoria\/wp-json\/wp\/v2\/media\/6059"}],"wp:attachment":[{"href":"https:\/\/goias.gov.br\/controladoria\/wp-json\/wp\/v2\/media?parent=6060"}],"wp:term":[{"taxonomy":"category","embeddable":true,"href":"https:\/\/goias.gov.br\/controladoria\/wp-json\/wp\/v2\/categories?post=6060"},{"taxonomy":"post_tag","embeddable":true,"href":"https:\/\/goias.gov.br\/controladoria\/wp-json\/wp\/v2\/tags?post=6060"}],"curies":[{"name":"wp","href":"https:\/\/api.w.org\/{rel}","templated":true}]}}