

{"id":5146,"date":"2016-03-17T04:48:19","date_gmt":"2016-03-17T07:48:19","guid":{"rendered":"https:\/\/siteshom.goias.gov.br\/controladoria\/sefaz-e-ssp-se-unem-no-combate-a-fraudes\/"},"modified":"2016-03-17T04:48:19","modified_gmt":"2016-03-17T07:48:19","slug":"sefaz-e-ssp-se-unem-no-combate-a-fraudes","status":"publish","type":"post","link":"https:\/\/goias.gov.br\/controladoria\/sefaz-e-ssp-se-unem-no-combate-a-fraudes\/","title":{"rendered":"Sefaz e SSP se unem no combate a fraudes"},"content":{"rendered":"<p>\n<!--more--><\/p>\n<p>As secretarias da Fazenda e da Seguran\u00e7a P\u00fablica v\u00e3o assinar na \u00a0ter\u00e7a-feira (22\/3) portaria de procedimentos para o combate ao tr\u00e2nsito de mercadorias com notas irregulares e \u00e0s fraudes em Goi\u00e1s. A iniciativa \u00e9 do Grupo de Prote\u00e7\u00e3o \u00e0 Ordem Tribut\u00e1ria (Gprot), criado por decreto do governador. Os titulares das duas pastas, Ana Carla Abr\u00e3o Costa, e o vice-governador Jos\u00e9 Eliton, devem participar do evento, que ser\u00e1 no audit\u00f3rio do Complexo Fazend\u00e1rio, em Goi\u00e2nia.<\/p>\n<p>O presidente do grupo, o auditor F\u00e1bio Yudi explica que os 12 delegados regionais de fiscaliza\u00e7\u00e3o da Sefaz, al\u00e9m de delegados regionais da Pol\u00edcia Civil, v\u00e3o participar da reuni\u00e3o. A inten\u00e7\u00e3o \u00e9 mobilizar o fisco e os delegados de Pol\u00edcia em atua\u00e7\u00e3o conjunta de opera\u00e7\u00f5es de venda, transporte, presta\u00e7\u00e3o, posse ou estoque de mercadorias e servi\u00e7os sem documento fiscal correspondente ou sem pr\u00e9via inscri\u00e7\u00e3o no Cadastro de Contribuintes de Goi\u00e1s, para dar agilidade \u00e0s opera\u00e7\u00f5es.<\/p>\n","protected":false},"excerpt":{"rendered":"","protected":false},"author":54,"featured_media":0,"comment_status":"closed","ping_status":"open","sticky":false,"template":"","format":"standard","meta":{"footnotes":""},"categories":[30],"tags":[],"class_list":["post-5146","post","type-post","status-publish","format-standard","hentry","category-noticias"],"rttpg_featured_image_url":null,"rttpg_author":{"display_name":"hosanagodoy","author_link":"https:\/\/goias.gov.br\/controladoria\/author\/hosanagodoy\/"},"rttpg_comment":0,"rttpg_category":"<a href=\"https:\/\/goias.gov.br\/controladoria\/categoria\/noticias\/\" rel=\"category tag\">Not\u00edcias<\/a>","rttpg_excerpt":null,"_links":{"self":[{"href":"https:\/\/goias.gov.br\/controladoria\/wp-json\/wp\/v2\/posts\/5146","targetHints":{"allow":["GET"]}}],"collection":[{"href":"https:\/\/goias.gov.br\/controladoria\/wp-json\/wp\/v2\/posts"}],"about":[{"href":"https:\/\/goias.gov.br\/controladoria\/wp-json\/wp\/v2\/types\/post"}],"author":[{"embeddable":true,"href":"https:\/\/goias.gov.br\/controladoria\/wp-json\/wp\/v2\/users\/54"}],"replies":[{"embeddable":true,"href":"https:\/\/goias.gov.br\/controladoria\/wp-json\/wp\/v2\/comments?post=5146"}],"version-history":[{"count":0,"href":"https:\/\/goias.gov.br\/controladoria\/wp-json\/wp\/v2\/posts\/5146\/revisions"}],"wp:attachment":[{"href":"https:\/\/goias.gov.br\/controladoria\/wp-json\/wp\/v2\/media?parent=5146"}],"wp:term":[{"taxonomy":"category","embeddable":true,"href":"https:\/\/goias.gov.br\/controladoria\/wp-json\/wp\/v2\/categories?post=5146"},{"taxonomy":"post_tag","embeddable":true,"href":"https:\/\/goias.gov.br\/controladoria\/wp-json\/wp\/v2\/tags?post=5146"}],"curies":[{"name":"wp","href":"https:\/\/api.w.org\/{rel}","templated":true}]}}