

{"id":4918,"date":"2015-11-09T05:24:44","date_gmt":"2015-11-09T07:24:44","guid":{"rendered":"https:\/\/siteshom.goias.gov.br\/controladoria\/saude-estadual-e-sms-de-goiania-alertam-para-vacinacao-contra-febre-amarela\/"},"modified":"2015-11-09T05:24:44","modified_gmt":"2015-11-09T07:24:44","slug":"saude-estadual-e-sms-de-goiania-alertam-para-vacinacao-contra-febre-amarela","status":"publish","type":"post","link":"https:\/\/goias.gov.br\/controladoria\/saude-estadual-e-sms-de-goiania-alertam-para-vacinacao-contra-febre-amarela\/","title":{"rendered":"Sa\u00fade estadual e SMS de Goi\u00e2nia alertam para vacina\u00e7\u00e3o contra Febre Amarela"},"content":{"rendered":"<p>\n<!--more--><\/p>\n<p>A Secretaria de Estado da Sa\u00fade (SES-GO) reuniu-se com representantes da Secretaria Municipal de Sa\u00fade de Goi\u00e2nia para tratar do apoio do governo estadual nas a\u00e7\u00f5es estrat\u00e9gicas em rela\u00e7\u00e3o \u00e0 Febre Amarela. O encontro aconteceu ap\u00f3s a confirma\u00e7\u00e3o da morte de um macaco por Febre Amarela no setor Forteville, regi\u00e3o sudoeste de Goi\u00e2nia.\u00a0O superintendente Executivo da SES-GO, Halim Antonio Girade, e a superintendente de Vigil\u00e2ncia em Sa\u00fade, Maria Cec\u00edlia Brito, garantiram \u00e0 superintendente de Vigil\u00e2ncia em Sa\u00fade da SMS, Fl\u00favia Amorim, total apoio no trabalho de preven\u00e7\u00e3o e controle da Febre Amarela no munic\u00edpio.<\/p>\n<p>Al\u00e9m de refor\u00e7ar as equipes nas campanhas de vacina\u00e7\u00e3o contra a Febre Amarela, a SES solicitar\u00e1 ao Minist\u00e9rio da Sa\u00fade mais doses da vacina para disponibilizar ao munic\u00edpio de Goi\u00e2nia. Na pr\u00f3xima segunda-feira, dia 9 de novembro, a SES convocou nova reuni\u00e3o com as Regionais de Sa\u00fade Central e Centro-Sul e secretarias municipais de sa\u00fade de Goi\u00e2nia e dos munic\u00edpios lim\u00edtrofes \u00e0 capital. Na ocasi\u00e3o, ser\u00e3o discutidas medidas conjuntas a serem realizadas.<\/p>\n<p>Investiga\u00e7\u00e3o<\/p>\n<p>As investiga\u00e7\u00f5es da causa da morte do animal come\u00e7aram no dia 25 de outubro, quando a Diretoria de Vigil\u00e2ncia de Zoonoses recebeu a notifica\u00e7\u00e3o de um morador do Setor Forteville de que havia um macaco morto em sua ch\u00e1cara. Imediatamente, a Secretaria Municipal de Sa\u00fade iniciou o processo de investiga\u00e7\u00e3o e a\u00e7\u00f5es de controle. No dia 04 de novembro, a SMS recebeu a confirma\u00e7\u00e3o da morte do macaco por Febre Amarela pelo Laborat\u00f3rio de Sa\u00fade P\u00fablica Dr. Giovanni Cysneiros (LACEN-GO).<\/p>\n<p>Com a confirma\u00e7\u00e3o da doen\u00e7a, a Secretaria Municipal de Sa\u00fade de Goi\u00e2nia iniciou uma nova etapa das a\u00e7\u00f5es, com desencadeamento de bloqueio vacinal e busca ativa de outras epizootias (morte de macacos) e casos em humanos. De 27\/10 a 03\/11 agentes de endemias da SMS visitaram 8.250 resid\u00eancias na regi\u00e3o onde ocorreu a morte do macaco. Nessas visitas os agentes fizeram elimina\u00e7\u00e3o de criadouros, orienta\u00e7\u00e3o para manuten\u00e7\u00e3o dos domic\u00edlios, orienta\u00e7\u00e3o para vacina\u00e7\u00e3o e para preven\u00e7\u00e3o ao adentrarem na mata onde foi encontrado o macaco, com uso de repelentes e de roupas que protejam os bra\u00e7os e pernas.<\/p>\n<p>Vacina\u00e7\u00e3o<\/p>\n<p>A \u00fanica forma de evitar a Febre Amarela \u00e9 a vacina\u00e7\u00e3o contra a doen\u00e7a. A vacina \u00e9 altamente eficaz e est\u00e1 dispon\u00edvel gratuitamente nos postos de sa\u00fade em qualquer \u00e9poca do ano.<\/p>\n<p>A SMS Goi\u00e2nia vai vacinar as pessoas n\u00e3o vacinadas ou parcialmente vacinadas contra Febre Amarela da regi\u00e3o sudoeste, nos pr\u00f3ximos dois s\u00e1bados, dias 07\/11 e 14\/11, em todas as unidades de sa\u00fade desta regi\u00e3o. Al\u00e9m disso, as salas de vacina de todo o munic\u00edpio est\u00e3o disponibilizando a vacina durante a semana em hor\u00e1rio comercial exceto o Cais Campinas, que est\u00e1 vacinando de segunda a segunda das 8h \u00e0s 18h. Quem j\u00e1 recebeu duas doses de vacina contra Febre Amarela \u00e9 considerado protegido ou imunizado, independente de quando ele vacinou.<\/p>\n","protected":false},"excerpt":{"rendered":"","protected":false},"author":54,"featured_media":0,"comment_status":"closed","ping_status":"open","sticky":false,"template":"","format":"standard","meta":{"footnotes":""},"categories":[30],"tags":[],"class_list":["post-4918","post","type-post","status-publish","format-standard","hentry","category-noticias"],"rttpg_featured_image_url":null,"rttpg_author":{"display_name":"hosanagodoy","author_link":"https:\/\/goias.gov.br\/controladoria\/author\/hosanagodoy\/"},"rttpg_comment":0,"rttpg_category":"<a href=\"https:\/\/goias.gov.br\/controladoria\/categoria\/noticias\/\" rel=\"category tag\">Not\u00edcias<\/a>","rttpg_excerpt":null,"_links":{"self":[{"href":"https:\/\/goias.gov.br\/controladoria\/wp-json\/wp\/v2\/posts\/4918","targetHints":{"allow":["GET"]}}],"collection":[{"href":"https:\/\/goias.gov.br\/controladoria\/wp-json\/wp\/v2\/posts"}],"about":[{"href":"https:\/\/goias.gov.br\/controladoria\/wp-json\/wp\/v2\/types\/post"}],"author":[{"embeddable":true,"href":"https:\/\/goias.gov.br\/controladoria\/wp-json\/wp\/v2\/users\/54"}],"replies":[{"embeddable":true,"href":"https:\/\/goias.gov.br\/controladoria\/wp-json\/wp\/v2\/comments?post=4918"}],"version-history":[{"count":0,"href":"https:\/\/goias.gov.br\/controladoria\/wp-json\/wp\/v2\/posts\/4918\/revisions"}],"wp:attachment":[{"href":"https:\/\/goias.gov.br\/controladoria\/wp-json\/wp\/v2\/media?parent=4918"}],"wp:term":[{"taxonomy":"category","embeddable":true,"href":"https:\/\/goias.gov.br\/controladoria\/wp-json\/wp\/v2\/categories?post=4918"},{"taxonomy":"post_tag","embeddable":true,"href":"https:\/\/goias.gov.br\/controladoria\/wp-json\/wp\/v2\/tags?post=4918"}],"curies":[{"name":"wp","href":"https:\/\/api.w.org\/{rel}","templated":true}]}}