

{"id":47464,"date":"2024-08-22T12:07:08","date_gmt":"2024-08-22T15:07:08","guid":{"rendered":"https:\/\/goias.gov.br\/controladoria\/?p=47464"},"modified":"2024-08-22T12:07:08","modified_gmt":"2024-08-22T15:07:08","slug":"servidores-da-cge-recebem-homenagem-da-alego","status":"publish","type":"post","link":"https:\/\/goias.gov.br\/controladoria\/servidores-da-cge-recebem-homenagem-da-alego\/","title":{"rendered":"Servidores da CGE recebem homenagem da Alego"},"content":{"rendered":"\n<p>O trabalho desempenhado pela Subsecretaria de Controle Interno e <em>Compliance<\/em> da Secretaria da Sa\u00fade de Goi\u00e1s foi reconhecido, nesta segunda-feira (19), durante sess\u00e3o da Assembleia Legislativa estadual (Alego), com a entrega do Certificado de M\u00e9rito Legislativo aos gestores lotados na pasta.<\/p>\n\n\n\n<p>Foram homenageados a gerente de Auditoria do SUS, Julia Elisa Willik; o subsecret\u00e1rio de Controle Interno e <em>Compliance<\/em>, Adriano Abreu de Castro; o gerente de Inspe\u00e7\u00e3o, Rafael Rezende Aidar; a gerente de Governo Aberto, L\u00edvia Oliveira Soares; o superintendente de Controle Interno e Correi\u00e7\u00e3o, Jose Augusto Carneiro; e o superintendente de Governo Aberto e Participa\u00e7\u00e3o Social, S\u00e9rgio Gomes de Carvalho.<\/p>\n\n\n\n<p>O Certificado de M\u00e9rito Legislativo \u00e9 uma honraria concedida pela Alego como forma de reconhecimento em diversas \u00e1reas. Neste caso, o reconhecimento se deveu \u00e0s a\u00e7\u00f5es voltadas para a melhoria do acesso da popula\u00e7\u00e3o goiana aos servi\u00e7os de sa\u00fade.<\/p>\n\n\n\n<p><strong>Comunica\u00e7\u00e3o Setorial CGE \u2013 Governo de Goi\u00e1s<\/strong><\/p>\n\n\n\n<p><\/p>\n","protected":false},"excerpt":{"rendered":"<p>O trabalho desempenhado pela Subsecretaria de Controle Interno e Compliance da Secretaria da Sa\u00fade de Goi\u00e1s foi reconhecido, nesta segunda-feira (19), durante sess\u00e3o da Assembleia Legislativa estadual (Alego), com a entrega do Certificado de M\u00e9rito Legislativo aos gestores lotados na pasta. Foram homenageados a gerente de Auditoria do SUS, Julia Elisa Willik; o subsecret\u00e1rio de [&hellip;]<\/p>\n","protected":false},"author":42,"featured_media":47471,"comment_status":"closed","ping_status":"open","sticky":false,"template":"","format":"standard","meta":{"footnotes":""},"categories":[30],"tags":[182],"class_list":["post-47464","post","type-post","status-publish","format-standard","has-post-thumbnail","hentry","category-noticias","tag-reconhecimento"],"rttpg_featured_image_url":{"full":["https:\/\/goias.gov.br\/controladoria\/wp-content\/uploads\/sites\/31\/2024\/08\/merito_legislativo.jpg",1280,853,false],"landscape":["https:\/\/goias.gov.br\/controladoria\/wp-content\/uploads\/sites\/31\/2024\/08\/merito_legislativo.jpg",1280,853,false],"portraits":["https:\/\/goias.gov.br\/controladoria\/wp-content\/uploads\/sites\/31\/2024\/08\/merito_legislativo.jpg",1280,853,false],"thumbnail":["https:\/\/goias.gov.br\/controladoria\/wp-content\/uploads\/sites\/31\/2024\/08\/merito_legislativo-150x150.jpg",150,150,true],"medium":["https:\/\/goias.gov.br\/controladoria\/wp-content\/uploads\/sites\/31\/2024\/08\/merito_legislativo-300x200.jpg",300,200,true],"large":["https:\/\/goias.gov.br\/controladoria\/wp-content\/uploads\/sites\/31\/2024\/08\/merito_legislativo-1024x682.jpg",1024,682,true],"1536x1536":["https:\/\/goias.gov.br\/controladoria\/wp-content\/uploads\/sites\/31\/2024\/08\/merito_legislativo.jpg",1280,853,false],"2048x2048":["https:\/\/goias.gov.br\/controladoria\/wp-content\/uploads\/sites\/31\/2024\/08\/merito_legislativo.jpg",1280,853,false]},"rttpg_author":{"display_name":"carolinalima","author_link":"https:\/\/goias.gov.br\/controladoria\/author\/carolinalima\/"},"rttpg_comment":0,"rttpg_category":"<a href=\"https:\/\/goias.gov.br\/controladoria\/categoria\/noticias\/\" rel=\"category tag\">Not\u00edcias<\/a>","rttpg_excerpt":"O trabalho desempenhado pela Subsecretaria de Controle Interno e Compliance da Secretaria da Sa\u00fade de Goi\u00e1s foi reconhecido, nesta segunda-feira (19), durante sess\u00e3o da Assembleia Legislativa estadual (Alego), com a entrega do Certificado de M\u00e9rito Legislativo aos gestores lotados na pasta. Foram homenageados a gerente de Auditoria do SUS, Julia Elisa Willik; o subsecret\u00e1rio de&hellip;","_links":{"self":[{"href":"https:\/\/goias.gov.br\/controladoria\/wp-json\/wp\/v2\/posts\/47464","targetHints":{"allow":["GET"]}}],"collection":[{"href":"https:\/\/goias.gov.br\/controladoria\/wp-json\/wp\/v2\/posts"}],"about":[{"href":"https:\/\/goias.gov.br\/controladoria\/wp-json\/wp\/v2\/types\/post"}],"author":[{"embeddable":true,"href":"https:\/\/goias.gov.br\/controladoria\/wp-json\/wp\/v2\/users\/42"}],"replies":[{"embeddable":true,"href":"https:\/\/goias.gov.br\/controladoria\/wp-json\/wp\/v2\/comments?post=47464"}],"version-history":[{"count":1,"href":"https:\/\/goias.gov.br\/controladoria\/wp-json\/wp\/v2\/posts\/47464\/revisions"}],"predecessor-version":[{"id":47474,"href":"https:\/\/goias.gov.br\/controladoria\/wp-json\/wp\/v2\/posts\/47464\/revisions\/47474"}],"wp:featuredmedia":[{"embeddable":true,"href":"https:\/\/goias.gov.br\/controladoria\/wp-json\/wp\/v2\/media\/47471"}],"wp:attachment":[{"href":"https:\/\/goias.gov.br\/controladoria\/wp-json\/wp\/v2\/media?parent=47464"}],"wp:term":[{"taxonomy":"category","embeddable":true,"href":"https:\/\/goias.gov.br\/controladoria\/wp-json\/wp\/v2\/categories?post=47464"},{"taxonomy":"post_tag","embeddable":true,"href":"https:\/\/goias.gov.br\/controladoria\/wp-json\/wp\/v2\/tags?post=47464"}],"curies":[{"name":"wp","href":"https:\/\/api.w.org\/{rel}","templated":true}]}}