

{"id":4187,"date":"2016-07-26T05:13:43","date_gmt":"2016-07-26T08:13:43","guid":{"rendered":"https:\/\/siteshom.goias.gov.br\/controladoria\/na-cidade-de-goias-marconi-homenageia-governadores-embaixadores-e-ministros\/"},"modified":"2016-07-26T05:13:43","modified_gmt":"2016-07-26T08:13:43","slug":"na-cidade-de-goias-marconi-homenageia-governadores-embaixadores-e-ministros","status":"publish","type":"post","link":"https:\/\/goias.gov.br\/controladoria\/na-cidade-de-goias-marconi-homenageia-governadores-embaixadores-e-ministros\/","title":{"rendered":"Na cidade de Goi\u00e1s, Marconi homenageia governadores, embaixadores e ministros"},"content":{"rendered":"<p>\n<!--more--><\/p>\n<p>O governador Marconi Perillo reafirmou no discurso de Transfer\u00eancia dos Tr\u00eas Poderes para a cidade de Goi\u00e1s, na segunda-feira (25\/7) a import\u00e2ncia de se assumir o compromisso de parcerias republicanas para o desenvolvimento\u00a0 do Estado e do Pa\u00eds. Na cerim\u00f4nia, realizada na Pra\u00e7a do Coreto, ele entregou a comenda Ordem do M\u00e9rito Anhanguera, a mais alta condecora\u00e7\u00e3o de m\u00e9rito conferida pelo Poder Executivo do Estado, aos governadores Beto Richa (Paran\u00e1) e Jackson Barreto (Sergipe), cinco ministros, dez embaixadores, parlamentares, prefeitos, artistas e representantes da sociedade civil. Ao todo, foram homenageadas 111 personalidades.<\/p>\n<p>A cerim\u00f4nia de instala\u00e7\u00e3o dos Podres Executivo, Legislativo e Judici\u00e1rio para a cidade de Goi\u00e1s, que efetiva a transfer\u00eancia simb\u00f3lica da capital para a Cidade de Goi\u00e1s, \u00e9 o ponto alto da programa\u00e7\u00e3o oficial de dois dias. A mudan\u00e7a da capital de Goi\u00e2nia para Goi\u00e1s, antiga capital do Estado, ocorre todo dia 25 de julho, data do anivers\u00e1rio de funda\u00e7\u00e3o do munic\u00edpio, que neste ano completa 289 anos de funda\u00e7\u00e3o e 15 anos como Patrim\u00f4nio da Humanidade, t\u00edtulo concedido pela Unesco.<\/p>\n<p>Marconi disse que essa \u00e9 a 13\u00aa vez em quatro mandatos que ele participa dessa cerim\u00f4nia que eleva a cidade de Goi\u00e1s. &#8220;Temos a honra de fazer da Cidade de Goi\u00e1s uma vez mais a capital de nosso Estado. Goi\u00e1s \u00e9 nossa Cidade Eterna. Aos p\u00e9s da Serra Dourada, Goi\u00e1s preserva sua hist\u00f3ria para manter vivas as tradi\u00e7\u00f5es, a cultura, as riquezas e a natureza exuberante que nos fazem \u00fanicos no Brasil e no mundo&#8221;, destacou.<\/p>\n<p>Ele lembrou, durante discurso para cerca de 400 pessoas, que esta foi uma das mais expressivas\u00a0 solenidades de transfer\u00eancia simb\u00f3lica da capital que presidiu. &#8220;Tenho o orgulho de receber governadores, embaixadores, ministros, deputados, prefeitos. \u00c9 por meio de rela\u00e7\u00f5es republicanas que a avan\u00e7amos&#8221;, destacou. Lembrou ainda o desenvolvimento econ\u00f4mico do Estado de Goi\u00e1s nos \u00faltimos anos. &#8220;Em sintonia com suas tradi\u00e7\u00f5es, nosso estado atravessou, nos \u00faltimos anos, fase de desenvolvimento econ\u00f4mico sem precedentes nas \u00faltimas d\u00e9cadas. Fomos o Estado que mais cresceu e dividiu renda&#8221;.<\/p>\n<p>A Ordem do M\u00e9rito Anhanguera foi criada pelo Decreto n\u00famero 479, de 24 de junho de 1975, com a finalidade de \u201cagraciar pessoas f\u00edsicas ou corpora\u00e7\u00f5es militares, nacionais ou estrangeiras, suas bandeiras ou estandartes, por seus relevantes servi\u00e7os, a\u00e7\u00f5es ou m\u00e9ritos excepcionais, recomendem o reconhecimento do Estado de Goi\u00e1s\u201d. A condecora\u00e7\u00e3o, a mais alta honraria conferida pelo Governo de Goi\u00e1s, \u00e9 dividida em tr\u00eas graus: Gr\u00e3-Cruz, Grande Oficial e Comendador.<\/p>\n<p>Papel hist\u00f3rico<\/p>\n<p>Falando em nome do poder Judici\u00e1rio, o presidente do Tribunal de Justi\u00e7a, Leobino Valente, ressaltou que a transfer\u00eancia simb\u00f3lica dos Tr\u00eas Poderes para Goi\u00e1s \u00e9 hoje uma tradi\u00e7\u00e3o, que remonta ao in\u00edcio da d\u00e9cada de 60, pelo decreto assinado pelo ent\u00e3o governador Mauro Borges. Leobino fez refer\u00eancias ao atual momento que o pa\u00eds passa e disse torcer para que o Brasil retome a trilha do desenvolvimento econ\u00f4mico. Enfatizou ainda que, mais do que nunca, os poderes constitu\u00eddos precisam estar unidos, cada um cumprindo suas tarefas constitucionais.<\/p>\n<p>O presidente da Assembleia Legislativa, H\u00e9lio de Sousa, \u00a0falou em nome do Legislativo, e disse que a transfer\u00eancia da capital \u00e9 mais que um ato formal, um reconhecimento das ra\u00edzes culturais do povo goiano. \u201cO Legislativo se sente contemplado em participar desse momento hist\u00f3rico e por reafirmar seu respeito em considera\u00e7\u00e3o pelos poderes Executivo e Judici\u00e1rio\u201d, disse H\u00e9lio. Ao ressaltar a presen\u00e7a de tantas autoridades reunidas numa solenidade oficial, ele encerrou o discurso observando que o sentimento que deve uni-los \u00e9 e de muita paz.<\/p>\n<p>Em nome das autoridades homenageadas falou o ministro da Justi\u00e7a, Alexandre de Morais. Ele disse que n\u00e3o conhecia, mas teve agora o prazer de conhecer a cidade de Goi\u00e1s, Patrim\u00f4nio Hist\u00f3rico Cultural da Humanidade. Lembrou que das doze cidades brasileiras declaradas pela Unesco patrim\u00f4nio da humanidade, uma das mais belas \u00e9 a Cidade de Goi\u00e1s. O ministro tamb\u00e9m observou que a comenda Ordem do M\u00e9rito do Anhanguera, a mais alta condecora\u00e7\u00e3o do Governo de Goi\u00e1s, mostra a rela\u00e7\u00e3o hist\u00f3rica de Goi\u00e1s com o Estado de S\u00e3o Paulo, onde ele exerceu at\u00e9 h\u00e1 pouco tempo o cargo de Secret\u00e1rio de Seguran\u00e7a P\u00fablica. \u201cHoje eu me sinto um pouco mais de Goi\u00e1s\u201d, disse, ao comemorar a homenagem e afirmar que as portas do governo federal est\u00e3o abertas para Goi\u00e1s.<\/p>\n","protected":false},"excerpt":{"rendered":"","protected":false},"author":54,"featured_media":0,"comment_status":"closed","ping_status":"open","sticky":false,"template":"","format":"standard","meta":{"footnotes":""},"categories":[30],"tags":[],"class_list":["post-4187","post","type-post","status-publish","format-standard","hentry","category-noticias"],"rttpg_featured_image_url":null,"rttpg_author":{"display_name":"hosanagodoy","author_link":"https:\/\/goias.gov.br\/controladoria\/author\/hosanagodoy\/"},"rttpg_comment":0,"rttpg_category":"<a href=\"https:\/\/goias.gov.br\/controladoria\/categoria\/noticias\/\" rel=\"category tag\">Not\u00edcias<\/a>","rttpg_excerpt":null,"_links":{"self":[{"href":"https:\/\/goias.gov.br\/controladoria\/wp-json\/wp\/v2\/posts\/4187","targetHints":{"allow":["GET"]}}],"collection":[{"href":"https:\/\/goias.gov.br\/controladoria\/wp-json\/wp\/v2\/posts"}],"about":[{"href":"https:\/\/goias.gov.br\/controladoria\/wp-json\/wp\/v2\/types\/post"}],"author":[{"embeddable":true,"href":"https:\/\/goias.gov.br\/controladoria\/wp-json\/wp\/v2\/users\/54"}],"replies":[{"embeddable":true,"href":"https:\/\/goias.gov.br\/controladoria\/wp-json\/wp\/v2\/comments?post=4187"}],"version-history":[{"count":0,"href":"https:\/\/goias.gov.br\/controladoria\/wp-json\/wp\/v2\/posts\/4187\/revisions"}],"wp:attachment":[{"href":"https:\/\/goias.gov.br\/controladoria\/wp-json\/wp\/v2\/media?parent=4187"}],"wp:term":[{"taxonomy":"category","embeddable":true,"href":"https:\/\/goias.gov.br\/controladoria\/wp-json\/wp\/v2\/categories?post=4187"},{"taxonomy":"post_tag","embeddable":true,"href":"https:\/\/goias.gov.br\/controladoria\/wp-json\/wp\/v2\/tags?post=4187"}],"curies":[{"name":"wp","href":"https:\/\/api.w.org\/{rel}","templated":true}]}}