

{"id":4185,"date":"2016-08-15T07:37:23","date_gmt":"2016-08-15T10:37:23","guid":{"rendered":"https:\/\/siteshom.goias.gov.br\/controladoria\/na-bahia-marconi-afirma-que-brasil-ficara-emperrado-se-nao-fizer-reformas\/"},"modified":"2016-08-15T07:37:23","modified_gmt":"2016-08-15T10:37:23","slug":"na-bahia-marconi-afirma-que-brasil-ficara-emperrado-se-nao-fizer-reformas","status":"publish","type":"post","link":"https:\/\/goias.gov.br\/controladoria\/na-bahia-marconi-afirma-que-brasil-ficara-emperrado-se-nao-fizer-reformas\/","title":{"rendered":"Na Bahia, Marconi afirma que Brasil ficar\u00e1 emperrado se n\u00e3o fizer reformas"},"content":{"rendered":"<p>\n<!--more--><\/p>\n<p>Ap\u00f3s detalhar as medidas adotadas pelo Governo de Goi\u00e1s para o enfrentamento da crise econ\u00f4mica nacional em palestras em S\u00e3o Paulo, Bras\u00edlia, Nova York e na Europa, o governador Marconi Perillo falou sobre o assunto a empres\u00e1rios e lideran\u00e7as pol\u00edticas do Oeste Baiano na sexta-feira (12\/8), na C\u00e2mara Municipal de Barreiras, na Bahia. Ele explicou com min\u00facias as medidas tomadas pelo Governo que levaram Goi\u00e1s a ser oficialmente o primeiro Estado a superar a crise.<\/p>\n<p>\u201cGoi\u00e1s e o Mato Grosso foram os \u00fanicos Estados a fecharem o primeiro semestre deste ano com super\u00e1vit de empregos. Isso demonstra que foram acertadas as medidas \u2018l\u00e1 atr\u00e1s\u2019, no in\u00edcio da retra\u00e7\u00e3o econ\u00f4mica, que fizeram com que super\u00e1ssemos as dificuldades impostas pela crise\u201d, alegou o governador.\u00a0Perguntado sobre a maneira como o Pa\u00eds e os outros Estados e munic\u00edpios poderiam se espelhar em Goi\u00e1s para inverter a curva da recess\u00e3o e do desemprego, Marconi afirmou que as reformas tribut\u00e1ria, previdenci\u00e1ria, trabalhista, pol\u00edtica e administrativa s\u00e3o necess\u00e1rias para diminui\u00e7\u00e3o do chamado \u201cCusto Brasil\u201d.<\/p>\n<p>\u201cS\u00e3o reformas que est\u00e3o emperrando o crescimento do pa\u00eds\u201d, apontou. Ele afirmou ser necess\u00e1ria a cria\u00e7\u00e3o um ambiente de maior competitividade, com redu\u00e7\u00e3o dos juros. \u201cPrecisamos diminuir o \u2018Custo Brasil\u2019, fazer reformas, reduzir juros e criar um ambiente de competitividade\u201d, reiterou.<\/p>\n<p>O governador apontou caminhos para melhora da performance das exporta\u00e7\u00f5es. Explicou que a cria\u00e7\u00e3o de mecanismos que deem condi\u00e7\u00f5es para os empres\u00e1rios produzirem e exportarem \u201cs\u00e3o fundamentais para a retomada do crescimento da economia\u201d. Alegou ainda ser necess\u00e1rio manter a pol\u00edtica de c\u00e2mbio, como forma de ampliar as exporta\u00e7\u00f5es, ao dar competitividade aos produtores.<\/p>\n<p>Organiza\u00e7\u00f5es Sociais<\/p>\n<p>Marconi demonstrou como Goi\u00e1s mudou a realidade da sa\u00fade p\u00fablica, com a gest\u00e3o das Organiza\u00e7\u00f5es Sociais. \u201cEm m\u00e9dia, temos 94% de aprova\u00e7\u00e3o nos hospitais que s\u00e3o geridos pelas OSs. \u00c9 necess\u00e1rio trazer o terceiro setor para ajudar na administra\u00e7\u00e3o dos estados, dos munic\u00edpios, para que a gente possa ter de novo um c\u00edrculo virtuoso de desenvolvimento e prosperidade\u201d, apontou.<\/p>\n<p>Marconi explicou que o fato de ter se antecipado ao in\u00edcio da crise, em 2014, com a redu\u00e7\u00e3o do quadro de servidores, redu\u00e7\u00e3o de secretarias para dez, corte de gastos, possibilitaram a Goi\u00e1s projetar um clima de pujan\u00e7a para os pr\u00f3ximos anos.\u00a0Participaram da palestra o prefeito de Barreiras, Ant\u00f4nio Henrique de Sousa Moreira, o diretor da Aprocom, organizadora do evento, Adriano Amarante. \u201cA vis\u00e3o de Vossa Excel\u00eancia ampliar\u00e1 ainda mais nossos horizontes, para superar os momentos cr\u00edticos que estamos passando no pa\u00eds\u201d, agradeceu o prefeito.<\/p><\/p>\n","protected":false},"excerpt":{"rendered":"","protected":false},"author":54,"featured_media":0,"comment_status":"closed","ping_status":"open","sticky":false,"template":"","format":"standard","meta":{"footnotes":""},"categories":[30],"tags":[],"class_list":["post-4185","post","type-post","status-publish","format-standard","hentry","category-noticias"],"rttpg_featured_image_url":null,"rttpg_author":{"display_name":"hosanagodoy","author_link":"https:\/\/goias.gov.br\/controladoria\/author\/hosanagodoy\/"},"rttpg_comment":0,"rttpg_category":"<a href=\"https:\/\/goias.gov.br\/controladoria\/categoria\/noticias\/\" rel=\"category tag\">Not\u00edcias<\/a>","rttpg_excerpt":null,"_links":{"self":[{"href":"https:\/\/goias.gov.br\/controladoria\/wp-json\/wp\/v2\/posts\/4185","targetHints":{"allow":["GET"]}}],"collection":[{"href":"https:\/\/goias.gov.br\/controladoria\/wp-json\/wp\/v2\/posts"}],"about":[{"href":"https:\/\/goias.gov.br\/controladoria\/wp-json\/wp\/v2\/types\/post"}],"author":[{"embeddable":true,"href":"https:\/\/goias.gov.br\/controladoria\/wp-json\/wp\/v2\/users\/54"}],"replies":[{"embeddable":true,"href":"https:\/\/goias.gov.br\/controladoria\/wp-json\/wp\/v2\/comments?post=4185"}],"version-history":[{"count":0,"href":"https:\/\/goias.gov.br\/controladoria\/wp-json\/wp\/v2\/posts\/4185\/revisions"}],"wp:attachment":[{"href":"https:\/\/goias.gov.br\/controladoria\/wp-json\/wp\/v2\/media?parent=4185"}],"wp:term":[{"taxonomy":"category","embeddable":true,"href":"https:\/\/goias.gov.br\/controladoria\/wp-json\/wp\/v2\/categories?post=4185"},{"taxonomy":"post_tag","embeddable":true,"href":"https:\/\/goias.gov.br\/controladoria\/wp-json\/wp\/v2\/tags?post=4185"}],"curies":[{"name":"wp","href":"https:\/\/api.w.org\/{rel}","templated":true}]}}