

{"id":4160,"date":"2011-06-15T17:11:14","date_gmt":"2011-06-15T20:11:14","guid":{"rendered":"https:\/\/siteshom.goias.gov.br\/controladoria\/municipios-sao-estimulados-a-fortalecer-controle-interno\/"},"modified":"2011-06-15T17:11:14","modified_gmt":"2011-06-15T20:11:14","slug":"municipios-sao-estimulados-a-fortalecer-controle-interno","status":"publish","type":"post","link":"https:\/\/goias.gov.br\/controladoria\/municipios-sao-estimulados-a-fortalecer-controle-interno\/","title":{"rendered":"Munic\u00edpios s\u00e3o estimulados a fortalecer controle interno"},"content":{"rendered":"<p>\n<!--more--><\/p>\n<p><a href=\"http:\/\/cgego1.hospedagemdesites.ws\/cge\/wp-content\/uploads\/2012\/08\/MAZ_0037.jpg\"><img decoding=\"async\" class=\"alignleft size-medium wp-image-1230\" title=\"MAZ_0037\" src=\"http:\/\/cgego1.hospedagemdesites.ws\/cge\/wp-content\/uploads\/2012\/08\/MAZ_0037-300x160.jpg\" alt=\"\" width=\"300\" height=\"160\" \/><\/a>A import\u00e2ncia do efetivo controle interno das a\u00e7\u00f5es administrativas, em especial na aplica\u00e7\u00e3o adequada dos recursos p\u00fablicos, foi a t\u00f4nica dos discursos e palestras proferidos hoje (15\/6) na abertura do 1\u00ba Encontro de Capacita\u00e7\u00e3o das Controladorias Internas dos Munic\u00edpios, que re\u00fane no audit\u00f3rio da Celg, em Goi\u00e2nia, mais de 400 gestores p\u00fablicos, secret\u00e1rios, assessores e t\u00e9cnicos provenientes de 196 munic\u00edpios de Goi\u00e1s. O evento, organizado por meio de parceria da Controladoria Geral da Uni\u00e3o com a Controladoria Geral do Estado e Tribunal de Contas dos Munic\u00edpios, continua at\u00e9 amanh\u00e3.<\/p>\n<p>O diretor de Planejamento do Tribunal de Contas dos Munic\u00edpios, Marcos Ant\u00f4nio Borges, recomendou aos representantes dos munic\u00edpios a\u00e7\u00f5es eficazes no segmento do controle das contas p\u00fablicas, lembrando que em 2012 termina o prazo para implanta\u00e7\u00e3o do Programa de Contas Aplicado ao Setor P\u00fablico (PCASP), que ser\u00e1 de suma import\u00e2ncia para consolidar o setor p\u00fablico no Brasil como instrumento de promo\u00e7\u00e3o do bem-estar e do desenvolvimento sociecon\u00f4mico. Com esse programa, as contas p\u00fablicas ter\u00e3o de ser mostradas \u00e0 sociedade em tempo real por meio eletr\u00f4nico, ou seja, uma despesa realizada hoje ter\u00e1 de ser informada \u00e0 popula\u00e7\u00e3o no dia seguinte.<\/p>\n<p>O secret\u00e1rio-chefe da Controladoria Geral do Estado, Jos\u00e9 Carlos Siqueira, ressaltou a import\u00e2ncias das parcerias entre CGU, CGE e TCM para oferecer aos munic\u00edpios informa\u00e7\u00f5es e instrumentos eficazes para a efetiva consolida\u00e7\u00e3o dos sistemas de controle interno. Conforme disse, a Controladoria Geral do Estado tem se empenhado na tarefa de acompanhar, fiscalizar e promover a melhoria dos procedimentos na aplica\u00e7\u00e3o dos recursos p\u00fablicos no \u00e2mbito da administra\u00e7\u00e3o estadual, mas atua tamb\u00e9m para que os munic\u00edpios adotem provid\u00eancias com esse objetivo.<\/p>\n<p>O chefe da Controladoria Regional da Uni\u00e3o em Goi\u00e1s, Dilermando Jos\u00e9 da Silva, afirmou que a capacita\u00e7\u00e3o de gestores p\u00fablicos para o efetivo controle da aplica\u00e7\u00e3o dos recursos p\u00fablicos j\u00e1 faz parte das a\u00e7\u00f5es da Pasta que, em Goi\u00e1s, se tornam mais efetivas com as parcerias firmadas com a CGE e com o TCM. Ele discorreu sobre as atribui\u00e7\u00f5es da CGU nas \u00e1reas de controle, correi\u00e7\u00e3o, preven\u00e7\u00e3o e ouvidoria. A t\u00e9cnica Marina Almeida do Amaral, tamb\u00e9m da CGU, falou sobre a 1\u00aa Confer\u00eancia sobre Transpar\u00eancia e Controle Social (Consocial) que ter\u00e1 etapas locais e\/ou regionais (munic\u00edpios), estadual e federal.<\/p>\n<p>Palestras<\/p>\n<p>Na seq\u00fc\u00eancia dos trabalhos, foram realizadas palestras t\u00e9cnicas focadas na capacita\u00e7\u00e3o e treinamento dos participantes para atua\u00e7\u00e3o nas \u00e1reas de controle interno dos munic\u00edpios. O Perfil Institucional e a Atua\u00e7\u00e3o da CGU foi o tema da palestra proferida por Luiz Gonzaga \u00c1lvares de Oliveira, ressaltando que os administradores p\u00fablicos precisam compreender que controle interno \u00e9 atividade de estado e n\u00e3o de governo, pois este passa e o controle interno prevalece.<\/p>\n<p>O representante do Minist\u00e9rio P\u00fablico de Contas do Tribunal de Contas dos Munic\u00edpios, Jos\u00e9 Gustavo Ata\u00edde, falou sobre Controle Interno Municipal: Legisla\u00e7\u00e3o Conceitos e Princ\u00edpios. A Superintendente de Preven\u00e7\u00e3o da Corrup\u00e7\u00e3o e Informa\u00e7\u00f5es Estrat\u00e9gicas da Controladoria Geral do Estado, Maria D&#8217;Abadia de Oliveira Borges Brand\u00e3o, fez explana\u00e7\u00e3o sobre Transpar\u00eancia e Controle Social como Miss\u00e3o (e desafio) das Controladorias P\u00fablicas. J\u00e1 o superintendente de Controle Interno, Andr\u00e9 da Silva G\u00f3es, fez palestra sobre sistem\u00e1tica de fiscaliza\u00e7\u00e3o da Controladoria Geral do Estado. Finalmente, o representante do Grupo Estadual de Educa\u00e7\u00e3o Fiscal, Humberto Matsuda, abordou o tema Import\u00e2ncia da Educa\u00e7\u00e3o Fiscal para os Munic\u00edpios.<\/p>\n<p>At\u00e9 amanh\u00e3, os participantes do encontro ter\u00e3o palestras sobre Controle Interno e Auditoria Interna, Tipologia de Constata\u00e7\u00e3o por \u00e1rea de gest\u00e3o (licita\u00e7\u00f5es e contratos, controle de estoque e patrim\u00f4nio, gest\u00e3o financeira e recursos humanos); Tipologia de Constata\u00e7\u00e3o nos Programas Federais de Sa\u00fade, de Educa\u00e7\u00e3o e de Assist\u00eancia Social.<br \/>\n(CGE \u2013 3201-5366)<\/p>\n","protected":false},"excerpt":{"rendered":"","protected":false},"author":54,"featured_media":0,"comment_status":"closed","ping_status":"open","sticky":false,"template":"","format":"standard","meta":{"footnotes":""},"categories":[30],"tags":[],"class_list":["post-4160","post","type-post","status-publish","format-standard","hentry","category-noticias"],"rttpg_featured_image_url":null,"rttpg_author":{"display_name":"hosanagodoy","author_link":"https:\/\/goias.gov.br\/controladoria\/author\/hosanagodoy\/"},"rttpg_comment":0,"rttpg_category":"<a href=\"https:\/\/goias.gov.br\/controladoria\/categoria\/noticias\/\" rel=\"category tag\">Not\u00edcias<\/a>","rttpg_excerpt":null,"_links":{"self":[{"href":"https:\/\/goias.gov.br\/controladoria\/wp-json\/wp\/v2\/posts\/4160","targetHints":{"allow":["GET"]}}],"collection":[{"href":"https:\/\/goias.gov.br\/controladoria\/wp-json\/wp\/v2\/posts"}],"about":[{"href":"https:\/\/goias.gov.br\/controladoria\/wp-json\/wp\/v2\/types\/post"}],"author":[{"embeddable":true,"href":"https:\/\/goias.gov.br\/controladoria\/wp-json\/wp\/v2\/users\/54"}],"replies":[{"embeddable":true,"href":"https:\/\/goias.gov.br\/controladoria\/wp-json\/wp\/v2\/comments?post=4160"}],"version-history":[{"count":0,"href":"https:\/\/goias.gov.br\/controladoria\/wp-json\/wp\/v2\/posts\/4160\/revisions"}],"wp:attachment":[{"href":"https:\/\/goias.gov.br\/controladoria\/wp-json\/wp\/v2\/media?parent=4160"}],"wp:term":[{"taxonomy":"category","embeddable":true,"href":"https:\/\/goias.gov.br\/controladoria\/wp-json\/wp\/v2\/categories?post=4160"},{"taxonomy":"post_tag","embeddable":true,"href":"https:\/\/goias.gov.br\/controladoria\/wp-json\/wp\/v2\/tags?post=4160"}],"curies":[{"name":"wp","href":"https:\/\/api.w.org\/{rel}","templated":true}]}}