

{"id":4157,"date":"2016-04-29T04:24:33","date_gmt":"2016-04-29T07:24:33","guid":{"rendered":"https:\/\/siteshom.goias.gov.br\/controladoria\/municipios-definem-se-realizarao-dia-d-da-vacinacao-contra-influenza\/"},"modified":"2016-04-29T04:24:33","modified_gmt":"2016-04-29T07:24:33","slug":"municipios-definem-se-realizarao-dia-d-da-vacinacao-contra-influenza","status":"publish","type":"post","link":"https:\/\/goias.gov.br\/controladoria\/municipios-definem-se-realizarao-dia-d-da-vacinacao-contra-influenza\/","title":{"rendered":"Munic\u00edpios definem se realizar\u00e3o Dia D da Vacina\u00e7\u00e3o contra Influenza"},"content":{"rendered":"<p>\n<!--more--><\/p>\n<p>Os gestores municipais t\u00eam autonomia para definir a melhor estrat\u00e9gia para a Campanha de Vacina\u00e7\u00e3o contra a Influenza em seus territ\u00f3rios. A informa\u00e7\u00e3o \u00e9 da Secretaria de Estado da Sa\u00fade de Goi\u00e1s (SES-GO), seguindo orienta\u00e7\u00e3o do Minist\u00e9rio da Sa\u00fade. Com isso, cada munic\u00edpio goiano tem a liberdade de realizar ou n\u00e3o o Dia D da campanha, prevista para este s\u00e1bado (30\/4).<\/p>\n<p>\u201cComo o Estado antecipou a campanha de vacina\u00e7\u00e3o para o m\u00eas de abril, grande quantitativo da popula\u00e7\u00e3o-alvo j\u00e1 foi vacinada, por isso cada prefeitura vai avaliar, conhecendo a realidade da regi\u00e3o, se realizar\u00e1 o Dia D\u201d, reitera a superintendente de Vigil\u00e2ncia em Sa\u00fade, Maria Cec\u00edlia Brito. Essa informa\u00e7\u00e3o foi repassada para os munic\u00edpios em reuni\u00e3o do Conselho de Secret\u00e1rios Municipais de Sa\u00fade do Estado de Goi\u00e1s (Cosems-GO), realizado na manh\u00e3 desta quinta-feira, 28, em Goi\u00e2nia. Segundo a superintendente, tamb\u00e9m haver\u00e1 produ\u00e7\u00e3o de nota t\u00e9cnica sobre o assunto, que ser\u00e1 enviada aos gestores municipais.<\/p>\n<p>Grupo priorit\u00e1rio<\/p>\n<p>S\u00e3o integrantes do grupo alvo pessoas a partir de 60 anos, crian\u00e7as de seis meses a menores de cinco anos (quatro anos, 11 meses e 29 dias), trabalhadores de sa\u00fade, povos ind\u00edgenas, gestantes, pu\u00e9rperas (at\u00e9 45 dias ap\u00f3s o parto), pessoas privadas de liberdade \u2013 o que inclui adolescentes e jovens de 12 a 21 anos em medidas socioeducativas &#8211; e os funcion\u00e1rios do sistema prisional. As pessoas portadoras de doen\u00e7as cr\u00f4nicas n\u00e3o transmiss\u00edveis, que inclui pessoas com defici\u00eancias espec\u00edficas, tamb\u00e9m devem se vacinar. Em Goi\u00e1s, o p\u00fablico-alvo \u00e9 estimado em 1,5 milh\u00e3o de pessoas.<\/p>\n<p>A escolha dos grupos priorit\u00e1rios segue recomenda\u00e7\u00e3o da Organiza\u00e7\u00e3o Mundial de Sa\u00fade (OMS). Essa defini\u00e7\u00e3o tamb\u00e9m \u00e9 respaldada por estudos epidemiol\u00f3gicos e pela observa\u00e7\u00e3o do comportamento das infec\u00e7\u00f5es respirat\u00f3rias, que t\u00eam como principal agente os v\u00edrus da gripe. S\u00e3o priorizados os grupos mais suscet\u00edveis ao agravamento de doen\u00e7as respirat\u00f3rias.<\/p>\n","protected":false},"excerpt":{"rendered":"","protected":false},"author":54,"featured_media":0,"comment_status":"closed","ping_status":"open","sticky":false,"template":"","format":"standard","meta":{"footnotes":""},"categories":[30],"tags":[],"class_list":["post-4157","post","type-post","status-publish","format-standard","hentry","category-noticias"],"rttpg_featured_image_url":null,"rttpg_author":{"display_name":"hosanagodoy","author_link":"https:\/\/goias.gov.br\/controladoria\/author\/hosanagodoy\/"},"rttpg_comment":0,"rttpg_category":"<a href=\"https:\/\/goias.gov.br\/controladoria\/categoria\/noticias\/\" rel=\"category tag\">Not\u00edcias<\/a>","rttpg_excerpt":null,"_links":{"self":[{"href":"https:\/\/goias.gov.br\/controladoria\/wp-json\/wp\/v2\/posts\/4157","targetHints":{"allow":["GET"]}}],"collection":[{"href":"https:\/\/goias.gov.br\/controladoria\/wp-json\/wp\/v2\/posts"}],"about":[{"href":"https:\/\/goias.gov.br\/controladoria\/wp-json\/wp\/v2\/types\/post"}],"author":[{"embeddable":true,"href":"https:\/\/goias.gov.br\/controladoria\/wp-json\/wp\/v2\/users\/54"}],"replies":[{"embeddable":true,"href":"https:\/\/goias.gov.br\/controladoria\/wp-json\/wp\/v2\/comments?post=4157"}],"version-history":[{"count":0,"href":"https:\/\/goias.gov.br\/controladoria\/wp-json\/wp\/v2\/posts\/4157\/revisions"}],"wp:attachment":[{"href":"https:\/\/goias.gov.br\/controladoria\/wp-json\/wp\/v2\/media?parent=4157"}],"wp:term":[{"taxonomy":"category","embeddable":true,"href":"https:\/\/goias.gov.br\/controladoria\/wp-json\/wp\/v2\/categories?post=4157"},{"taxonomy":"post_tag","embeddable":true,"href":"https:\/\/goias.gov.br\/controladoria\/wp-json\/wp\/v2\/tags?post=4157"}],"curies":[{"name":"wp","href":"https:\/\/api.w.org\/{rel}","templated":true}]}}