

{"id":4035,"date":"2016-05-04T04:05:50","date_gmt":"2016-05-04T07:05:50","guid":{"rendered":"https:\/\/siteshom.goias.gov.br\/controladoria\/marconi-queremos-apoiar-o-governo-a-levar-o-brasil-para-um-porto-seguro-2\/"},"modified":"2016-05-04T04:05:50","modified_gmt":"2016-05-04T07:05:50","slug":"marconi-queremos-apoiar-o-governo-a-levar-o-brasil-para-um-porto-seguro-2","status":"publish","type":"post","link":"https:\/\/goias.gov.br\/controladoria\/marconi-queremos-apoiar-o-governo-a-levar-o-brasil-para-um-porto-seguro-2\/","title":{"rendered":"Marconi: \u201cQueremos apoiar o governo  a levar o Brasil para um porto seguro\u201d"},"content":{"rendered":"<p>\n<!--more--><\/p>\n<p style=\"line-height: 18pt; text-align: justify;\"><span style=\"font-family: 'Georgia','serif'; color: #333333;\">Ao participar, na tarde de hoje, de confraterniza\u00e7\u00e3o com membros da Associa\u00e7\u00e3o Comercial e Industrial do Estado de Goi\u00e1s (Acieg), no Pal\u00e1cio das Esmeraldas, o governador Marconi Perillo pontuou que o PSDB tem como maior preocupa\u00e7\u00e3o a recupera\u00e7\u00e3o econ\u00f4mica do pa\u00eds e que, em raz\u00e3o disso, est\u00e1 unido no prop\u00f3sito de auxiliar, caso se concretize o eventual governo Temer, a levar o Brasil para um porto seguro.<\/span><\/p>\n<p><span style=\"font-family: 'Georgia','serif'; color: #333333;\">Marconi informou que esteve reunido com o presidente do PSDB, senador A\u00e9cio Neves, e com governadores do partido na manh\u00e3 de hoje. Durante a reuni\u00e3o, o PSDB aprovou o documento, elaborado com a anu\u00eancia de todos os l\u00edderes do partido, com 15 princ\u00edpios que acredita serem fundamentais para mudan\u00e7a do atual quadro pol\u00edtico e econ\u00f4mico do pa\u00eds. O documento seria entregue por A\u00e9cio ao vice-presidente na tarde de hoje.<\/span><\/p>\n<p><span style=\"font-family: 'Georgia','serif'; color: #333333;\">\u201c\u00c9 importante traduzir o que n\u00f3s do PSDB estamos discutindo nesse momento. Primeiro: n\u00f3s reconhecemos que o PSDB, por ser o principal partido de oposi\u00e7\u00e3o no Brasil, por ter tido uma performance muito boa nas \u00faltimas elei\u00e7\u00f5es com mais de 50 milh\u00f5es de votos, e por ter apoiado fortemente o impeachment na C\u00e2mara, tem responsabilidade em rela\u00e7\u00e3o ao Brasil. Tem responsabilidade em rela\u00e7\u00e3o \u00e0 mudan\u00e7a das pr\u00e1ticas no Brasil\u201d, afirmou.<\/span><\/p>\n<p><span style=\"font-family: 'Georgia','serif'; color: #333333;\">\u201cE acredito que n\u00f3s agimos bem ao entregar hoje em nosso nome um documento com princ\u00edpios e valores que n\u00f3s defendemos. S\u00e3o 15 princ\u00edpios e valores que v\u00e3o definir se n\u00f3s vamos estar mais dentro do eventual novo governo ou menos. N\u00f3s queremos que o vice-presidente nos responda em rela\u00e7\u00e3o \u00e0s quest\u00f5es que n\u00f3s estamos pontuando. O primeiro princ\u00edpio \u00e9 o de continuar apoiando as investiga\u00e7\u00f5es e combatendo a corrup\u00e7\u00e3o. O segundo \u00e9 a reforma pol\u00edtica, depois reformas estruturantes\u201d, discorreu.<\/span><\/p>\n<p><span style=\"font-family: 'Georgia','serif'; color: #333333;\">O governador reiterou que o preocupa a primeira fotografia do eventual governo, e questionou, durante o evento, pontos primordiais que a representar\u00e3o: \u201cN\u00f3s vamos ter as mesmas caras, as mesmas figuras, figuras carimbadas? Pol\u00edticos que j\u00e1 participaram de outros governos e que n\u00e3o colaborar\u00e3o para que fa\u00e7amos um avan\u00e7o? Vamos continuar com essa quantidade de minist\u00e9rios? Eu defendo a redu\u00e7\u00e3o na metade, mas acho que o governo n\u00e3o vai ter condi\u00e7\u00f5es de fazer isso. Qual vai ser o discurso? Quais ser\u00e3o as mudan\u00e7as concretas?\u201d, indagou.<\/span><\/p>\n<p><span style=\"font-family: 'Georgia','serif'; color: #333333;\">Afirmou que o PSDB intenciona participar ativamente no que diz respeito \u00e0s reformas estruturantes que precisam ser feitas no pa\u00eds. \u201cN\u00f3s do PSDB podemos entrar de cabe\u00e7a e apoiar as reformas independentemente de termos cargo algum. Eu fui o primeiro governador a falar hoje na reuni\u00e3o e disse que eu n\u00e3o preciso de cargo nenhum como governador. Eu n\u00e3o tive nesses \u00faltimos 14 anos nenhum cargo no governo federal. Suportamos o fato de sermos oposi\u00e7\u00e3o durante esse tempo todo. E todos os governadores concordaram comigo que ningu\u00e9m de n\u00f3s est\u00e1 preocupado com cargo. Estamos preocupados \u00e9 com a agenda para a recupera\u00e7\u00e3o econ\u00f4mica do pa\u00eds. Estamos preocupados com a agenda institucional relativa ao Pacto Federativo. Tamb\u00e9m com o apoio institucional em rela\u00e7\u00e3o ao governo\u201d, enfatizou.<\/span><\/p>\n<p><span style=\"font-family: 'Georgia','serif'; color: #333333;\">Marconi reafirmou que o PSDB conta com quadros extraordin\u00e1rios para administrar o Brasil e que o partido est\u00e1 disposto a emprest\u00e1-los, se o eventual presidente convid\u00e1-los. \u201cPara os brasileiros voltarem a acreditar em um governo \u2013 especialmente no governo central \u2013 \u00e9 preciso saber quem vai ser o ministro da Sa\u00fade, da Educa\u00e7\u00e3o; quem vai ser o comandante da economia, que j\u00e1 est\u00e1 mais ou menos claro que vai ser o Meirelles e nele n\u00f3s acreditamos. Nele eu acredito. Quem vai ser o ministro do Desenvolvimento, do Planejamento, da Justi\u00e7a, porque essas coisas contam muito. Confesso que n\u00f3s todos temos preocupa\u00e7\u00e3o em rela\u00e7\u00e3o ao tempo, \u00e0s pr\u00e1ticas, \u00e0s reformas. O Brasil est\u00e1 no fundo do po\u00e7o da economia. Se n\u00e3o tivermos medidas r\u00e1pidas, com credibilidade, n\u00e3o vamos conseguir chegar muito longe\u201d, observou.<\/span><\/p>\n<p><span style=\"font-family: 'Georgia','serif'; color: #333333;\">Ele disse esperar que a agenda do pr\u00f3ximo governo seja concatenada com os estados e com os munic\u00edpios no sentido de tentar repactuar a federa\u00e7\u00e3o. \u201cO governo federal ter\u00e1 de considerar enormemente a for\u00e7a do nosso Estado. N\u00e3o \u00e9 for\u00e7a do governador, \u00e9 a for\u00e7a econ\u00f4mica, pol\u00edtica, social, cultural do nosso Estado. E eu serei um dos int\u00e9rpretes dessas demandas que todos n\u00f3s teremos que fazer junto ao governo federal. Queremos apoiar o governo na transi\u00e7\u00e3o e para que leve o Brasil a um porto seguro. Essa \u00e9 nossa grande preocupa\u00e7\u00e3o\u201d, reiterou.<\/span><\/p>\n<p><span style=\"font-family: 'Georgia','serif'; color: #333333;\">Acieg<\/span><\/p>\n<p><span style=\"font-family: 'Georgia','serif'; color: #333333;\">O encontro com a Acieg se deu em raz\u00e3o dos 80 anos de atividade da entidade. Ele reiterou o compromisso com o setor produtivo, a quem assegurou continuar na defesa constante dos interesses da \u00e1rea.\u00a0Presidente da Acieg, Euclides Barros Siqueira ressaltou que Marconi sempre levou em grande considera\u00e7\u00e3o as demandas dos empres\u00e1rios goianos. \u201cConfia em n\u00f3s, nos respeita, nos ouve, nos chama para a mesa de decis\u00f5es. Agradecemos muito por esse di\u00e1logo permanente\u201d, disse.<\/span><\/p>\n","protected":false},"excerpt":{"rendered":"","protected":false},"author":54,"featured_media":0,"comment_status":"closed","ping_status":"open","sticky":false,"template":"","format":"standard","meta":{"footnotes":""},"categories":[30],"tags":[],"class_list":["post-4035","post","type-post","status-publish","format-standard","hentry","category-noticias"],"rttpg_featured_image_url":null,"rttpg_author":{"display_name":"hosanagodoy","author_link":"https:\/\/goias.gov.br\/controladoria\/author\/hosanagodoy\/"},"rttpg_comment":0,"rttpg_category":"<a href=\"https:\/\/goias.gov.br\/controladoria\/categoria\/noticias\/\" rel=\"category tag\">Not\u00edcias<\/a>","rttpg_excerpt":null,"_links":{"self":[{"href":"https:\/\/goias.gov.br\/controladoria\/wp-json\/wp\/v2\/posts\/4035","targetHints":{"allow":["GET"]}}],"collection":[{"href":"https:\/\/goias.gov.br\/controladoria\/wp-json\/wp\/v2\/posts"}],"about":[{"href":"https:\/\/goias.gov.br\/controladoria\/wp-json\/wp\/v2\/types\/post"}],"author":[{"embeddable":true,"href":"https:\/\/goias.gov.br\/controladoria\/wp-json\/wp\/v2\/users\/54"}],"replies":[{"embeddable":true,"href":"https:\/\/goias.gov.br\/controladoria\/wp-json\/wp\/v2\/comments?post=4035"}],"version-history":[{"count":0,"href":"https:\/\/goias.gov.br\/controladoria\/wp-json\/wp\/v2\/posts\/4035\/revisions"}],"wp:attachment":[{"href":"https:\/\/goias.gov.br\/controladoria\/wp-json\/wp\/v2\/media?parent=4035"}],"wp:term":[{"taxonomy":"category","embeddable":true,"href":"https:\/\/goias.gov.br\/controladoria\/wp-json\/wp\/v2\/categories?post=4035"},{"taxonomy":"post_tag","embeddable":true,"href":"https:\/\/goias.gov.br\/controladoria\/wp-json\/wp\/v2\/tags?post=4035"}],"curies":[{"name":"wp","href":"https:\/\/api.w.org\/{rel}","templated":true}]}}