

{"id":3941,"date":"2015-08-11T12:03:12","date_gmt":"2015-08-11T15:03:12","guid":{"rendered":"https:\/\/siteshom.goias.gov.br\/controladoria\/marconi-perillo-reafirma-compromisso-com-trabalhadores-rurais\/"},"modified":"2015-08-11T12:03:12","modified_gmt":"2015-08-11T15:03:12","slug":"marconi-perillo-reafirma-compromisso-com-trabalhadores-rurais","status":"publish","type":"post","link":"https:\/\/goias.gov.br\/controladoria\/marconi-perillo-reafirma-compromisso-com-trabalhadores-rurais\/","title":{"rendered":"Marconi Perillo reafirma compromisso com trabalhadores rurais"},"content":{"rendered":"<p>\n<!--more--><\/p>\n<p>O governador Marconi Perillo reafirmou nesta ter\u00e7a-feira (11\/8) seu compromisso com as principais reivindica\u00e7\u00f5es dos trabalhadores rurais assentados em Goi\u00e1s. O apoio foi refor\u00e7ado em reuni\u00e3o no Sal\u00e3o Verde do Pal\u00e1cio das Esmeraldas, com l\u00edderes da Federa\u00e7\u00e3o dos Trabalhadores na Agricultura do Estado de Goi\u00e1s (Fetaeg). Cerca de 300 pessoas foram ao encontro, a maioria mulheres, que participam nesta quarta-feira (12\/8) da\u00a0<em>Marcha das Margaridas,<\/em>\u00a0em Bras\u00edlia.<\/p>\n<p>Entre as reivindica\u00e7\u00f5es apresentadas pelos camponeses est\u00e3o seguran\u00e7a, sa\u00fade, educa\u00e7\u00e3o, moradia e apoio t\u00e9cnico da Emater. O governador ressaltou que o atendimento \u00e0s reivindica\u00e7\u00f5es j\u00e1 faz parte das pol\u00edticas p\u00fablicas, mas disse que determinou ao secret\u00e1rio da Casa Civil, Jos\u00e9 Carlos Siqueira, que esteve presente no encontro, que as inclua no Plano Plurianual (PPA) 2016-2019.<\/p>\n<p>Marconi destacou a atua\u00e7\u00e3o do Governo de Goi\u00e1s no combate \u00e0 viol\u00eancia contra as mulheres, uma das reivindica\u00e7\u00f5es do movimento. Observou que os detentos do regime semiaberto condenados por crimes previstos na Lei Maria da Penha s\u00e3o monitorados 24 horas por dia, pela Central Integrada de Intelig\u00eancia, Comando e Controle (CIICC), que processa as informa\u00e7\u00f5es enviadas pelas tornozeleiras eletr\u00f4nicas usadas pelos presos. A Central tamb\u00e9m faz o monitoramento das v\u00edtimas de viol\u00eancia dom\u00e9stica que deram queixa \u00e0 pol\u00edcia.<\/p>\n<p>O governador ressaltou a reestrutura\u00e7\u00e3o da Emater e da Unidade T\u00e9cnica do Estado (UTE). E conclamou os l\u00edderes a apresentarem formalmente suas necessidades, a exemplo das\u00a0<em>Casas Abrigo<\/em>, aquisi\u00e7\u00e3o de alimentos. Sobre habita\u00e7\u00e3o, garantiu que o\u00a0<em>Cheque Mais Moradia<\/em>\u00a0\u00e9 o instrumento ideal. \u201cTem de ver onde h\u00e1 programas de reforma agr\u00e1ria que ainda n\u00e3o recebem o benef\u00edcio, para fazermos a complementa\u00e7\u00e3o\u201d, solicitou.<\/p>\n<p>Em Bras\u00edlia<\/p>\n<p>Os trabalhadores rurais v\u00e3o se encontrar nesta quarta-feira, dia 12, com a presidente Dilma Rousseff na\u00a0<em>5.\u00aa Marcha das Margaridas,<\/em>\u00a0considerada a maior manifesta\u00e7\u00e3o atual pelos direitos das mulheres no mundo. O encontro deve reunir 70 mil ativistas entre o Est\u00e1dio Man\u00e9 Garrincha e a Esplanada dos Minist\u00e9rios, em Bras\u00edlia.<\/p>\n<p>O movimento existe desde o ano 2000 e tem em seu nome em homenagem \u00e0 trabalhadora rural e l\u00edder sindical paraibana Margarida Alves, assassinada em 1983 \u2013 defende um modelo de desenvolvimento sustent\u00e1vel, democr\u00e1tico e com efetiva participa\u00e7\u00e3o das mulheres. E ainda a reforma agr\u00e1ria e as pol\u00edticas p\u00fablicas de respeito \u00e0 diversidade.<\/p>\n","protected":false},"excerpt":{"rendered":"","protected":false},"author":54,"featured_media":0,"comment_status":"closed","ping_status":"open","sticky":false,"template":"","format":"standard","meta":{"footnotes":""},"categories":[30],"tags":[],"class_list":["post-3941","post","type-post","status-publish","format-standard","hentry","category-noticias"],"rttpg_featured_image_url":null,"rttpg_author":{"display_name":"hosanagodoy","author_link":"https:\/\/goias.gov.br\/controladoria\/author\/hosanagodoy\/"},"rttpg_comment":0,"rttpg_category":"<a href=\"https:\/\/goias.gov.br\/controladoria\/categoria\/noticias\/\" rel=\"category tag\">Not\u00edcias<\/a>","rttpg_excerpt":null,"_links":{"self":[{"href":"https:\/\/goias.gov.br\/controladoria\/wp-json\/wp\/v2\/posts\/3941","targetHints":{"allow":["GET"]}}],"collection":[{"href":"https:\/\/goias.gov.br\/controladoria\/wp-json\/wp\/v2\/posts"}],"about":[{"href":"https:\/\/goias.gov.br\/controladoria\/wp-json\/wp\/v2\/types\/post"}],"author":[{"embeddable":true,"href":"https:\/\/goias.gov.br\/controladoria\/wp-json\/wp\/v2\/users\/54"}],"replies":[{"embeddable":true,"href":"https:\/\/goias.gov.br\/controladoria\/wp-json\/wp\/v2\/comments?post=3941"}],"version-history":[{"count":0,"href":"https:\/\/goias.gov.br\/controladoria\/wp-json\/wp\/v2\/posts\/3941\/revisions"}],"wp:attachment":[{"href":"https:\/\/goias.gov.br\/controladoria\/wp-json\/wp\/v2\/media?parent=3941"}],"wp:term":[{"taxonomy":"category","embeddable":true,"href":"https:\/\/goias.gov.br\/controladoria\/wp-json\/wp\/v2\/categories?post=3941"},{"taxonomy":"post_tag","embeddable":true,"href":"https:\/\/goias.gov.br\/controladoria\/wp-json\/wp\/v2\/tags?post=3941"}],"curies":[{"name":"wp","href":"https:\/\/api.w.org\/{rel}","templated":true}]}}