

{"id":3785,"date":"2016-07-27T11:29:46","date_gmt":"2016-07-27T14:29:46","guid":{"rendered":"https:\/\/siteshom.goias.gov.br\/controladoria\/marconi-diz-que-governo-podera-repassar-recursos-mensais-a-vila-sao-cottolengo\/"},"modified":"2016-07-27T11:29:46","modified_gmt":"2016-07-27T14:29:46","slug":"marconi-diz-que-governo-podera-repassar-recursos-mensais-a-vila-sao-cottolengo","status":"publish","type":"post","link":"https:\/\/goias.gov.br\/controladoria\/marconi-diz-que-governo-podera-repassar-recursos-mensais-a-vila-sao-cottolengo\/","title":{"rendered":"Marconi diz que governo poder\u00e1 repassar recursos mensais \u00e0 Vila S\u00e3o Cottolengo"},"content":{"rendered":"<p>\n<!--more--><\/p>\n<p>O governador Marconi Perillo afirmou hoje (27\/7) que o Governo Estadual estuda alternativa para viabilizar o repasse de recursos mensais \u00e0 Vila S\u00e3o Cottolengo. A declara\u00e7\u00e3o foi durante discurso na inaugura\u00e7\u00e3o da Lavanderia Irm\u00e3 Marilsa e da Unidade de Interna\u00e7\u00e3o Padre Pel\u00e1gio (UPP), em Trindade. &#8220;Eu recomendei ao secret\u00e1rio de Sa\u00fade, Leonardo Vilela, que encontre uma alternativa perene, permanente de aux\u00edlio \u00e0 Vila S\u00e3o Cottolengo. A minha ideia \u00e9 que tenhamos um conv\u00eanio em que a gente possa todo m\u00eas ajudar a Vila como se ela fosse uma Organiza\u00e7\u00e3o Social (OS)&#8221;, informou.<\/p>\n<p>De acordo com o governador, \u00e9 prioridade para o Governo buscar um caminho legal que nos permita colaborar permanentemente com a Vila. &#8220;N\u00f3s passamos recursos aos hospitais todos os meses. A minha ideia \u00e9 que a gente encontre uma alternativa para inserir a Vila S\u00e3o Cottolengo no bolo que a gente repassa aos hospitais como se aqui fosse um hospital do Governo do Estado&#8221;, disse. Ele autorizou tamb\u00e9m a libera\u00e7\u00e3o do programa Cheque Mais Moradia Comunit\u00e1rio \u00e0 Vila S\u00e3o Cottolengo e garantiu que o benef\u00edcio poder\u00e1 ser utilizado sempre que houver necessidade de serem realizadas pequenas obras no local. Cada cheque tem valor de at\u00e9 R$ 190 mil.<\/p>\n<p>Participaram tamb\u00e9m da solenidade o arcebispo metropolitano de Goi\u00e2nia, Dom Washington Cruz, o reitor da Pontif\u00edcia Universidade Cat\u00f3lica de Goi\u00e1s (PUC), Wolmir Amado, os secret\u00e1rios Tayrone Di Martino (Governo) e S\u00e9rgio Cardoso (Articula\u00e7\u00e3o Pol\u00edtica), a primeira-dama de Trindade, Dairdes Darrot, e a Miss Mundo Brasil 2016, Beatrice Fontoura.<\/p>\n<p>Inaugura\u00e7\u00e3o<\/p>\n<p>A Lavanderia Irm\u00e3 Marilsa na Vila S\u00e3o Cottolengo foi totalmente reestruturada, tanto na infraestrutura quanto no maquin\u00e1rio, para atender a demanda de 2,5 mil quilos por dia, 75 toneladas de roupas lavadas por m\u00eas. Al\u00e9m disso, a lavanderia conta com departamento de costura, armazenamento e produ\u00e7\u00e3o. Em m\u00e9dia, s\u00e3o quatro jogos de len\u00e7\u00f3is por paciente, dois babadores, quatro trocas de roupas por dia, tendo em vista que eles fazem seis refei\u00e7\u00f5es di\u00e1rias.<\/p>\n<p>Tamb\u00e9m na Vila S\u00e3o Cottolengo, o maquin\u00e1rio da Unidade de Servi\u00e7o de Processamento de Roupas \u2013 Lavanderia &#8211; foi viabilizado com recursos do conv\u00eanio firmado com o Minist\u00e9rio da Sa\u00fade, no valor de R$ 578.760,00, disponibilizados pela Emenda Parlamentar n\u00ba 32870009\/2011 de Marconi Perillo. E do conv\u00eanio firmado com a Secret\u00e1ria da Sa\u00fade de Goi\u00e1s, no valor de R$ 185.400,00, disponibilizados pelo aporte financeiro n\u00ba SES\/GO 14\/2013 de Halim Antonio Girade, ent\u00e3o Secret\u00e1rio de Sa\u00fade, concedido pelo governador Marconi Perillo.<\/p>\n<p>A constru\u00e7\u00e3o da Unidade de Interna\u00e7\u00e3o Padre Pel\u00e1gio (UPP) na Vila S\u00e3o Cottolengo totalizou o valor de R$ 1,5 milh\u00e3o. A infraestrutura do pr\u00e9dio atende os requisitos da Vigil\u00e2ncia Sanit\u00e1ria e ser\u00e1 a resid\u00eancia de 35 deficientes f\u00edsicos e mentais do sexo masculino, com idade de 20 a 70 anos, que recebem atendimentos 24 horas por dia de uma equipe multiprofissional. Tamb\u00e9m foi firmado conv\u00eanio com o Minist\u00e9rio da Sa\u00fade no valor de R$ 300 mil disponibilizados pela Emenda Parlamentar n\u00ba 28320008\/2012, do ent\u00e3o deputado federal, \u00e0 \u00e9poca, Armando Verg\u00edlio, e viabilizada com recursos pr\u00f3prios, no valor de R$ 1,2 milh\u00e3o.<\/p>\n","protected":false},"excerpt":{"rendered":"","protected":false},"author":54,"featured_media":0,"comment_status":"closed","ping_status":"open","sticky":false,"template":"","format":"standard","meta":{"footnotes":""},"categories":[30],"tags":[],"class_list":["post-3785","post","type-post","status-publish","format-standard","hentry","category-noticias"],"rttpg_featured_image_url":null,"rttpg_author":{"display_name":"hosanagodoy","author_link":"https:\/\/goias.gov.br\/controladoria\/author\/hosanagodoy\/"},"rttpg_comment":0,"rttpg_category":"<a href=\"https:\/\/goias.gov.br\/controladoria\/categoria\/noticias\/\" rel=\"category tag\">Not\u00edcias<\/a>","rttpg_excerpt":null,"_links":{"self":[{"href":"https:\/\/goias.gov.br\/controladoria\/wp-json\/wp\/v2\/posts\/3785","targetHints":{"allow":["GET"]}}],"collection":[{"href":"https:\/\/goias.gov.br\/controladoria\/wp-json\/wp\/v2\/posts"}],"about":[{"href":"https:\/\/goias.gov.br\/controladoria\/wp-json\/wp\/v2\/types\/post"}],"author":[{"embeddable":true,"href":"https:\/\/goias.gov.br\/controladoria\/wp-json\/wp\/v2\/users\/54"}],"replies":[{"embeddable":true,"href":"https:\/\/goias.gov.br\/controladoria\/wp-json\/wp\/v2\/comments?post=3785"}],"version-history":[{"count":0,"href":"https:\/\/goias.gov.br\/controladoria\/wp-json\/wp\/v2\/posts\/3785\/revisions"}],"wp:attachment":[{"href":"https:\/\/goias.gov.br\/controladoria\/wp-json\/wp\/v2\/media?parent=3785"}],"wp:term":[{"taxonomy":"category","embeddable":true,"href":"https:\/\/goias.gov.br\/controladoria\/wp-json\/wp\/v2\/categories?post=3785"},{"taxonomy":"post_tag","embeddable":true,"href":"https:\/\/goias.gov.br\/controladoria\/wp-json\/wp\/v2\/tags?post=3785"}],"curies":[{"name":"wp","href":"https:\/\/api.w.org\/{rel}","templated":true}]}}