

{"id":3492,"date":"2016-01-14T11:45:11","date_gmt":"2016-01-14T13:45:11","guid":{"rendered":"https:\/\/siteshom.goias.gov.br\/controladoria\/justica-determina-que-invasores-deixem-escolas-estaduais\/"},"modified":"2016-01-14T11:45:11","modified_gmt":"2016-01-14T13:45:11","slug":"justica-determina-que-invasores-deixem-escolas-estaduais","status":"publish","type":"post","link":"https:\/\/goias.gov.br\/controladoria\/justica-determina-que-invasores-deixem-escolas-estaduais\/","title":{"rendered":"Justi\u00e7a determina que invasores deixem escolas estaduais"},"content":{"rendered":"<p>\n<!--more--><\/p>\n<p>Em decis\u00e3o proferida ontem, dia 13\/01, o desembargador Geraldo Gon\u00e7alves da Costa, do Tribunal de Justi\u00e7a de Goi\u00e1s, deferiu pedido de liminar de reintegra\u00e7\u00e3o de posse pelo Governo de Goi\u00e1s de todas as escolas ocupadas por estudantes. Os estudantes t\u00eam o prazo de 15 dias, a partir da intima\u00e7\u00e3o da decis\u00e3o para deixar as depend\u00eancias das escolas. Foi arbitrada pena di\u00e1ria de R$ 50 mil em caso de descumprimento da decis\u00e3o. A decis\u00e3o \u00e9 v\u00e1lida para as escolas estaduais Lyceu de Goi\u00e2nia, Professor Robinho e Jos\u00e9 Carlos de Almeida (nesta, n\u00e3o h\u00e1 aulas desde o ano passado, por falta de demanda por vagas).<\/p>\n<p>O desembargador concorda com os argumentos da peti\u00e7\u00e3o, segundo os quais \u201cos recorridos n\u00e3o s\u00f3 tiveram a inten\u00e7\u00e3o, como de fato, privaram o Estado de Goi\u00e1s da posse pac\u00edfica dos im\u00f3veis p\u00fablicos destinados ao fornecimento do servi\u00e7o p\u00fablico de educa\u00e7\u00e3o\u201d.<\/p>\n<p>Conforme a liminar, o ato da ocupa\u00e7\u00e3o prejudica a matr\u00edcula de mais de 16 mil alunos. \u00c9 tamb\u00e9m prejudicial aos formandos aprovados no Exame Nacional do Ensino M\u00e9dio (Enem) e que necessitam de diplomas de conclus\u00e3o de curso para realizar as matr\u00edculas nas universidades.<\/p>\n<p>Argumenta\u00e7\u00e3o<\/p>\n<p>O magistrado argumenta ainda que a ocupa\u00e7\u00e3o trata-se de \u201cdesrespeito \u00e0 ordem jur\u00eddica e n\u00e3o abertura de di\u00e1logo entre o Estado e manifestantes\u201d, comprovado pelo of\u00edcio 85\/2015-COMSET, que previu o \u201cCronograma de A\u00e7\u00f5es e Di\u00e1logo com a Sociedade sobre o Projeto de Gest\u00e3o Compartilhada com Organiza\u00e7\u00f5es Sociais em Escolas da Secretaria Estadual de Educa\u00e7\u00e3o\u201d.<\/p>\n<p>Ele justifica a decis\u00e3o ao afirmar que a proibi\u00e7\u00e3o da ocupa\u00e7\u00e3o \u00e9 justa, tendo em vista \u201co interesse p\u00fablico decorrente de sua afeta\u00e7\u00e3o e que a ocupa\u00e7\u00e3o operada \u00e9 medida de viol\u00eancia simb\u00f3lica, pois impossibilita a presta\u00e7\u00e3o do servi\u00e7o p\u00fablico estadual\u201d.<\/p>\n<p>De acordo com o desembargador, a quest\u00e3o deve ser resolvida com a \u201cm\u00ednima perturba\u00e7\u00e3o social\u201d e que o direito de manifesta\u00e7\u00e3o, na forma como foi feita pelos alunos da rede p\u00fablica estadual \u201cviola a prote\u00e7\u00e3o legal conferida \u00e0s crian\u00e7as e adolescentes que, desacompanhadas de seus pais e respons\u00e1veis, cometem atos infracionais nos im\u00f3veis ocupados\u201d, conforme Boletim de Ocorr\u00eancia 10\/2016, citado na decis\u00e3o.<\/p>\n","protected":false},"excerpt":{"rendered":"","protected":false},"author":54,"featured_media":0,"comment_status":"closed","ping_status":"open","sticky":false,"template":"","format":"standard","meta":{"footnotes":""},"categories":[30],"tags":[],"class_list":["post-3492","post","type-post","status-publish","format-standard","hentry","category-noticias"],"rttpg_featured_image_url":null,"rttpg_author":{"display_name":"hosanagodoy","author_link":"https:\/\/goias.gov.br\/controladoria\/author\/hosanagodoy\/"},"rttpg_comment":0,"rttpg_category":"<a href=\"https:\/\/goias.gov.br\/controladoria\/categoria\/noticias\/\" rel=\"category tag\">Not\u00edcias<\/a>","rttpg_excerpt":null,"_links":{"self":[{"href":"https:\/\/goias.gov.br\/controladoria\/wp-json\/wp\/v2\/posts\/3492","targetHints":{"allow":["GET"]}}],"collection":[{"href":"https:\/\/goias.gov.br\/controladoria\/wp-json\/wp\/v2\/posts"}],"about":[{"href":"https:\/\/goias.gov.br\/controladoria\/wp-json\/wp\/v2\/types\/post"}],"author":[{"embeddable":true,"href":"https:\/\/goias.gov.br\/controladoria\/wp-json\/wp\/v2\/users\/54"}],"replies":[{"embeddable":true,"href":"https:\/\/goias.gov.br\/controladoria\/wp-json\/wp\/v2\/comments?post=3492"}],"version-history":[{"count":0,"href":"https:\/\/goias.gov.br\/controladoria\/wp-json\/wp\/v2\/posts\/3492\/revisions"}],"wp:attachment":[{"href":"https:\/\/goias.gov.br\/controladoria\/wp-json\/wp\/v2\/media?parent=3492"}],"wp:term":[{"taxonomy":"category","embeddable":true,"href":"https:\/\/goias.gov.br\/controladoria\/wp-json\/wp\/v2\/categories?post=3492"},{"taxonomy":"post_tag","embeddable":true,"href":"https:\/\/goias.gov.br\/controladoria\/wp-json\/wp\/v2\/tags?post=3492"}],"curies":[{"name":"wp","href":"https:\/\/api.w.org\/{rel}","templated":true}]}}