

{"id":3392,"date":"2015-12-23T05:21:58","date_gmt":"2015-12-23T07:21:58","guid":{"rendered":"https:\/\/siteshom.goias.gov.br\/controladoria\/instituto-tecnologico-sebastiao-de-siqueira-inscreve-para-novos-cursos\/"},"modified":"2015-12-23T05:21:58","modified_gmt":"2015-12-23T07:21:58","slug":"instituto-tecnologico-sebastiao-de-siqueira-inscreve-para-novos-cursos","status":"publish","type":"post","link":"https:\/\/goias.gov.br\/controladoria\/instituto-tecnologico-sebastiao-de-siqueira-inscreve-para-novos-cursos\/","title":{"rendered":"Instituto Tecnol\u00f3gico Sebasti\u00e3o de Siqueira inscreve para novos cursos"},"content":{"rendered":"<p>\n<!--more--><\/p>\n<p>A Secretaria de Desenvolvimento Econ\u00f4mico, Cient\u00edfico e Tecnol\u00f3gico e de Agricultura, Pecu\u00e1ria e Irriga\u00e7\u00e3o (SED), por meio do Instituto Tecnol\u00f3gico (Itego) Sebasti\u00e3o de Siqueira, no Parque Amazonas, oferece vagas em cursos de forma\u00e7\u00e3o inicial e continuada (Fic) presenciais e \u00e0 dist\u00e2ncia. S\u00e3o cursos gratuitos e de curta dura\u00e7\u00e3o em v\u00e1rias \u00e1reas e que s\u00e3o destinados a jovens com mais de 14 (inform\u00e1tica) e 16 anos (demais cursos). As inscri\u00e7\u00f5es devem ser feitas no pr\u00f3prio Itego, para os cursos presenciais, ou atrav\u00e9s da p\u00e1gina\u00a0<a href=\"http:\/\/www.cepss.com.br\/\">www.cepss.com.br<\/a>, para os cursos a dist\u00e2ncia.<\/p>\n<p>De acordo com a diretora do Itego Sebasti\u00e3o de Siqueira, Neulli Cordeiro Rolim Moreira, embora as inscri\u00e7\u00f5es possam ser feitas at\u00e9 o in\u00edcio das aulas, \u00e9 bom que os candidatos n\u00e3o deixem para a \u00faltima hora, pois as vagas s\u00e3o limitadas a 50 por turma nos cursos a dist\u00e2ncia e a 40 nos cursos presenciais. As forma\u00e7\u00f5es na \u00e1rea de inform\u00e1tica contemplar\u00e3o apenas 25 candidatos por turma, em fun\u00e7\u00e3o da capacidade do laborat\u00f3rio destinado ao curso. Os cursos a dist\u00e2ncia v\u00e3o come\u00e7ar no dia 25 de janeiro, enquanto os presenciais come\u00e7am a partir do dia 18 de janeiro. Os cursos a dist\u00e2ncia exigem do candidato a disponibilidade de pelo menos duas horas di\u00e1rias para os estudos.<\/p>\n<p>Cursos \u00e0 dist\u00e2ncia<\/p>\n<p><span style=\"line-height: 1.5;\">Aqueles que em qualquer parte do Estado tiverem interesse nos cursos \u00e0 dist\u00e2ncia do Sebasti\u00e3o de Siqueira v\u00e3o escolher entre os cursos oferecidos aquele que melhor atende sua necessidade no momento. Na \u00e1rea de Desenvolvimento Educacional e Social, o Itego oferece um curso de Portugu\u00eas Instrumental de 60 horas, no per\u00edodo de 25 de janeiro a 20 de mar\u00e7o; um de Reda\u00e7\u00e3o Oficial e T\u00e9cnica e outro de Gest\u00e3o Escolar, ambos de 45 horas e com in\u00edcio em 25 de janeiro e t\u00e9rmino em 6 de mar\u00e7o; e um de Responsabilidade Social e Ambiental, de 30 horas, que ser\u00e1 ministrado de 25 de janeiro a 21 de fevereiro.<\/span><\/p>\n<p>Na \u00e1rea de Informa\u00e7\u00e3o e Comunica\u00e7\u00e3o, o Itego Sebasti\u00e3o de Siqueira oferece dois cursos: o de Matem\u00e1tica B\u00e1sica, de 30 horas, com t\u00e9rmino em 21 de fevereiro; e o de Excel B\u00e1sico, de 60 horas, que ser\u00e1 de 25 de janeiro a 20 de mar\u00e7o. Na \u00e1rea de Gest\u00e3o e Neg\u00f3cios, os candidatos poder\u00e3o optar entre dez cursos, todos come\u00e7ando no dia 25 de janeiro. S\u00e3o eles: Administra\u00e7\u00e3o do Tempo, Etiqueta Profissional, Gest\u00e3o de Qualidade e Planejamento Estrat\u00e9gico, todos de 30 horas e com t\u00e9rmino previsto para 21 de fevereiro; e Arquivo e Protocolo, Cerimonial e Eventos, Contabilidade P\u00fablica, Gest\u00e3o de Pessoas, Psicologia Organizacional e T\u00e9cnicas Administrativas, todos de 45 horas, que v\u00e3o at\u00e9 6 de mar\u00e7o.<\/p>\n<p>Cursos presenciais<\/p>\n<p><span style=\"line-height: 1.5;\">Para fazer a inscri\u00e7\u00e3o nos cursos presenciais, o interessado deve ir ao Itego Sebasti\u00e3o Siqueira levando documentos pessoais e comprovantes de escolaridade (ensino fundamental) e de resid\u00eancia. Os cursos s\u00e3o oferecidos nos tr\u00eas turnos. Pela manh\u00e3, para aulas de 8h a 11h15, o Itego oferece o curso de Auxiliar Administrativo, todos os dias de segunda a sexta-feira, de 18\/01 a 05\/02; de Reda\u00e7\u00e3o, \u00e0s ter\u00e7as e quintas, de 19\/01 a 23\/02; Portugu\u00eas, \u00e0s segundas, quartas e sextas, de 18\/01 a 22\/02; de Ingl\u00eas B\u00e1sico M\u00f3dulo I, \u00e0s segundas e quartas, de 18\/01 a 30\/03; Ingl\u00eas B\u00e1sico M\u00f3dulo II, \u00e0s ter\u00e7as e quintas, de 19\/01 a 31\/03; e Ingl\u00eas B\u00e1sico M\u00f3dulo III, \u00e0s ter\u00e7as e quintas, de 19\/01 a 8\/03.<\/span><\/p>\n<p>Ainda pela manh\u00e3, s\u00e3o disponibilizadas vagas nos cursos de T\u00e9cnicas em Vendas, \u00e0s segundas, quartas e sextas-feiras, de 18\/01 a 02\/03; de Cuidador de Idosos, tamb\u00e9m \u00e0s segundas, quartas e sextas-feiras, de 15\/02 a 1\u00ba\/04; Sistema de Gest\u00e3o Ambiental, \u00e0s segundas e quartas, de 18\/01 a 30\/03; Introdu\u00e7\u00e3o \u00e0 Contabilidade, \u00e0s segundas, quartas e sextas, de 18\/01 a 24\/02; e o de Contabilidade P\u00fablica e o de Imposto de Renda Pessoa F\u00edsica, ambos \u00e0s ter\u00e7as e quintas, de 19\/01 a 10\/03.<\/p>\n<p>No per\u00edodo vespertino, de 14h a 17h15, s\u00e3o ofertados os cursos de: Arte de Falar em P\u00fablico, \u00e0s ter\u00e7as e quintas, de 19\/01 a 08\/03; Sistema de Gest\u00e3o Ambiental, \u00e0s segundas, quartas e sextas, de 18\/01 a 07\/03; Ingl\u00eas B\u00e1sico M\u00f3dulo I, \u00e0s segundas e quartas, de 18\/01 a 30\/03; Ingl\u00eas B\u00e1sico M\u00f3dulo II, \u00e0s ter\u00e7as e quintas, de 19\/01 a 08\/03; Ingl\u00eas B\u00e1sico M\u00f3dulo III, \u00e0s segundas e quartas, de 18\/01 a 30\/03; Portugu\u00eas, \u00e0s segundas, quartas e sextas, de 18\/01 a 22\/02; Introdu\u00e7\u00e3o \u00e0 Contabilidade, \u00e0s segundas, quartas e sextas, de 18\/01 a 24\/02; Libras I, \u00e0s quartas e sextas, de 20\/01 a 1\u00ba\/04; e Libras II, \u00e0s ter\u00e7as e quintas, de 19\/01 a 31\/03.<\/p>\n<p>Os cursos oferecidos\u00a0 para o noturno s\u00e3o: A Arte de Falar em P\u00fablico, \u00e0s segundas, quartas e sextas, de 25\/01 a 29\/02; Portugu\u00eas, \u00e0s segundas, quartas e sextas, de 18\/01 a 22\/02; Libras I, \u00e0s segundas e quartas, de 18\/01 a 30\/03; Introdu\u00e7\u00e3o \u00e0 Contabilidade, \u00e0s segundas e quartas, de 18\/01 a 14\/03; e T\u00e9cnicas em Vendas, \u00e0s ter\u00e7as e quintas, de 19\/01 a 22\/03.<\/p>\n<p>Inform\u00e1tica<\/p>\n<p><span style=\"line-height: 1.5;\">Os cursos de Inform\u00e1tica, com apenas 25 vagas cada, ser\u00e3o oferecidos em um turma de Inform\u00e1tica B\u00e1sica pela manh\u00e3, \u00e0s segundas, quartas e sextas, de 18\/01 a 16\/03; duas turmas de Inform\u00e1tica B\u00e1sica \u00e0 tarde, sendo uma \u00e0s segundas e quartas, de 18\/01 a 23\/02, e outra \u00e0s segundas, quartas e sextas, de 18\/01 a 16\/03, e uma turma de Planilha Excel \u00e0s ter\u00e7as e quintas, de 19\/01 a 10\/03; e para o noturno, o curso de Inform\u00e1tica B\u00e1sica ter\u00e1 duas turmas de segunda a sexta-feira, no per\u00edodo de 18\/01 a 23\/02, e o de Planilha Excel Avan\u00e7ado, de ter\u00e7a a quinta-feira, de 19\/01 a 10\/03.<\/span><\/p>\n<p>Os cursos de Forma\u00e7\u00e3o Inicial e Continuada (FIC) ofertados pela Secretaria de Desenvolvimento Econ\u00f4mico (SED) podem ser aproveitados para complementa\u00e7\u00e3o de carga hor\u00e1ria extra-curricular em faculdades e tamb\u00e9m para progress\u00e3o horizontal de funcion\u00e1rios p\u00fablicos.<\/p>\n","protected":false},"excerpt":{"rendered":"","protected":false},"author":54,"featured_media":0,"comment_status":"closed","ping_status":"open","sticky":false,"template":"","format":"standard","meta":{"footnotes":""},"categories":[30],"tags":[],"class_list":["post-3392","post","type-post","status-publish","format-standard","hentry","category-noticias"],"rttpg_featured_image_url":null,"rttpg_author":{"display_name":"hosanagodoy","author_link":"https:\/\/goias.gov.br\/controladoria\/author\/hosanagodoy\/"},"rttpg_comment":0,"rttpg_category":"<a href=\"https:\/\/goias.gov.br\/controladoria\/categoria\/noticias\/\" rel=\"category tag\">Not\u00edcias<\/a>","rttpg_excerpt":null,"_links":{"self":[{"href":"https:\/\/goias.gov.br\/controladoria\/wp-json\/wp\/v2\/posts\/3392","targetHints":{"allow":["GET"]}}],"collection":[{"href":"https:\/\/goias.gov.br\/controladoria\/wp-json\/wp\/v2\/posts"}],"about":[{"href":"https:\/\/goias.gov.br\/controladoria\/wp-json\/wp\/v2\/types\/post"}],"author":[{"embeddable":true,"href":"https:\/\/goias.gov.br\/controladoria\/wp-json\/wp\/v2\/users\/54"}],"replies":[{"embeddable":true,"href":"https:\/\/goias.gov.br\/controladoria\/wp-json\/wp\/v2\/comments?post=3392"}],"version-history":[{"count":0,"href":"https:\/\/goias.gov.br\/controladoria\/wp-json\/wp\/v2\/posts\/3392\/revisions"}],"wp:attachment":[{"href":"https:\/\/goias.gov.br\/controladoria\/wp-json\/wp\/v2\/media?parent=3392"}],"wp:term":[{"taxonomy":"category","embeddable":true,"href":"https:\/\/goias.gov.br\/controladoria\/wp-json\/wp\/v2\/categories?post=3392"},{"taxonomy":"post_tag","embeddable":true,"href":"https:\/\/goias.gov.br\/controladoria\/wp-json\/wp\/v2\/tags?post=3392"}],"curies":[{"name":"wp","href":"https:\/\/api.w.org\/{rel}","templated":true}]}}