

{"id":2905,"date":"2015-08-18T05:21:46","date_gmt":"2015-08-18T08:21:46","guid":{"rendered":"https:\/\/siteshom.goias.gov.br\/controladoria\/governadores-de-go-e-df-discutem-construcao-de-ferrovias\/"},"modified":"2015-08-18T05:21:46","modified_gmt":"2015-08-18T08:21:46","slug":"governadores-de-go-e-df-discutem-construcao-de-ferrovias","status":"publish","type":"post","link":"https:\/\/goias.gov.br\/controladoria\/governadores-de-go-e-df-discutem-construcao-de-ferrovias\/","title":{"rendered":"Governadores de Goi\u00e1s e Distrito Federal discutem constru\u00e7\u00e3o de ferrovias"},"content":{"rendered":"<p>\n<!--more--><\/p>\n<p>O governador de Goi\u00e1s, Marconi Perillo, e o do Distrito Federal, Rodrigo Rollmemberg, renovaram na segunda-feira (17\/8), em Bras\u00edlia, a solicita\u00e7\u00e3o para a viabiliza\u00e7\u00e3o de recursos federais visando \u00e0 constru\u00e7\u00e3o de duas ferrovias \u2013 uma entre Bras\u00edlia e Goi\u00e2nia, outra de Bras\u00edlia a Luzi\u00e2nia -, al\u00e9m da extens\u00e3o do Bus Rapid Transit (BRT), ligando Santa Maria a Luzi\u00e2nia, e da inclus\u00e3o do Ve\u00edculo Leve sobre Trilhos (VLT) no Programa de Acelera\u00e7\u00e3o do Crescimento (PAC).<\/p>\n<p>Marconi explicou que a obra do VLT de Goi\u00e2nia custar\u00e1 aos cofres do Estado R$ 1,1 bilh\u00e3o e poder\u00e1 ser viabilizada por meio de financiamentos de Parcerias P\u00fablico Privadas. A pauta foi o primeiro assunto do dia, debatido no Minist\u00e9rio de Planejamento, Or\u00e7amento e Gest\u00e3o, com o secret\u00e1rio do PAC, Maur\u00edcio Muniz Barretto. \u201cEle demonstrou muito interesse e nos pr\u00f3ximos dias n\u00f3s teremos uma resposta\u201d, disse o governador.<\/p>\n<p>No Minist\u00e9rio dos Transportes, Marconi anunciou que tr\u00eas assuntos constaram na pauta. \u201cDemos sequ\u00eancia a uma excelente rela\u00e7\u00e3o que o Governo de Goi\u00e1s tem tido com o Governo de Bras\u00edlia, com o governador Rodrigo Rollemberg, para a solu\u00e7\u00e3o dos problemas aqui do Entorno de Bras\u00edlia.\u201d, frisou. A primeira pauta tratou da constru\u00e7\u00e3o de uma linha f\u00e9rrea para trem de m\u00e9dia velocidade entre Bras\u00edlia e Goi\u00e2nia, integrando as duas regi\u00f5es. \u201cA nossa ideia \u00e9 que o Minist\u00e9rio dos Transportes, atrav\u00e9s da Ag\u00eancia Nacional de Transportes Terrestres (ANTT), lance uma Procedimento de Manifesta\u00e7\u00e3o de Interesse (PMI) at\u00e9 o m\u00eas de outubro\u201d, observou Marconi.<\/p>\n<p>Bras\u00edlia\/Luzi\u00e2nia<\/p>\n<p>O segundo assunto foi o aproveitamento da linha f\u00e9rrea entre Bras\u00edlia e Luzi\u00e2nia, com vistas a transform\u00e1-la em uma linha para passageiros. Segundo Marconi, a medida seria implantada para \u201cfacilitar a vida de quem vive no Entorno e trabalha em Bras\u00edlia\u201d.<\/p>\n<p>Foi conversado tamb\u00e9m sobre a viabilidade da extens\u00e3o do BRT de Bras\u00edlia, cuja \u00faltima esta\u00e7\u00e3o fica localizada em Bras\u00edlia, at\u00e9 a cidade de Luzi\u00e2nia. \u201cOs assuntos foram todos muito bem recebidos pelo minist\u00e9rio e pela ANTT. Cronogramas foram estabelecidos e n\u00f3s sa\u00edmos daqui muito contentes com os encaminhamentos que t\u00eam sido dados aos pleitos do governador de Bras\u00edlia e aos pleitos do Governo de Goi\u00e1s\u201d.<\/p>\n<p>O governador anunciou que a ANTT se comprometeu a lan\u00e7ar a PMI do trem de Bras\u00edlia a Luzi\u00e2nia no dia 17 de setembro e a PMI do trem de Bras\u00edlia a Goi\u00e2nia at\u00e9 30 de outubro. \u201cNum momento em que a gente vive uma grande crise, falta de dinheiro para todo lado, n\u00f3s pelo menos estamos fazendo a nossa parte, que \u00e9 destravar burocraticamente todos os procedimentos. E, mais do que isso, buscando o setor privado para fazer os investimentos\u201d, ressaltou.<\/p>\n","protected":false},"excerpt":{"rendered":"","protected":false},"author":54,"featured_media":0,"comment_status":"closed","ping_status":"open","sticky":false,"template":"","format":"standard","meta":{"footnotes":""},"categories":[30],"tags":[],"class_list":["post-2905","post","type-post","status-publish","format-standard","hentry","category-noticias"],"rttpg_featured_image_url":null,"rttpg_author":{"display_name":"hosanagodoy","author_link":"https:\/\/goias.gov.br\/controladoria\/author\/hosanagodoy\/"},"rttpg_comment":0,"rttpg_category":"<a href=\"https:\/\/goias.gov.br\/controladoria\/categoria\/noticias\/\" rel=\"category tag\">Not\u00edcias<\/a>","rttpg_excerpt":null,"_links":{"self":[{"href":"https:\/\/goias.gov.br\/controladoria\/wp-json\/wp\/v2\/posts\/2905","targetHints":{"allow":["GET"]}}],"collection":[{"href":"https:\/\/goias.gov.br\/controladoria\/wp-json\/wp\/v2\/posts"}],"about":[{"href":"https:\/\/goias.gov.br\/controladoria\/wp-json\/wp\/v2\/types\/post"}],"author":[{"embeddable":true,"href":"https:\/\/goias.gov.br\/controladoria\/wp-json\/wp\/v2\/users\/54"}],"replies":[{"embeddable":true,"href":"https:\/\/goias.gov.br\/controladoria\/wp-json\/wp\/v2\/comments?post=2905"}],"version-history":[{"count":0,"href":"https:\/\/goias.gov.br\/controladoria\/wp-json\/wp\/v2\/posts\/2905\/revisions"}],"wp:attachment":[{"href":"https:\/\/goias.gov.br\/controladoria\/wp-json\/wp\/v2\/media?parent=2905"}],"wp:term":[{"taxonomy":"category","embeddable":true,"href":"https:\/\/goias.gov.br\/controladoria\/wp-json\/wp\/v2\/categories?post=2905"},{"taxonomy":"post_tag","embeddable":true,"href":"https:\/\/goias.gov.br\/controladoria\/wp-json\/wp\/v2\/tags?post=2905"}],"curies":[{"name":"wp","href":"https:\/\/api.w.org\/{rel}","templated":true}]}}