

{"id":2814,"date":"2015-07-14T11:42:03","date_gmt":"2015-07-14T14:42:03","guid":{"rendered":"https:\/\/siteshom.goias.gov.br\/controladoria\/governador-e-prefeito-visitam-obras-em-goiania\/"},"modified":"2015-07-14T11:42:03","modified_gmt":"2015-07-14T14:42:03","slug":"governador-e-prefeito-visitam-obras-em-goiania","status":"publish","type":"post","link":"https:\/\/goias.gov.br\/controladoria\/governador-e-prefeito-visitam-obras-em-goiania\/","title":{"rendered":"Governador e prefeito visitam obras em Goi\u00e2nia"},"content":{"rendered":"<p>\n<!--more--><\/p>\n<p>A convite do prefeito de Goi\u00e2nia, Paulo Garcia, o governador Marconi Perillo visitou hoje (14\/7) as obras do projeto Macambira-Anicuns, na regi\u00e3o Sudoeste, e do BRT, na Avenida Goi\u00e1s Norte. Paulo Garcia afirmou que o convite para a visita \u00e9 \u201cretribui\u00e7\u00e3o ao tratamento respeitoso\u201d que vem recebendo do governador e da administra\u00e7\u00e3o estadual.<\/p>\n<p>O prefeito disse que, no percurso, ele e o governador trataram de novas parcerias entre Estado e munic\u00edpio. O governador afirmou que as obras s\u00e3o estrat\u00e9gicas para Goi\u00e2nia e chamam a aten\u00e7\u00e3o pela qualidade e pelo bom gosto. \u201cEstou muito feliz com o convite que ele me fez, afinal de contas n\u00f3s nascemos aqui, moramos aqui e queremos o melhor para a cidade. Por essa e por outras raz\u00f5es \u00e9 que, a cada dia que passa, n\u00f3s vamos ampliando as nossas parcerias\u201d, afirmou o governador.<\/p>\n<p>\u201cEstou muito feliz que o governador tenha aceitado vir conhecer as obras. Nossa rela\u00e7\u00e3o tem sido muito respeitosa\u201d, disse Paulo Garcia. O governador, por sua vez, afirmou que a rela\u00e7\u00e3o entre Estado e Prefeitura \u201ctem sido crescente, cada vez melhor\u201d. \u201cEu tenho uma rela\u00e7\u00e3o muito boa com o governo federal e tenho procurado manter uma rela\u00e7\u00e3o de alto n\u00edvel com as prefeituras\u201d, observou Marconi.<\/p>\n<p>De l\u00e1, seguiram para a visita \u00e0s obras do Macambira\/Anicuns. Marconi fez a visita ao Macambira\/Anicuns acompanhado pelo secret\u00e1rio de Cidades, Infraestrutura e Meio Ambiente, Vilmar Rocha. Paulo estava com o coordenador-geral do Programa Urbano Ambiental, Nelcivone Melo. Em seguida, o governador e o prefeito foram \u00e0s obras BRT, na Avenida Goi\u00e1s Norte, pr\u00f3ximo \u00e0 Pra\u00e7a do Violeiro.<\/p>\n","protected":false},"excerpt":{"rendered":"","protected":false},"author":54,"featured_media":0,"comment_status":"closed","ping_status":"open","sticky":false,"template":"","format":"standard","meta":{"footnotes":""},"categories":[30],"tags":[],"class_list":["post-2814","post","type-post","status-publish","format-standard","hentry","category-noticias"],"rttpg_featured_image_url":null,"rttpg_author":{"display_name":"hosanagodoy","author_link":"https:\/\/goias.gov.br\/controladoria\/author\/hosanagodoy\/"},"rttpg_comment":0,"rttpg_category":"<a href=\"https:\/\/goias.gov.br\/controladoria\/categoria\/noticias\/\" rel=\"category tag\">Not\u00edcias<\/a>","rttpg_excerpt":null,"_links":{"self":[{"href":"https:\/\/goias.gov.br\/controladoria\/wp-json\/wp\/v2\/posts\/2814","targetHints":{"allow":["GET"]}}],"collection":[{"href":"https:\/\/goias.gov.br\/controladoria\/wp-json\/wp\/v2\/posts"}],"about":[{"href":"https:\/\/goias.gov.br\/controladoria\/wp-json\/wp\/v2\/types\/post"}],"author":[{"embeddable":true,"href":"https:\/\/goias.gov.br\/controladoria\/wp-json\/wp\/v2\/users\/54"}],"replies":[{"embeddable":true,"href":"https:\/\/goias.gov.br\/controladoria\/wp-json\/wp\/v2\/comments?post=2814"}],"version-history":[{"count":0,"href":"https:\/\/goias.gov.br\/controladoria\/wp-json\/wp\/v2\/posts\/2814\/revisions"}],"wp:attachment":[{"href":"https:\/\/goias.gov.br\/controladoria\/wp-json\/wp\/v2\/media?parent=2814"}],"wp:term":[{"taxonomy":"category","embeddable":true,"href":"https:\/\/goias.gov.br\/controladoria\/wp-json\/wp\/v2\/categories?post=2814"},{"taxonomy":"post_tag","embeddable":true,"href":"https:\/\/goias.gov.br\/controladoria\/wp-json\/wp\/v2\/tags?post=2814"}],"curies":[{"name":"wp","href":"https:\/\/api.w.org\/{rel}","templated":true}]}}