

{"id":271783,"date":"2026-04-07T10:55:41","date_gmt":"2026-04-07T13:55:41","guid":{"rendered":"https:\/\/goias.gov.br\/controladoria\/?p=271783"},"modified":"2026-04-07T11:13:49","modified_gmt":"2026-04-07T14:13:49","slug":"alego-homenageia-servidores-da-cge-nesta-5a-feira","status":"publish","type":"post","link":"https:\/\/goias.gov.br\/controladoria\/alego-homenageia-servidores-da-cge-nesta-5a-feira\/","title":{"rendered":"Alego homenageia servidores da CGE nesta 5\u00aa feira\u00a0"},"content":{"rendered":"\n<p>A Controladoria-Geral do Estado de Goi\u00e1s (CGE-GO) ser\u00e1 homenageada em sess\u00e3o solene no plen\u00e1rio da\u00a0Assembleia Legislativa do Estado de Goi\u00e1s (Alego), no dia\u00a09 de abril, pr\u00f3xima quinta-feira, \u00e0s 19 horas, com a entrega do Certificado do M\u00e9rito Legislativo a\u00a0<a href=\"https:\/\/teams.cloud.microsoft\/\" target=\"_blank\" rel=\"noreferrer noopener\">142 servidores<\/a>.\u00a0\u00a0<\/p>\n\n\n\n<p>A homenagem foi proposta pelo l\u00edder do governo na Alego, o&nbsp;deputado estadual Talles Barreto, em reconhecimento \u00e0 atua\u00e7\u00e3o forte e eficiente dos profissionais da CGE.&nbsp;O \u00f3rg\u00e3o central do sistema de controle interno, correi\u00e7\u00e3o, transpar\u00eancia e ouvidoria da administra\u00e7\u00e3o estadual tem assumido um papel not\u00e1vel tamb\u00e9m de consultoria e coopera\u00e7\u00e3o com as pastas, tornando-se modelo&nbsp;nacional.&nbsp;<\/p>\n\n\n\n<p>A&nbsp;sess\u00e3o solene \u00e9 aberta \u00e0 popula\u00e7\u00e3o e, por isso,&nbsp;a CGE convida&nbsp;os&nbsp;demais servidores,&nbsp;colaboradores&nbsp;e familiares dos homenageados&nbsp;para prestigiarem este importante momento de celebra\u00e7\u00e3o e reconhecimento.&nbsp;&nbsp;<\/p>\n\n\n\n<p><strong>Comunica\u00e7\u00e3o Setorial CGE \u2013 Governo de Goi\u00e1s&nbsp;&nbsp;<\/strong>&nbsp;<\/p>\n","protected":false},"excerpt":{"rendered":"<p>A Controladoria-Geral do Estado de Goi\u00e1s (CGE-GO) ser\u00e1 homenageada em sess\u00e3o solene no plen\u00e1rio da\u00a0Assembleia Legislativa do Estado de Goi\u00e1s (Alego), no dia\u00a09 de abril, pr\u00f3xima quinta-feira, \u00e0s 19 horas, com a entrega do Certificado do M\u00e9rito Legislativo a\u00a0142 servidores.\u00a0\u00a0 A homenagem foi proposta pelo l\u00edder do governo na Alego, o&nbsp;deputado estadual Talles Barreto, em [&hellip;]<\/p>\n","protected":false},"author":17,"featured_media":271940,"comment_status":"closed","ping_status":"open","sticky":false,"template":"","format":"standard","meta":{"footnotes":""},"categories":[30],"tags":[365,62,155,182],"class_list":["post-271783","post","type-post","status-publish","format-standard","has-post-thumbnail","hentry","category-noticias","tag-alego","tag-cge-go","tag-noticias","tag-reconhecimento"],"rttpg_featured_image_url":{"full":["https:\/\/goias.gov.br\/controladoria\/wp-content\/uploads\/sites\/31\/2026\/04\/Prancheta-1.jpg",1366,768,false],"landscape":["https:\/\/goias.gov.br\/controladoria\/wp-content\/uploads\/sites\/31\/2026\/04\/Prancheta-1.jpg",1366,768,false],"portraits":["https:\/\/goias.gov.br\/controladoria\/wp-content\/uploads\/sites\/31\/2026\/04\/Prancheta-1.jpg",1366,768,false],"thumbnail":["https:\/\/goias.gov.br\/controladoria\/wp-content\/uploads\/sites\/31\/2026\/04\/Prancheta-1-150x150.jpg",150,150,true],"medium":["https:\/\/goias.gov.br\/controladoria\/wp-content\/uploads\/sites\/31\/2026\/04\/Prancheta-1-300x169.jpg",300,169,true],"large":["https:\/\/goias.gov.br\/controladoria\/wp-content\/uploads\/sites\/31\/2026\/04\/Prancheta-1-1024x576.jpg",1024,576,true],"1536x1536":["https:\/\/goias.gov.br\/controladoria\/wp-content\/uploads\/sites\/31\/2026\/04\/Prancheta-1.jpg",1366,768,false],"2048x2048":["https:\/\/goias.gov.br\/controladoria\/wp-content\/uploads\/sites\/31\/2026\/04\/Prancheta-1.jpg",1366,768,false]},"rttpg_author":{"display_name":"danielahsoliveira","author_link":"https:\/\/goias.gov.br\/controladoria\/author\/danielahsoliveira\/"},"rttpg_comment":0,"rttpg_category":"<a href=\"https:\/\/goias.gov.br\/controladoria\/categoria\/noticias\/\" rel=\"category tag\">Not\u00edcias<\/a>","rttpg_excerpt":"A Controladoria-Geral do Estado de Goi\u00e1s (CGE-GO) ser\u00e1 homenageada em sess\u00e3o solene no plen\u00e1rio da\u00a0Assembleia Legislativa do Estado de Goi\u00e1s (Alego), no dia\u00a09 de abril, pr\u00f3xima quinta-feira, \u00e0s 19 horas, com a entrega do Certificado do M\u00e9rito Legislativo a\u00a0142 servidores.\u00a0\u00a0 A homenagem foi proposta pelo l\u00edder do governo na Alego, o&nbsp;deputado estadual Talles Barreto, em&hellip;","_links":{"self":[{"href":"https:\/\/goias.gov.br\/controladoria\/wp-json\/wp\/v2\/posts\/271783","targetHints":{"allow":["GET"]}}],"collection":[{"href":"https:\/\/goias.gov.br\/controladoria\/wp-json\/wp\/v2\/posts"}],"about":[{"href":"https:\/\/goias.gov.br\/controladoria\/wp-json\/wp\/v2\/types\/post"}],"author":[{"embeddable":true,"href":"https:\/\/goias.gov.br\/controladoria\/wp-json\/wp\/v2\/users\/17"}],"replies":[{"embeddable":true,"href":"https:\/\/goias.gov.br\/controladoria\/wp-json\/wp\/v2\/comments?post=271783"}],"version-history":[{"count":1,"href":"https:\/\/goias.gov.br\/controladoria\/wp-json\/wp\/v2\/posts\/271783\/revisions"}],"predecessor-version":[{"id":271900,"href":"https:\/\/goias.gov.br\/controladoria\/wp-json\/wp\/v2\/posts\/271783\/revisions\/271900"}],"wp:featuredmedia":[{"embeddable":true,"href":"https:\/\/goias.gov.br\/controladoria\/wp-json\/wp\/v2\/media\/271940"}],"wp:attachment":[{"href":"https:\/\/goias.gov.br\/controladoria\/wp-json\/wp\/v2\/media?parent=271783"}],"wp:term":[{"taxonomy":"category","embeddable":true,"href":"https:\/\/goias.gov.br\/controladoria\/wp-json\/wp\/v2\/categories?post=271783"},{"taxonomy":"post_tag","embeddable":true,"href":"https:\/\/goias.gov.br\/controladoria\/wp-json\/wp\/v2\/tags?post=271783"}],"curies":[{"name":"wp","href":"https:\/\/api.w.org\/{rel}","templated":true}]}}