

{"id":266917,"date":"2026-03-31T12:08:20","date_gmt":"2026-03-31T15:08:20","guid":{"rendered":"https:\/\/goias.gov.br\/controladoria\/?p=266917"},"modified":"2026-03-31T12:09:39","modified_gmt":"2026-03-31T15:09:39","slug":"estudantes-de-atitude-agora-e-lei","status":"publish","type":"post","link":"https:\/\/goias.gov.br\/controladoria\/estudantes-de-atitude-agora-e-lei\/","title":{"rendered":"Estudantes de Atitude\u00a0agora \u00e9 lei!"},"content":{"rendered":"\n<p><em>Programa\u00a0de participa\u00e7\u00e3o social da CGE-GO\u00a0e da\u00a0Seduc\u00a0se torna\u00a0pol\u00edtica p\u00fablica permanente na rede estadual\u00a0de educa\u00e7\u00e3o. A lei foi sancionada nesta segunda-feira pelo governador Ronaldo Caiado<\/em>\u00a0<\/p>\n\n\n\n<p>O Governo de Goi\u00e1s&nbsp;sancionou, nesta ter\u00e7a-feira (30\/3),&nbsp;a&nbsp;lei n\u00ba 24. 186\/2026 que&nbsp;institui o&nbsp;Programa&nbsp;<a href=\"https:\/\/www.estudantesdeatitude.go.gov.br\/\" target=\"_blank\" rel=\"noreferrer noopener\">Estudantes de Atitude<\/a>&nbsp;(EA)&nbsp;como pol\u00edtica p\u00fablica obrigat\u00f3ria na rede estadual de ensino. A&nbsp;lei, publicada&nbsp;no&nbsp;<a href=\"https:\/\/diariooficial.abc.go.gov.br\/\" target=\"_blank\" rel=\"noreferrer noopener\">suplemento do Di\u00e1rio Oficial do Estado<\/a>, consolida uma iniciativa j\u00e1 reconhecida pelos resultados alcan\u00e7ados desde&nbsp;a&nbsp;sua implementa\u00e7\u00e3o em 2019.&nbsp;<\/p>\n\n\n\n<p>\u201cTamb\u00e9m&nbsp;refor\u00e7a o compromisso do Estado com a forma\u00e7\u00e3o cidad\u00e3 e a integridade p\u00fablica. O EA&nbsp;mobilizou&nbsp;milhares de estudantes e professores em todo o Estado ao longo dos \u00faltimos anos, promovendo mudan\u00e7as concretas no ambiente escolar.&nbsp;Como pol\u00edtica&nbsp;permanente, os efeitos&nbsp;dessa atua\u00e7\u00e3o&nbsp;ser\u00e3o muito mais duradouros, inclusive na forma\u00e7\u00e3o destes jovens cidad\u00e3os\u201d, comemorou o secret\u00e1rio-chefe da Controladoria-Geral do Estado, Marcos Tadeu de Andrade.&nbsp;<\/p>\n\n\n\n<p>A&nbsp;pasta \u00e9 a respons\u00e1vel pela&nbsp;implementa\u00e7\u00e3o do&nbsp;programa,&nbsp;em parceria com a Secretaria de Estado da Educa\u00e7\u00e3o (Seduc).&nbsp;Na pr\u00e1tica,&nbsp;o&nbsp;EA&nbsp;continuar\u00e1&nbsp;focando na promo\u00e7\u00e3o da participa\u00e7\u00e3o social, do controle social, da cidadania ativa e do cuidado com o bem p\u00fablico.&nbsp;<\/p>\n\n\n\n<p>A nova&nbsp;legisla\u00e7\u00e3o estabelece diretrizes claras para a atua\u00e7\u00e3o do programa nas escolas, incluindo a realiza\u00e7\u00e3o de auditorias c\u00edvicas conduzidas pelos pr\u00f3prios estudantes. A metodologia&nbsp;dever\u00e1 continuar estimulando o&nbsp;protagonismo juvenil ao permitir que os alunos identifiquem problemas em suas unidades escolares e proponham solu\u00e7\u00f5es, fortalecendo a cultura da integridade e a preven\u00e7\u00e3o da corrup\u00e7\u00e3o desde a educa\u00e7\u00e3o b\u00e1sica.&nbsp;<\/p>\n\n\n\n<h3 class=\"wp-block-heading\"><strong><em>Resultados consolidados desde 2019<\/em><\/strong>&nbsp;<\/h3>\n\n\n\n<p>Antes mesmo de se tornar pol\u00edtica p\u00fablica permanente, o Estudantes de Atitude j\u00e1 apresentava impactos expressivos em Goi\u00e1s. Ao longo dos \u00faltimos anos, mobilizou milhares de estudantes e professores&nbsp;goianos,&nbsp;promovendo mudan\u00e7as concretas no ambiente escolar.&nbsp;&nbsp;<\/p>\n\n\n\n<p>Al\u00e9m de aumentar o&nbsp;engajamento dos estudantes,&nbsp;foram&nbsp;observadas&nbsp;melhorias significativas&nbsp;na conserva\u00e7\u00e3o do patrim\u00f4nio&nbsp;escolar, fortalecimento das rela\u00e7\u00f5es entre alunos, professores e gestores, al\u00e9m de maior&nbsp;participa\u00e7\u00e3o de toda a&nbsp;comunidade escolar na tomada de decis\u00f5es.&nbsp;<\/p>\n\n\n\n<p>As auditorias c\u00edvicas realizadas pelos estudantes&nbsp;contribu\u00edram para identificar fragilidades estruturais e administrativas nas unidades de ensino, resultando em propostas de melhorias que, em muitos casos, foram implementadas com apoio das gest\u00f5es escolares e das coordena\u00e7\u00f5es regionais.&nbsp;Outro impacto relevante&nbsp;foi&nbsp;o fortalecimento da confian\u00e7a nas institui\u00e7\u00f5es p\u00fablicas, a partir da viv\u00eancia pr\u00e1tica de valores como \u00e9tica, responsabilidade e compromisso com o interesse coletivo.&nbsp;<\/p>\n\n\n\n<h3 class=\"wp-block-heading\"><strong><em>N\u00fameros expressivos&nbsp;<\/em><\/strong>&nbsp;<\/h3>\n\n\n\n<p>Em&nbsp;dados, o Estudantes de Atitude&nbsp;impressiona pela r\u00e1pida evolu\u00e7\u00e3o. Em 2019, registrou a participa\u00e7\u00e3o de&nbsp;105 escolas de 25 munic\u00edpios goianos, com envolvimento direto de 5.376 alunos e 269 professores. Esses dados saltaram para&nbsp;814 escolas,&nbsp;de 94% dos munic\u00edpios goianos&nbsp;envolvidos em 2025. O n\u00famero de estudantes inscritos&nbsp;impactando&nbsp;foi de&nbsp;38.475&nbsp;mil, al\u00e9m de mais de&nbsp;1,9 mil professores&nbsp;coordenadores&nbsp;envolvidos. Ao final, foram&nbsp;realizadas 250.833 auditorias.&nbsp;&nbsp;<\/p>\n\n\n\n<h3 class=\"wp-block-heading\"><strong><em>Programa replicado nacionalmente<\/em><\/strong>&nbsp;<\/h3>\n\n\n\n<p>Os n\u00fameros&nbsp;recordes de participa\u00e7\u00e3o&nbsp;e atua\u00e7\u00e3o da comunidade na escola&nbsp;chamam a aten\u00e7\u00e3o de outros munic\u00edpios, estados e pa\u00edses. O Estudantes de Atitude&nbsp;foi premiado pelo Instituto N\u00e3o Aceito Corrup\u00e7\u00e3o; pela Escola Nacional de Administra\u00e7\u00e3o P\u00fablica (Enap),&nbsp;pela Funda\u00e7\u00e3o Banco do Brasil de Tecnologia Social, pelo Cons\u00f3rcio Brasil Central, em seu 2\u00ba Pr\u00eamio de Boas Pr\u00e1ticas.&nbsp;&nbsp;<\/p>\n\n\n\n<p>Considerado uma refer\u00eancia nacional ap\u00f3s sete edi\u00e7\u00f5es, o programa vem sendo replicado por diversos estados e munic\u00edpios brasileiros e ganhou uma vers\u00e3o nacional, implementada pelo Conselho Nacional de Controle Interno (Conaci),&nbsp;sob&nbsp;a denomina\u00e7\u00e3o de&nbsp;\u201c<a href=\"https:\/\/conaci.org.br\/estudantes-em-movimento\/\" target=\"_blank\" rel=\"noreferrer noopener\">Estudantes em Movimento<\/a>\u201d.&nbsp;Nacionalmente, atraiu interesse de alguns pa\u00edses europeus e vem sendo acompanhado de perto pela Ucr\u00e2nia, que j\u00e1 realizou&nbsp;algumas&nbsp;reuni\u00f5es com a equipe da CGE-GO.&nbsp;<\/p>\n\n\n\n<h3 class=\"wp-block-heading\"><strong><em>Integra\u00e7\u00e3o ao calend\u00e1rio escolar<\/em><\/strong>&nbsp;<\/h3>\n\n\n\n<p>Com a institucionaliza\u00e7\u00e3o, o programa passar\u00e1&nbsp;a ter mais capilaridade. A lei prev\u00ea, inclusive, a cria\u00e7\u00e3o do&nbsp;<strong>Dia do Programa Estudantes de Atitude<\/strong>, a ser celebrado em&nbsp;<strong>15 de mar\u00e7o<\/strong>, com a realiza\u00e7\u00e3o de atividades pedag\u00f3gicas voltadas \u00e0 cidadania, \u00e0 participa\u00e7\u00e3o social e \u00e0 integridade.&nbsp;<\/p>\n\n\n\n<p>A execu\u00e7\u00e3o seguir\u00e1 sob coordena\u00e7\u00e3o metodol\u00f3gica da CGE, respons\u00e1vel pelo desenvolvimento de materiais, orienta\u00e7\u00f5es e monitoramento das a\u00e7\u00f5es, enquanto a&nbsp;Seduc&nbsp;atuar\u00e1 na integra\u00e7\u00e3o das atividades ao calend\u00e1rio escolar e apoio \u00e0s escolas.&nbsp;Um esfor\u00e7o conjunto entre as pastas para a&nbsp;constru\u00e7\u00e3o de uma cultura de integridade que ultrapassa os muros da escola e impacte&nbsp;diretamente a sociedade.&nbsp;<\/p>\n\n\n\n<p><strong>Comunica\u00e7\u00e3o Setorial CGE \u2013 Governo de Goi\u00e1s<\/strong>&nbsp;<\/p>\n","protected":false},"excerpt":{"rendered":"<p>Programa\u00a0de participa\u00e7\u00e3o social da CGE-GO\u00a0e da\u00a0Seduc\u00a0se torna\u00a0pol\u00edtica p\u00fablica permanente na rede estadual\u00a0de educa\u00e7\u00e3o. A lei foi sancionada nesta segunda-feira pelo governador Ronaldo Caiado\u00a0 O Governo de Goi\u00e1s&nbsp;sancionou, nesta ter\u00e7a-feira (30\/3),&nbsp;a&nbsp;lei n\u00ba 24. 186\/2026 que&nbsp;institui o&nbsp;Programa&nbsp;Estudantes de Atitude&nbsp;(EA)&nbsp;como pol\u00edtica p\u00fablica obrigat\u00f3ria na rede estadual de ensino. A&nbsp;lei, publicada&nbsp;no&nbsp;suplemento do Di\u00e1rio Oficial do Estado, consolida uma iniciativa [&hellip;]<\/p>\n","protected":false},"author":544,"featured_media":266934,"comment_status":"closed","ping_status":"open","sticky":false,"template":"","format":"standard","meta":{"footnotes":""},"categories":[30],"tags":[62,81,155],"class_list":["post-266917","post","type-post","status-publish","format-standard","has-post-thumbnail","hentry","category-noticias","tag-cge-go","tag-estudantes-de-atitude","tag-noticias"],"rttpg_featured_image_url":{"full":["https:\/\/goias.gov.br\/controladoria\/wp-content\/uploads\/sites\/31\/2026\/03\/card-site.jpg",1920,1080,false],"landscape":["https:\/\/goias.gov.br\/controladoria\/wp-content\/uploads\/sites\/31\/2026\/03\/card-site.jpg",1920,1080,false],"portraits":["https:\/\/goias.gov.br\/controladoria\/wp-content\/uploads\/sites\/31\/2026\/03\/card-site.jpg",1920,1080,false],"thumbnail":["https:\/\/goias.gov.br\/controladoria\/wp-content\/uploads\/sites\/31\/2026\/03\/card-site-150x150.jpg",150,150,true],"medium":["https:\/\/goias.gov.br\/controladoria\/wp-content\/uploads\/sites\/31\/2026\/03\/card-site-300x169.jpg",300,169,true],"large":["https:\/\/goias.gov.br\/controladoria\/wp-content\/uploads\/sites\/31\/2026\/03\/card-site-1024x576.jpg",1024,576,true],"1536x1536":["https:\/\/goias.gov.br\/controladoria\/wp-content\/uploads\/sites\/31\/2026\/03\/card-site-1536x864.jpg",1536,864,true],"2048x2048":["https:\/\/goias.gov.br\/controladoria\/wp-content\/uploads\/sites\/31\/2026\/03\/card-site.jpg",1920,1080,false]},"rttpg_author":{"display_name":"arthurrnoliveira","author_link":"https:\/\/goias.gov.br\/controladoria\/author\/arthurrnoliveira\/"},"rttpg_comment":0,"rttpg_category":"<a href=\"https:\/\/goias.gov.br\/controladoria\/categoria\/noticias\/\" rel=\"category tag\">Not\u00edcias<\/a>","rttpg_excerpt":"Programa\u00a0de participa\u00e7\u00e3o social da CGE-GO\u00a0e da\u00a0Seduc\u00a0se torna\u00a0pol\u00edtica p\u00fablica permanente na rede estadual\u00a0de educa\u00e7\u00e3o. A lei foi sancionada nesta segunda-feira pelo governador Ronaldo Caiado\u00a0 O Governo de Goi\u00e1s&nbsp;sancionou, nesta ter\u00e7a-feira (30\/3),&nbsp;a&nbsp;lei n\u00ba 24. 186\/2026 que&nbsp;institui o&nbsp;Programa&nbsp;Estudantes de Atitude&nbsp;(EA)&nbsp;como pol\u00edtica p\u00fablica obrigat\u00f3ria na rede estadual de ensino. A&nbsp;lei, publicada&nbsp;no&nbsp;suplemento do Di\u00e1rio Oficial do Estado, consolida uma iniciativa&hellip;","_links":{"self":[{"href":"https:\/\/goias.gov.br\/controladoria\/wp-json\/wp\/v2\/posts\/266917","targetHints":{"allow":["GET"]}}],"collection":[{"href":"https:\/\/goias.gov.br\/controladoria\/wp-json\/wp\/v2\/posts"}],"about":[{"href":"https:\/\/goias.gov.br\/controladoria\/wp-json\/wp\/v2\/types\/post"}],"author":[{"embeddable":true,"href":"https:\/\/goias.gov.br\/controladoria\/wp-json\/wp\/v2\/users\/544"}],"replies":[{"embeddable":true,"href":"https:\/\/goias.gov.br\/controladoria\/wp-json\/wp\/v2\/comments?post=266917"}],"version-history":[{"count":2,"href":"https:\/\/goias.gov.br\/controladoria\/wp-json\/wp\/v2\/posts\/266917\/revisions"}],"predecessor-version":[{"id":266956,"href":"https:\/\/goias.gov.br\/controladoria\/wp-json\/wp\/v2\/posts\/266917\/revisions\/266956"}],"wp:featuredmedia":[{"embeddable":true,"href":"https:\/\/goias.gov.br\/controladoria\/wp-json\/wp\/v2\/media\/266934"}],"wp:attachment":[{"href":"https:\/\/goias.gov.br\/controladoria\/wp-json\/wp\/v2\/media?parent=266917"}],"wp:term":[{"taxonomy":"category","embeddable":true,"href":"https:\/\/goias.gov.br\/controladoria\/wp-json\/wp\/v2\/categories?post=266917"},{"taxonomy":"post_tag","embeddable":true,"href":"https:\/\/goias.gov.br\/controladoria\/wp-json\/wp\/v2\/tags?post=266917"}],"curies":[{"name":"wp","href":"https:\/\/api.w.org\/{rel}","templated":true}]}}