

{"id":2366,"date":"2016-03-22T04:37:08","date_gmt":"2016-03-22T07:37:08","guid":{"rendered":"https:\/\/siteshom.goias.gov.br\/controladoria\/fazenda-e-seguranca-se-unem-no-combate-a-sonegacao\/"},"modified":"2016-03-22T04:37:08","modified_gmt":"2016-03-22T07:37:08","slug":"fazenda-e-seguranca-se-unem-no-combate-a-sonegacao","status":"publish","type":"post","link":"https:\/\/goias.gov.br\/controladoria\/fazenda-e-seguranca-se-unem-no-combate-a-sonegacao\/","title":{"rendered":"Fazenda e Seguran\u00e7a se unem no combate \u00e0 sonega\u00e7\u00e3o"},"content":{"rendered":"<p>\n<!--more--><\/p>\n<p>As secretarias da Fazenda e da Seguran\u00e7a P\u00fablica assinaram hoje (22\/3) portaria que disciplina os procedimentos operacionais e administrativos a serem adotados pelo fisco e policiais no combate \u00e0s mercadorias em tr\u00e2nsito sem notas fiscais ou com notas irregulares, dentro de estrat\u00e9gia integrada de repress\u00e3o a crimes contra a ordem tribut\u00e1ria.<\/p>\n<p>A secret\u00e1ria Ana Carla Abr\u00e3o Costa afirmou que a assinatura \u201cinaugura momento importante\u201d no combate ao crime tribut\u00e1rio, que considera mal\u00e9volo por reduzir a receita ao Estado, que fica impedido de melhorar os servi\u00e7os p\u00fablicos prestados \u00e0 popula\u00e7\u00e3o, combater a sonega\u00e7\u00e3o e a concorr\u00eancia desleal. \u201cPe\u00e7o apoio redobrado do fisco e da Pol\u00edcia Civil neste momento de crise no Pa\u00eds\u201d, completou a titular da Fazenda.<\/p>\n<p>O delegado-geral da Pol\u00edcia Civil, \u00c1lvaro C\u00e1ssio dos Santos, que representou a SSP, ressaltou que a secretaria est\u00e1 a postos e atenta para coibir crimes de qualquer natureza. \u00c1lvaro disse ainda que a queda na arrecada\u00e7\u00e3o implica redu\u00e7\u00e3o de investimentos estaduais, com reflexos negativos nos problemas sociais. Ele prometeu repassar os termos do acordo expressos na portaria a todos os delegados regionais da Pol\u00edcia.<\/p>\n<p>O superintendente da Receita, Adon\u00eddio Neto Vieira J\u00fanior, disse que o fisco fez o lan\u00e7amento de cr\u00e9dito de R$ 12,8 bilh\u00f5es nos \u00faltimos dois anos, o que corresponde a uma arrecada\u00e7\u00e3o anual extra do Estado e faz muito falta ao er\u00e1rio. Da\u00ed, a necessidade de melhorar a recupera\u00e7\u00e3o de cr\u00e9ditos e diminuir a sonega\u00e7\u00e3o dos impostos, atrav\u00e9s do Grupo de Prote\u00e7\u00e3o \u00e0 Ordem Tribut\u00e1ria, criado por decreto do governador Marconi Perillo.<\/p>\n<p>Atua\u00e7\u00e3o<\/p>\n<p>Coube ao grupo fixar os termos da portaria agora assinada. Nela consta que a inten\u00e7\u00e3o \u00e9 combater o il\u00edcito fiscal de forma padronizada pelo fisco e policiais quando o contribuinte n\u00e3o apresentar documento fiscal relativo a venda de mercadorias, fornecer documenta\u00e7\u00e3o fiscal adulterada, falsificada ou em quantidade, origem ou destino diferentes do que consta na nota fiscal.<\/p>\n<p>Caber\u00e1 ao auditor fiscal lavrar os autos de infra\u00e7\u00e3o e conduzir o infrator \u00e0 pol\u00edcia judici\u00e1ria para a abertura dos procedimentos penais cab\u00edveis. Aos delegados caber\u00e1 a tarefa de ratificar o flagrante delito quando entender que o fato apresenta tipicidade de crime cuja pena m\u00e1xima seja superior a dois anos de reclus\u00e3o e fazer o Termo Circunstanciado de Ocorr\u00eancia (TCO), se for o caso e instaurar o inqu\u00e9rito policial.<\/p>\n","protected":false},"excerpt":{"rendered":"","protected":false},"author":54,"featured_media":0,"comment_status":"closed","ping_status":"open","sticky":false,"template":"","format":"standard","meta":{"footnotes":""},"categories":[30],"tags":[],"class_list":["post-2366","post","type-post","status-publish","format-standard","hentry","category-noticias"],"rttpg_featured_image_url":null,"rttpg_author":{"display_name":"hosanagodoy","author_link":"https:\/\/goias.gov.br\/controladoria\/author\/hosanagodoy\/"},"rttpg_comment":0,"rttpg_category":"<a href=\"https:\/\/goias.gov.br\/controladoria\/categoria\/noticias\/\" rel=\"category tag\">Not\u00edcias<\/a>","rttpg_excerpt":null,"_links":{"self":[{"href":"https:\/\/goias.gov.br\/controladoria\/wp-json\/wp\/v2\/posts\/2366","targetHints":{"allow":["GET"]}}],"collection":[{"href":"https:\/\/goias.gov.br\/controladoria\/wp-json\/wp\/v2\/posts"}],"about":[{"href":"https:\/\/goias.gov.br\/controladoria\/wp-json\/wp\/v2\/types\/post"}],"author":[{"embeddable":true,"href":"https:\/\/goias.gov.br\/controladoria\/wp-json\/wp\/v2\/users\/54"}],"replies":[{"embeddable":true,"href":"https:\/\/goias.gov.br\/controladoria\/wp-json\/wp\/v2\/comments?post=2366"}],"version-history":[{"count":0,"href":"https:\/\/goias.gov.br\/controladoria\/wp-json\/wp\/v2\/posts\/2366\/revisions"}],"wp:attachment":[{"href":"https:\/\/goias.gov.br\/controladoria\/wp-json\/wp\/v2\/media?parent=2366"}],"wp:term":[{"taxonomy":"category","embeddable":true,"href":"https:\/\/goias.gov.br\/controladoria\/wp-json\/wp\/v2\/categories?post=2366"},{"taxonomy":"post_tag","embeddable":true,"href":"https:\/\/goias.gov.br\/controladoria\/wp-json\/wp\/v2\/tags?post=2366"}],"curies":[{"name":"wp","href":"https:\/\/api.w.org\/{rel}","templated":true}]}}