

{"id":2266,"date":"2011-04-20T16:32:04","date_gmt":"2011-04-20T19:32:04","guid":{"rendered":"https:\/\/siteshom.goias.gov.br\/controladoria\/estado-e-uniao-discutem-acoes-da-1a-consocial\/"},"modified":"2011-04-20T16:32:04","modified_gmt":"2011-04-20T19:32:04","slug":"estado-e-uniao-discutem-acoes-da-1a-consocial","status":"publish","type":"post","link":"https:\/\/goias.gov.br\/controladoria\/estado-e-uniao-discutem-acoes-da-1a-consocial\/","title":{"rendered":"Estado e Uni\u00e3o discutem a\u00e7\u00f5es da 1\u00aa Consocial"},"content":{"rendered":"<p>\n<!--more--><\/p>\n<p style=\"text-align: justify;\" align=\"justify\">T\u00e9cnicos da Controladoria Geral do Estado e da Controladoria Geral da Uni\u00e3o estiveram reunidos\u00a0hoje\u00a0(20\/4) para discutir o cronograma, as a\u00e7\u00f5es e provid\u00eancias relacionadas com a 1\u00aa Confer\u00eancia Nacional sobre Transpar\u00eancia e Controle Social, (Consocial) que ser\u00e1 realizada em Bras\u00edlia no pr\u00f3ximo ano. Neste primeiro encontro, os representantes da CGU em Goi\u00e1s, Dilermando Jos\u00e9 da Silva e Marina Amaral, al\u00e9m de outros t\u00e9cnicos, fizeram explana\u00e7\u00e3o sobre a metodologia, normas e calend\u00e1rio do evento, que\u00a0ter\u00e1 tr\u00eas etapas: municipal, estadual e nacional. A reuni\u00e3o foi realizada na CGE, no 3\u00b0 andar do Pal\u00e1cio Pedro Ludovico Teixeira.<\/p>\n<p style=\"text-align: justify;\" align=\"justify\">O pr\u00f3ximo passo ser\u00e1 a publica\u00e7\u00e3o de decreto do Governo estadual estabelecendo a Consocial no Estado e tamb\u00e9m estimulando os munic\u00edpios a adotarem medida semelhante, viabilizando as discuss\u00f5es locais dos temas a serem abordados. Em Goi\u00e1s, a coordena\u00e7\u00e3o dos preparativos dever\u00e1 ficar a cargo da Controladoria Geral do Estado. As discuss\u00f5es, em \u00e2mbito local, ser\u00e3o realizadas de 25 de\u00a0julho\u00a0a 13 de\u00a0novembro\u00a0deste ano; j\u00e1 na etapa estadual, o prazo vai de 14 de\u00a0novembro\u00a0de 2011 a 8 de\u00a0abril\u00a0de 2012. Finalmente, no per\u00edodo de 18 a 20 de\u00a0maio\u00a0ocorrer\u00e1 a etapa nacional, em Bras\u00edlia.<\/p>\n<p>Objetivos<\/p>\n<p style=\"text-align: justify;\" align=\"justify\">A 1\u00aa Confer\u00eancia Nacional sobre Transpar\u00eancia e Controle Social (Consocial) tem como finalidade b\u00e1sica promover a transpar\u00eancia p\u00fablica e estimular a participa\u00e7\u00e3o da sociedade no acompanhamento e controle da gest\u00e3o p\u00fablica, contribuindo para o controle social mais efetivo e democr\u00e1tico. Tanto que o conte\u00fado da Consocial est\u00e1 dividido em quatro eixos: promo\u00e7\u00e3o da transpar\u00eancia p\u00fablica e acesso \u00e0 informa\u00e7\u00e3o e aos dados p\u00fablicos; mecanismos de controle social, engajamento e capacita\u00e7\u00e3o da sociedade para o controle da gest\u00e3o p\u00fablica; atua\u00e7\u00e3o dos conselhos de pol\u00edticas p\u00fablicas como inst\u00e2ncias e controle e diretrizes para a preven\u00e7\u00e3o e o combate \u00e0 corrup\u00e7\u00e3o.<\/p>\n<p style=\"text-align: justify;\" align=\"justify\">A partir da realiza\u00e7\u00e3o das etapas locais (munic\u00edpios), ser\u00e3o retirados subs\u00eddios para serem discutidos na etapa estadual. Tamb\u00e9m haver\u00e1 indica\u00e7\u00e3o de representantes dos munic\u00edpios que, juntamente com outros participantes da esfera estadual, v\u00e3o aprofundar a discuss\u00e3o dos temas e elaborar propostas para serem levadas \u00e0 confer\u00eancia nacional. Para as discuss\u00f5es nos munic\u00edpios, a meta \u00e9 mobilizar o maior n\u00famero pessoas e entidades da sociedade organizada, de modo a ampliar a transpar\u00eancia e a participa\u00e7\u00e3o da sociedade em todas as esferas da gest\u00e3o p\u00fablica.<\/p>\n","protected":false},"excerpt":{"rendered":"","protected":false},"author":54,"featured_media":0,"comment_status":"closed","ping_status":"open","sticky":false,"template":"","format":"standard","meta":{"footnotes":""},"categories":[30],"tags":[],"class_list":["post-2266","post","type-post","status-publish","format-standard","hentry","category-noticias"],"rttpg_featured_image_url":null,"rttpg_author":{"display_name":"hosanagodoy","author_link":"https:\/\/goias.gov.br\/controladoria\/author\/hosanagodoy\/"},"rttpg_comment":0,"rttpg_category":"<a href=\"https:\/\/goias.gov.br\/controladoria\/categoria\/noticias\/\" rel=\"category tag\">Not\u00edcias<\/a>","rttpg_excerpt":null,"_links":{"self":[{"href":"https:\/\/goias.gov.br\/controladoria\/wp-json\/wp\/v2\/posts\/2266","targetHints":{"allow":["GET"]}}],"collection":[{"href":"https:\/\/goias.gov.br\/controladoria\/wp-json\/wp\/v2\/posts"}],"about":[{"href":"https:\/\/goias.gov.br\/controladoria\/wp-json\/wp\/v2\/types\/post"}],"author":[{"embeddable":true,"href":"https:\/\/goias.gov.br\/controladoria\/wp-json\/wp\/v2\/users\/54"}],"replies":[{"embeddable":true,"href":"https:\/\/goias.gov.br\/controladoria\/wp-json\/wp\/v2\/comments?post=2266"}],"version-history":[{"count":0,"href":"https:\/\/goias.gov.br\/controladoria\/wp-json\/wp\/v2\/posts\/2266\/revisions"}],"wp:attachment":[{"href":"https:\/\/goias.gov.br\/controladoria\/wp-json\/wp\/v2\/media?parent=2266"}],"wp:term":[{"taxonomy":"category","embeddable":true,"href":"https:\/\/goias.gov.br\/controladoria\/wp-json\/wp\/v2\/categories?post=2266"},{"taxonomy":"post_tag","embeddable":true,"href":"https:\/\/goias.gov.br\/controladoria\/wp-json\/wp\/v2\/tags?post=2266"}],"curies":[{"name":"wp","href":"https:\/\/api.w.org\/{rel}","templated":true}]}}