

{"id":170217,"date":"2025-09-04T11:54:18","date_gmt":"2025-09-04T14:54:18","guid":{"rendered":"https:\/\/goias.gov.br\/controladoria\/?p=170217"},"modified":"2025-09-04T11:54:21","modified_gmt":"2025-09-04T14:54:21","slug":"cge-participa-de-encontro-nacional-de-governanca-e-gestao-publica-da-sgg","status":"publish","type":"post","link":"https:\/\/goias.gov.br\/controladoria\/cge-participa-de-encontro-nacional-de-governanca-e-gestao-publica-da-sgg\/","title":{"rendered":"CGE participa de encontro nacional de governan\u00e7a e gest\u00e3o p\u00fablica da SGG\u00a0"},"content":{"rendered":"\n<p><em>Secret\u00e1rio-chefe da CGE ser\u00e1 um dos palestrantes do evento, promovido pelo Governo de Goi\u00e1s. As inscri\u00e7\u00f5es devem ser feitas pelo site da Rede de Parcerias&nbsp;<\/em>&nbsp;<\/p>\n\n\n\n<p>A Controladoria-Geral do Estado de Goi\u00e1s (CGE-GO) convida servidores e colaboradores a participar do 35\u00ba F\u00f3rum Regional da Rede de Parcerias \u2013 Etapa Goi\u00e1s, que ser\u00e1 realizado pelo Governo de Goi\u00e1s, por meio da Secretaria-Geral de Governo (SGG), de 9 a 11 de setembro, no Centro Cultural Oscar Niemeyer (CCON), em Goi\u00e2nia.&nbsp;<\/p>\n\n\n\n<p>As inscri\u00e7\u00f5es podem ser feitas gratuitamente pelo site oficial da <a href=\"https:\/\/www.gov.br\/transferegov\/pt-br\/noticias\/eventos\/proximos-eventos\/forumredego2025\">Rede de Parcerias<\/a>. A expectativa da organiza\u00e7\u00e3o \u00e9 reunir representantes das esferas federal, estadual e municipal, al\u00e9m de gestores de projetos, t\u00e9cnicos em capacita\u00e7\u00e3o de recursos, \u00f3rg\u00e3os de controle, institui\u00e7\u00f5es financeiras e organiza\u00e7\u00f5es da sociedade civil.\u00a0<\/p>\n\n\n\n<p>O F\u00f3rum visa fortalecer a governan\u00e7a federativa, al\u00e9m de aprimorar a qualifica\u00e7\u00e3o t\u00e9cnica dos gestores p\u00fablicos e incentivar a inova\u00e7\u00e3o e o compartilhamento de boas pr\u00e1ticas. Para isso, a programa\u00e7\u00e3o inclui temas cruciais como a transpar\u00eancia e a execu\u00e7\u00e3o de emendas parlamentares federais, al\u00e9m das transfer\u00eancias e parcerias entre a Uni\u00e3o, Estados, Munic\u00edpios e Organiza\u00e7\u00f5es da Sociedade Civil.&nbsp;<\/p>\n\n\n\n<p>O secret\u00e1rio-chefe da CGE, Marcos Tadeu de Andrade, ser\u00e1 um dos palestrantes. No dia 10 de setembro, ele falar\u00e1 aos participantes sobre o tema \u201cComo o Estado de Goi\u00e1s alcan\u00e7ou o 1\u00ba lugar na Transpar\u00eancia P\u00fablica\u201d, a partir das 15 horas.&nbsp;&nbsp;<\/p>\n\n\n\n<p>O F\u00f3rum \u00e9 direcionado a gestores p\u00fablicos, t\u00e9cnicos estaduais e municipais, servidores de \u00f3rg\u00e3os da administra\u00e7\u00e3o direta e indireta, representantes de organiza\u00e7\u00f5es da sociedade civil e demais profissionais envolvidos na gest\u00e3o de transfer\u00eancias volunt\u00e1rias e parcerias p\u00fablicas.&nbsp;<\/p>\n\n\n\n<p><strong><em>1\u00ba Semin\u00e1rio Estadual de Governan\u00e7a&nbsp;<\/em><\/strong>&nbsp;<\/p>\n\n\n\n<p>Paralelamente ao evento, ser\u00e1 realizado o 1\u00ba Semin\u00e1rio Estadual de Governan\u00e7a e Gest\u00e3o de Projetos, coordenado pelos Escrit\u00f3rios de Projetos (PMO) da SGG. A proposta \u00e9 promover uma agenda estrat\u00e9gica para a moderniza\u00e7\u00e3o da gest\u00e3o p\u00fablica, abordando governan\u00e7a, inova\u00e7\u00e3o em pol\u00edticas p\u00fablicas e ferramentas inteligentes para a gest\u00e3o de projetos, fortalecendo a integra\u00e7\u00e3o federativa com mais efici\u00eancia, transpar\u00eancia e resultados concretos para a popula\u00e7\u00e3o.&nbsp;<\/p>\n\n\n\n<p>Al\u00e9m da programa\u00e7\u00e3o principal, a semana contar\u00e1 com uma agenda de atividades paralelas, incluindo capacita\u00e7\u00f5es e oficinas t\u00e9cnicas sobre temas de interesse da gest\u00e3o p\u00fablica, como: uso do patrim\u00f4nio imobili\u00e1rio para pol\u00edticas p\u00fablicas (Agenda SPU); treinamento: Vis\u00e3o Geral do Transfere.gov; treinamento: Gest\u00e3o P\u00fablicagov.br; capacita\u00e7\u00e3o: PRONAS\/PRONON PCD.&nbsp;<\/p>\n\n\n\n<p><strong><em>Rede de Parcerias<\/em><\/strong>&nbsp;<\/p>\n\n\n\n<p>Os F\u00f3runs Regionais da Rede de Parcerias s\u00e3o realizados em diversos estados, com a miss\u00e3o de promover di\u00e1logo federativo, qualificar a governan\u00e7a e assegurar maior efetividade no gasto p\u00fablico. A Rede de Parcerias re\u00fane atualmente mais de 260 institui\u00e7\u00f5es p\u00fablicas e privadas em torno de um compromisso com a transpar\u00eancia, capacita\u00e7\u00e3o e fortalecimento das transfer\u00eancias volunt\u00e1rias da Uni\u00e3o.&nbsp;<\/p>\n\n\n\n<p>Em Goi\u00e1s, a iniciativa conta ainda com parceria do Minist\u00e9rio da Gest\u00e3o e da Inova\u00e7\u00e3o em Servi\u00e7os P\u00fablicos, por meio da Diretoria de Transfer\u00eancias e Parcerias da Uni\u00e3o. Tamb\u00e9m tem apoio da Federa\u00e7\u00e3o Goiana de Munic\u00edpios (FGM), da Associa\u00e7\u00e3o Goiana de Munic\u00edpios (AGM) e da Caixa Econ\u00f4mica Federal (CEF).&nbsp;<\/p>\n\n\n\n<p><strong>Comunica\u00e7\u00e3o Setorial CGE \u2013 Governo de Goi\u00e1s<\/strong>&nbsp;<\/p>\n","protected":false},"excerpt":{"rendered":"<p>Secret\u00e1rio-chefe da CGE ser\u00e1 um dos palestrantes do evento, promovido pelo Governo de Goi\u00e1s. As inscri\u00e7\u00f5es devem ser feitas pelo site da Rede de Parcerias&nbsp;&nbsp; A Controladoria-Geral do Estado de Goi\u00e1s (CGE-GO) convida servidores e colaboradores a participar do 35\u00ba F\u00f3rum Regional da Rede de Parcerias \u2013 Etapa Goi\u00e1s, que ser\u00e1 realizado pelo Governo de [&hellip;]<\/p>\n","protected":false},"author":17,"featured_media":170406,"comment_status":"closed","ping_status":"open","sticky":false,"template":"","format":"standard","meta":{"footnotes":""},"categories":[30],"tags":[62,155,318],"class_list":["post-170217","post","type-post","status-publish","format-standard","has-post-thumbnail","hentry","category-noticias","tag-cge-go","tag-noticias","tag-rede-de-parcerias"],"rttpg_featured_image_url":{"full":["https:\/\/goias.gov.br\/controladoria\/wp-content\/uploads\/sites\/31\/2025\/09\/Banner-transfere-GOV-5.png",2700,700,false],"landscape":["https:\/\/goias.gov.br\/controladoria\/wp-content\/uploads\/sites\/31\/2025\/09\/Banner-transfere-GOV-5.png",2700,700,false],"portraits":["https:\/\/goias.gov.br\/controladoria\/wp-content\/uploads\/sites\/31\/2025\/09\/Banner-transfere-GOV-5.png",2700,700,false],"thumbnail":["https:\/\/goias.gov.br\/controladoria\/wp-content\/uploads\/sites\/31\/2025\/09\/Banner-transfere-GOV-5-150x150.png",150,150,true],"medium":["https:\/\/goias.gov.br\/controladoria\/wp-content\/uploads\/sites\/31\/2025\/09\/Banner-transfere-GOV-5-300x78.png",300,78,true],"large":["https:\/\/goias.gov.br\/controladoria\/wp-content\/uploads\/sites\/31\/2025\/09\/Banner-transfere-GOV-5-1024x265.png",1024,265,true],"1536x1536":["https:\/\/goias.gov.br\/controladoria\/wp-content\/uploads\/sites\/31\/2025\/09\/Banner-transfere-GOV-5-1536x398.png",1536,398,true],"2048x2048":["https:\/\/goias.gov.br\/controladoria\/wp-content\/uploads\/sites\/31\/2025\/09\/Banner-transfere-GOV-5-2048x531.png",2048,531,true]},"rttpg_author":{"display_name":"danielahsoliveira","author_link":"https:\/\/goias.gov.br\/controladoria\/author\/danielahsoliveira\/"},"rttpg_comment":0,"rttpg_category":"<a href=\"https:\/\/goias.gov.br\/controladoria\/categoria\/noticias\/\" rel=\"category tag\">Not\u00edcias<\/a>","rttpg_excerpt":"Secret\u00e1rio-chefe da CGE ser\u00e1 um dos palestrantes do evento, promovido pelo Governo de Goi\u00e1s. As inscri\u00e7\u00f5es devem ser feitas pelo site da Rede de Parcerias&nbsp;&nbsp; A Controladoria-Geral do Estado de Goi\u00e1s (CGE-GO) convida servidores e colaboradores a participar do 35\u00ba F\u00f3rum Regional da Rede de Parcerias \u2013 Etapa Goi\u00e1s, que ser\u00e1 realizado pelo Governo de&hellip;","_links":{"self":[{"href":"https:\/\/goias.gov.br\/controladoria\/wp-json\/wp\/v2\/posts\/170217","targetHints":{"allow":["GET"]}}],"collection":[{"href":"https:\/\/goias.gov.br\/controladoria\/wp-json\/wp\/v2\/posts"}],"about":[{"href":"https:\/\/goias.gov.br\/controladoria\/wp-json\/wp\/v2\/types\/post"}],"author":[{"embeddable":true,"href":"https:\/\/goias.gov.br\/controladoria\/wp-json\/wp\/v2\/users\/17"}],"replies":[{"embeddable":true,"href":"https:\/\/goias.gov.br\/controladoria\/wp-json\/wp\/v2\/comments?post=170217"}],"version-history":[{"count":1,"href":"https:\/\/goias.gov.br\/controladoria\/wp-json\/wp\/v2\/posts\/170217\/revisions"}],"predecessor-version":[{"id":170524,"href":"https:\/\/goias.gov.br\/controladoria\/wp-json\/wp\/v2\/posts\/170217\/revisions\/170524"}],"wp:featuredmedia":[{"embeddable":true,"href":"https:\/\/goias.gov.br\/controladoria\/wp-json\/wp\/v2\/media\/170406"}],"wp:attachment":[{"href":"https:\/\/goias.gov.br\/controladoria\/wp-json\/wp\/v2\/media?parent=170217"}],"wp:term":[{"taxonomy":"category","embeddable":true,"href":"https:\/\/goias.gov.br\/controladoria\/wp-json\/wp\/v2\/categories?post=170217"},{"taxonomy":"post_tag","embeddable":true,"href":"https:\/\/goias.gov.br\/controladoria\/wp-json\/wp\/v2\/tags?post=170217"}],"curies":[{"name":"wp","href":"https:\/\/api.w.org\/{rel}","templated":true}]}}