

{"id":1296,"date":"2016-01-29T11:21:53","date_gmt":"2016-01-29T13:21:53","guid":{"rendered":"https:\/\/siteshom.goias.gov.br\/controladoria\/centro-de-convencoes-de-anapolis-devera-ser-concluido-este-ano\/"},"modified":"2016-01-29T11:21:53","modified_gmt":"2016-01-29T13:21:53","slug":"centro-de-convencoes-de-anapolis-devera-ser-concluido-este-ano","status":"publish","type":"post","link":"https:\/\/goias.gov.br\/controladoria\/centro-de-convencoes-de-anapolis-devera-ser-concluido-este-ano\/","title":{"rendered":"Centro de Conven\u00e7\u00f5es de An\u00e1polis dever\u00e1 ser conclu\u00eddo este ano"},"content":{"rendered":"<p>\n<!--more--><\/p>\n<p>Na primeira vistoria \u00e0s estruturas do futuro Centro de Conven\u00e7\u00f5es de An\u00e1polis neste ano, o governador Marconi Perillo anunciou na manh\u00e3 de hoje (29\/1) a retomada das obras de imediato. Com 75% da obra f\u00edsica j\u00e1 conclu\u00edda, a previs\u00e3o \u00e9 de que o espa\u00e7o fique pronto ainda este ano. \u201cEssa obra vai transformar An\u00e1polis num grande destino para a realiza\u00e7\u00e3o de feiras e eventos. Al\u00e9m de refer\u00eancia para o Brasil Central, ser\u00e1 um importante centro para a movimenta\u00e7\u00e3o econ\u00f4mica da cidade\u201d, afirmou o governador.<\/p>\n<p>Ele percorreu as \u00e1reas de constru\u00e7\u00e3o do\u00a0teatro de arena, os audit\u00f3rios, p\u00e1tios de exposi\u00e7\u00e3o, cumprimentou funcion\u00e1rios durante uma visita t\u00e9cnica de 1 hora e destacou que a obra ser\u00e1 \u201cseguramente uma das mais importantes para An\u00e1polis\u201d. \u00a0\u201c\u00c9 uma obra cara, bem constru\u00edda, moderna, \u00e0 altura do povo anapolino. Vai engrandecer muito a cidade e o Estado, al\u00e9m de agregar dinamismo \u00e0 nossa economia e marcar para sempre a hist\u00f3ria de An\u00e1polis\u201d, destacou.<\/p>\n<p>Com uma estrutura de 32,8 mil metros quadrados \u2013 o equivalente a quase 8 campos de futebol -, \u00a0o espa\u00e7o de eventos tem numa localiza\u00e7\u00e3o privilegiada e de f\u00e1cil acesso: em frente ao viaduto do Distrito Agroindustrial de\u00a0An\u00e1polis\u00a0(Daia), na BR-153. Sua capacidade \u00e9 de 3.350 pessoas simultaneamente em seus audit\u00f3rios, al\u00e9m de dois estacionamentos com mil vagas, restaurante panor\u00e2mico, teatro de arena e depend\u00eancias para apresenta\u00e7\u00e3o de espet\u00e1culos musicais.<\/p>\n<p>O vice-governador e secret\u00e1rio de Desenvolvimento Econ\u00f4mico, Jos\u00e9 Eliton, que acompanhou o governador durante a vistoria, explicou que as obras v\u00e3o ser executadas em duas etapas. \u201cA primeira etapa ser\u00e1 a conclus\u00e3o da obra civil. Depois vamos entrar na parte de equipamentos, mobili\u00e1rios, para dar funcionalidade.\u00a0Trabalhamos para garantir que, mesmo diante do cen\u00e1rio de crise econ\u00f4mica nacional, a popula\u00e7\u00e3o goiana continue a receber benef\u00edcios.\u201d<\/p>\n<p>O diretor da CCB Construtora, l\u00edder do cons\u00f3rcio respons\u00e1vel pela constru\u00e7\u00e3o do Centro de Conven\u00e7\u00f5es, Wilton Machado, confirmou que, tecnicamente, An\u00e1polis tem condi\u00e7\u00e3o de contar com esta obra at\u00e9 o fim deste ano. \u201cEstamos a partir de hoje com os oper\u00e1rios prontos para iniciar o trabalho. Vamos terminar as obras at\u00e9 o fim do primeiro semestre. Agora estamos definindo detalhes da segunda etapa\u201d, destacou.<\/p>\n<p>Agradecimento<\/p>\n<p>O prefeito de An\u00e1polis, Jo\u00e3o Gomes, agradeceu o governador pela retomada da obra e \u201cpelo carinho e a maneira cordial como sempre tratou An\u00e1polis\u201d. \u201cEle sempre olhou para An\u00e1polis como quem gosta desta cidade. Tivemos um ano de 2015 dif\u00edcil. Agora estamos come\u00e7ando o ano com motiva\u00e7\u00e3o. O governador \u00e9 homem de coragem. Ele mostrou nestes quase 30 anos de mandatos que gosta de An\u00e1polis\u201d, afirmou.<\/p>\n<p>Jo\u00e3o Gomes disse que, enquanto prefeito e vice-prefeito, teve uma rela\u00e7\u00e3o muito pr\u00f3xima com Marconi, o que contribuiu para o andamento de obras na cidade por meio de parceria. \u201cEle sempre ajudou nosso governo \u00e0 frente da prefeitura desde 2009. Come\u00e7amos 2016, ainda que com dificuldades de caixa. Mas, mesmo assim, vamos retomar esta obra. H\u00e1 mais de 20 anos An\u00e1polis sonha com o Centro de Conven\u00e7\u00f5es. Agora come\u00e7amos a enxergar como realidade\u201d, frisou.<\/p>\n","protected":false},"excerpt":{"rendered":"","protected":false},"author":54,"featured_media":0,"comment_status":"closed","ping_status":"open","sticky":false,"template":"","format":"standard","meta":{"footnotes":""},"categories":[30],"tags":[],"class_list":["post-1296","post","type-post","status-publish","format-standard","hentry","category-noticias"],"rttpg_featured_image_url":null,"rttpg_author":{"display_name":"hosanagodoy","author_link":"https:\/\/goias.gov.br\/controladoria\/author\/hosanagodoy\/"},"rttpg_comment":0,"rttpg_category":"<a href=\"https:\/\/goias.gov.br\/controladoria\/categoria\/noticias\/\" rel=\"category tag\">Not\u00edcias<\/a>","rttpg_excerpt":null,"_links":{"self":[{"href":"https:\/\/goias.gov.br\/controladoria\/wp-json\/wp\/v2\/posts\/1296","targetHints":{"allow":["GET"]}}],"collection":[{"href":"https:\/\/goias.gov.br\/controladoria\/wp-json\/wp\/v2\/posts"}],"about":[{"href":"https:\/\/goias.gov.br\/controladoria\/wp-json\/wp\/v2\/types\/post"}],"author":[{"embeddable":true,"href":"https:\/\/goias.gov.br\/controladoria\/wp-json\/wp\/v2\/users\/54"}],"replies":[{"embeddable":true,"href":"https:\/\/goias.gov.br\/controladoria\/wp-json\/wp\/v2\/comments?post=1296"}],"version-history":[{"count":0,"href":"https:\/\/goias.gov.br\/controladoria\/wp-json\/wp\/v2\/posts\/1296\/revisions"}],"wp:attachment":[{"href":"https:\/\/goias.gov.br\/controladoria\/wp-json\/wp\/v2\/media?parent=1296"}],"wp:term":[{"taxonomy":"category","embeddable":true,"href":"https:\/\/goias.gov.br\/controladoria\/wp-json\/wp\/v2\/categories?post=1296"},{"taxonomy":"post_tag","embeddable":true,"href":"https:\/\/goias.gov.br\/controladoria\/wp-json\/wp\/v2\/tags?post=1296"}],"curies":[{"name":"wp","href":"https:\/\/api.w.org\/{rel}","templated":true}]}}