

{"id":1005,"date":"2016-03-17T07:12:02","date_gmt":"2016-03-17T10:12:02","guid":{"rendered":"https:\/\/siteshom.goias.gov.br\/controladoria\/anapolis-tera-reforco-nas-acoes-de-seguranca-publica\/"},"modified":"2016-03-17T07:12:02","modified_gmt":"2016-03-17T10:12:02","slug":"anapolis-tera-reforco-nas-acoes-de-seguranca-publica","status":"publish","type":"post","link":"https:\/\/goias.gov.br\/controladoria\/anapolis-tera-reforco-nas-acoes-de-seguranca-publica\/","title":{"rendered":"An\u00e1polis ter\u00e1 refor\u00e7o nas a\u00e7\u00f5es de Seguran\u00e7a P\u00fablica"},"content":{"rendered":"<p>\n<!--more--><\/p>\n<p>O vice-governador e secret\u00e1rio de Seguran\u00e7a P\u00fablica e Administra\u00e7\u00e3o Penitenci\u00e1ria, Jos\u00e9 Eliton, esteve em An\u00e1polis na quarta-feira 916\/3) onde, em dois eventos distintos, detalhou a\u00e7\u00f5es estrat\u00e9gicas da Pasta que comanda para o munic\u00edpio, listou investimentos e, em nome das for\u00e7as policiais do Estado, recebeu viaturas e equipamentos que ser\u00e3o utilizados em parceria com a prefeitura. Jos\u00e9 Eliton ainda participou da posse do novo titular da 3\u00aa Delegacia Regional de Pol\u00edcia, F\u00e1bio Vilela, que assume o posto na vaga de \u00c1lvaro C\u00e1ssio, atual diretor-geral da Pol\u00edcia Civil.<\/p>\n<p>Obra importante para An\u00e1polis que dever\u00e1 ser retomada neste ano \u00e9 a constru\u00e7\u00e3o do pres\u00eddio. Aproximadamente 80% das obras est\u00e3o conclu\u00eddas. Jos\u00e9 Eliton ressaltou que o rein\u00edcio deste projeto j\u00e1 foi acertado com o governador Marconi Perillo, que o considera como obra priorit\u00e1ria para 2016, e que ele pr\u00f3prio j\u00e1 come\u00e7ou as tratativas com a Ag\u00eancia Goiana de Obras e Transportes P\u00fablicos (Agetop).<\/p>\n<p>Na posse do delegado F\u00e1bio Vilela, ele ainda detalhou a constru\u00e7\u00e3o de outras unidades que integrar\u00e3o o sistema penitenci\u00e1rio em Goi\u00e1s: \u201cPara algumas (unidades), a pr\u00f3xima etapa \u00e9 a libera\u00e7\u00e3o de recursos. Para que tamb\u00e9m sejam edificados outros 15 pres\u00eddios, projetos j\u00e1 foram encaminhados ao Minist\u00e9rio da Justi\u00e7a. E tamb\u00e9m aguardamos a decis\u00e3o do Supremo Tribunal Federal (STF) sobre a possibilidade de utilizar recursos como os Fundo Penitenci\u00e1rio\u201d, explicou.<\/p>\n<p>Integra\u00e7\u00e3o<\/p>\n<p>O vice-governador e secret\u00e1rio de Seguran\u00e7a P\u00fablica ainda falou do trabalho conjunto que vem sendo executado pelas pol\u00edcias goianas. \u201cA a\u00e7\u00e3o integrada das pol\u00edcias propicia uma efici\u00eancia muito maior para a sociedade. Policiais civis e militares t\u00eam, juntos, a capacidade de ofertar seguran\u00e7a de alta qualidade\u201d, discursou Jos\u00e9 Eliton.<\/p>\n<p>A 3\u00aa Delegacia Regional de Pol\u00edcia, em An\u00e1polis, ser\u00e1 coordenada pelo delegado F\u00e1bio Vilela, que exercia, anteriormente, a fun\u00e7\u00e3o de delegado adjunto. Ele pertence aos quadros da Pol\u00edcia Civil h\u00e1 12 anos. O ex-titular da 3\u00aa DRP e atual diretor-geral da Pol\u00edcia Civil, \u00c1lvaro C\u00e1ssio, disse, em discurso, que Jos\u00e9 Eliton \u201ctem trabalhado diuturnamente e incansavelmente para garantir a seguran\u00e7a e tranquilidade aos goianos\u201d. \u201cNestes 20 dias em que ele est\u00e1 \u00e0 frente da Secretaria, temos percebido boas mudan\u00e7as e grandes resultados\u201d, finalizou.<\/p>\n<p>Ap\u00f3s a solenidade de posse, o vice-governador e secret\u00e1rio de Seguran\u00e7a P\u00fablica seguiu para o Gabinete de Gest\u00e3o Integrada do Munic\u00edpio (GGI), unidade respons\u00e1vel pelo monitoramento, por meio de c\u00e2meras, das principais ruas da cidade.\u00a0O prefeito Jo\u00e3o Gomes repassou ao Governo do Estado duas viaturas, duas motos e diversos itens de seguran\u00e7a.\u00a0Os bens foram adquiridos por meio do programa federal\u00a0<em>Crack, \u00e9 Poss\u00edvel Vencer<\/em>. Como An\u00e1polis n\u00e3o disp\u00f5e de Guarda Municipal, as pol\u00edcias Civil e Militar utilizar\u00e3o os ve\u00edculos e equipamentos exclusivamente no munic\u00edpio, no contexto de seguran\u00e7a integrada.<\/p>\n","protected":false},"excerpt":{"rendered":"","protected":false},"author":54,"featured_media":0,"comment_status":"closed","ping_status":"open","sticky":false,"template":"","format":"standard","meta":{"footnotes":""},"categories":[30],"tags":[],"class_list":["post-1005","post","type-post","status-publish","format-standard","hentry","category-noticias"],"rttpg_featured_image_url":null,"rttpg_author":{"display_name":"hosanagodoy","author_link":"https:\/\/goias.gov.br\/controladoria\/author\/hosanagodoy\/"},"rttpg_comment":0,"rttpg_category":"<a href=\"https:\/\/goias.gov.br\/controladoria\/categoria\/noticias\/\" rel=\"category tag\">Not\u00edcias<\/a>","rttpg_excerpt":null,"_links":{"self":[{"href":"https:\/\/goias.gov.br\/controladoria\/wp-json\/wp\/v2\/posts\/1005","targetHints":{"allow":["GET"]}}],"collection":[{"href":"https:\/\/goias.gov.br\/controladoria\/wp-json\/wp\/v2\/posts"}],"about":[{"href":"https:\/\/goias.gov.br\/controladoria\/wp-json\/wp\/v2\/types\/post"}],"author":[{"embeddable":true,"href":"https:\/\/goias.gov.br\/controladoria\/wp-json\/wp\/v2\/users\/54"}],"replies":[{"embeddable":true,"href":"https:\/\/goias.gov.br\/controladoria\/wp-json\/wp\/v2\/comments?post=1005"}],"version-history":[{"count":0,"href":"https:\/\/goias.gov.br\/controladoria\/wp-json\/wp\/v2\/posts\/1005\/revisions"}],"wp:attachment":[{"href":"https:\/\/goias.gov.br\/controladoria\/wp-json\/wp\/v2\/media?parent=1005"}],"wp:term":[{"taxonomy":"category","embeddable":true,"href":"https:\/\/goias.gov.br\/controladoria\/wp-json\/wp\/v2\/categories?post=1005"},{"taxonomy":"post_tag","embeddable":true,"href":"https:\/\/goias.gov.br\/controladoria\/wp-json\/wp\/v2\/tags?post=1005"}],"curies":[{"name":"wp","href":"https:\/\/api.w.org\/{rel}","templated":true}]}}