

{"id":574,"date":"2023-09-25T15:58:26","date_gmt":"2023-09-25T18:58:26","guid":{"rendered":"https:\/\/siteshom.goias.gov.br\/comunicacao\/portarias-2023\/"},"modified":"2023-10-16T09:36:29","modified_gmt":"2023-10-16T12:36:29","slug":"portarias-2023","status":"publish","type":"post","link":"https:\/\/goias.gov.br\/comunicacao\/portarias-2023\/","title":{"rendered":"Portarias 2023"},"content":{"rendered":"<ul>\n<li><a id=\"\" title=\"\" href=\"https:\/\/goias.gov.br\/comunicacao\/wp-content\/uploads\/sites\/10\/2023\/02\/Portaria001.2023-316.pdf\" target=\"\" rel=\"noopener\">Portaria n\u00b0 001\/2023 &#8211; Subs. F\u00e9rias M\u00e1rcia\u00a0<\/a><\/li>\n<li><a id=\"\" title=\"\" href=\"https:\/\/goias.gov.br\/comunicacao\/wp-content\/uploads\/sites\/10\/2023\/02\/Portaria002.2023-da5.pdf\" target=\"\" rel=\"noopener\">Portaria n\u00b0 002\/2023 &#8211; Dispensa do ponto &#8211; Gabriel Oliveira\u00a0<\/a><\/li>\n<li><a id=\"\" title=\"\" href=\"https:\/\/goias.gov.br\/comunicacao\/wp-content\/uploads\/sites\/10\/2023\/02\/Portaria003.2023-359.pdf\" target=\"\" rel=\"noopener\">Portaria n\u00b0 003\/2023 &#8211; Gestor dos jornais\u00a0<\/a><\/li>\n<li><a id=\"\" title=\"\" href=\"https:\/\/goias.gov.br\/comunicacao\/wp-content\/uploads\/sites\/10\/2023\/02\/SEI_000037761206_Portaria_004-062.pdf\" target=\"\" rel=\"noopener\">Portaria n\u00b0 004\/2023 &#8211; Gestor de mobili\u00e1rio\u00a0<\/a><\/li>\n<li><a id=\"\" title=\"\" href=\"https:\/\/goias.gov.br\/comunicacao\/wp-content\/uploads\/sites\/10\/2023\/02\/Portaria005.2023-388.pdf\" target=\"\" rel=\"noopener\">Portaria n\u00b0 005\/2023 &#8211; Gestor insulfilme<\/a><\/li>\n<li><a id=\"\" title=\"\" href=\"https:\/\/drive.google.com\/file\/d\/1s42l4mMKHYexdESVcyW8pA9SyczJg0ky\/view?usp=sharing\" target=\"\" rel=\"noopener\">Portaria n\u00b0 006\/2023 &#8211; Subs. Aline\u00a0<\/a><\/li>\n<li><a id=\"\" title=\"\" href=\"https:\/\/goias.gov.br\/comunicacao\/wp-content\/uploads\/sites\/10\/2023\/02\/SEI_45237595_Portaria_007-1dd.pdf\" target=\"\" rel=\"noopener\">Portaria n\u00b0 007\/2023 &#8211; Cadastramento ag\u00eancia<\/a><\/li>\n<li><a id=\"\" title=\"\" href=\"https:\/\/goias.gov.br\/comunicacao\/wp-content\/uploads\/sites\/10\/2023\/02\/Portaria008.2023-cd7.pdf\" target=\"\" rel=\"noopener\">Portaria n\u00b0 008\/2023 &#8211; FCPE &#8211; Eleuza Aparecida\u00a0<\/a><\/li>\n<li><a id=\"\" title=\"\" href=\"https:\/\/goias.gov.br\/comunicacao\/wp-content\/uploads\/sites\/10\/2023\/02\/Portaria009.2023-22b.pdf\" target=\"\" rel=\"noopener\">Portaria n\u00b0 009\/2023 &#8211; Gestor dos equipamentos de cozinha\u00a0<\/a><\/li>\n<li><a id=\"\" title=\"\" href=\"https:\/\/goias.gov.br\/comunicacao\/wp-content\/uploads\/sites\/10\/2023\/02\/Portaria010.2023-1f2.pdf\" target=\"\" rel=\"noopener\">Portaria n\u00b0 010\/2023 &#8211; Andr\u00e9 subs. Davi\u00a0<\/a><\/li>\n<li><a id=\"\" title=\"\" href=\"https:\/\/goias.gov.br\/comunicacao\/wp-content\/uploads\/sites\/10\/2023\/02\/Portaria011.2023-f0e.pdf\" target=\"\" rel=\"noopener\">Portaria n\u00b0 011\/2023 &#8211; Gestor do sistema ComprasNet<\/a><\/li>\n<li><a id=\"\" title=\"\" href=\"https:\/\/goias.gov.br\/comunicacao\/wp-content\/uploads\/sites\/10\/2023\/02\/Portaria012.2022-26b.pdf\" target=\"\" rel=\"noopener\">Portaria n\u00b0 012\/2023 &#8211; Gestor e fiscal de contrato.\u00a0<\/a><\/li>\n<li>Portaria n\u00b0 013\/2023 &#8211; CANCELADA<\/li>\n<li><a id=\"\" title=\"\" href=\"https:\/\/goias.gov.br\/comunicacao\/wp-content\/uploads\/sites\/10\/2023\/02\/Portaria014.2023-16c.pdf\" target=\"\" rel=\"noopener\">Portaria n\u00b0 014\/2023 &#8211; Gestor de combust\u00edvel &#8211; Anterior 009\/2022<\/a><\/li>\n<li><a id=\"\" title=\"\" href=\"https:\/\/goias.gov.br\/comunicacao\/wp-content\/uploads\/sites\/10\/2023\/02\/Portaria015.2023-f90.pdf\" target=\"\" rel=\"noopener\">Portaria n\u00b0 015\/2023 &#8211; Gestor de garagem &#8211; Anterior 021\/2023<\/a><\/li>\n<li><a id=\"\" title=\"\" href=\"https:\/\/goias.gov.br\/comunicacao\/wp-content\/uploads\/sites\/10\/2023\/02\/Portaria016.2023-123.pdf\" target=\"\" rel=\"noopener\">Portaria n\u00b0 016\/2023 &#8211; Gestor Arla &#8211; Anterior 010\/2022<\/a><\/li>\n<li><a id=\"\" title=\"\" href=\"https:\/\/goias.gov.br\/comunicacao\/wp-content\/uploads\/sites\/10\/2023\/02\/Portaria017.2023-fdf.pdf\" target=\"\" rel=\"noopener\">Portaria n\u00b0 017\/2023 &#8211; Gestor CS Brasil &#8211; Anterior 015\/2022<\/a><\/li>\n<li><a id=\"\" title=\"\" href=\"https:\/\/goias.gov.br\/comunicacao\/wp-content\/uploads\/sites\/10\/2023\/02\/Portaria018.2023-0cf.pdf\" target=\"\" rel=\"noopener\">Portaria n\u00b0 018\/2023 &#8211; Complemento portaria 007\/2023<\/a><\/li>\n<li><a id=\"\" title=\"\" href=\"https:\/\/goias.gov.br\/comunicacao\/wp-content\/uploads\/sites\/10\/2023\/02\/Portaria019.2023-e33.pdf\" target=\"\" rel=\"noopener\">Portaria n\u00b0 019\/2023 &#8211; Subs. licen\u00e7a m\u00e9dica Ricardo De Val\u00a0<\/a><\/li>\n<li><a id=\"\" title=\"\" href=\"https:\/\/goias.gov.br\/comunicacao\/wp-content\/uploads\/sites\/10\/2023\/02\/Portaria020.2023-86c.pdf\" target=\"\" rel=\"noopener\">Portaria n\u00b0 020\/2023 &#8211; Escrit\u00f3rio Compliance &#8211; Anterior 006\/2022<\/a><\/li>\n<li><a id=\"\" title=\"\" href=\"https:\/\/goias.gov.br\/comunicacao\/wp-content\/uploads\/sites\/10\/2023\/02\/Portaria021.2023-690.pdf\" target=\"\" rel=\"noopener\">Portaria n\u00b0 021\/2023 &#8211; Subs. Andr\u00e9 Saddi\/ Cristiano\u00a0<\/a><\/li>\n<li><a id=\"\" title=\"\" href=\"https:\/\/goias.gov.br\/comunicacao\/wp-content\/uploads\/sites\/10\/2023\/02\/Portaria022.2023-823.pdf\" target=\"\" rel=\"noopener\">Portaria n\u00b0 022\/2023 &#8211; Dispensa de ponto novatos &#8211; sup. de imprensa\u00a0<\/a><\/li>\n<li><a id=\"\" title=\"\" href=\"https:\/\/goias.gov.br\/comunicacao\/wp-content\/uploads\/sites\/10\/2023\/02\/Portaria023.2023-6df.pdf\" target=\"\" rel=\"noopener\">Portaria n\u00b0 023\/2023 &#8211; Dispensa de ponto novatos &#8211; sup. de m\u00eddias\u00a0<\/a><\/li>\n<li><a id=\"\" title=\"\" href=\"https:\/\/goias.gov.br\/comunicacao\/wp-content\/uploads\/sites\/10\/2023\/02\/Portaria024.2023-8f2.pdf\" target=\"\" rel=\"noopener\">Portaria n\u00b0 024\/2023 &#8211;\u00a0Dispensa de ponto L\u00eania e Matheus\u00a0&#8211; Portaria\u00a0Clippling &#8211; 037\/2022<\/a><\/li>\n<li><a id=\"\" title=\"\" href=\"https:\/\/goias.gov.br\/comunicacao\/wp-content\/uploads\/sites\/10\/2023\/02\/Portaria025.2023-60e.pdf\" target=\"\" rel=\"noopener\">Portaria n\u00b0 025\/2023 &#8211; Portaria Clipping &#8211; anterior 037\/2023<\/a><\/li>\n<li><a id=\"\" title=\"\" href=\"https:\/\/goias.gov.br\/comunicacao\/wp-content\/uploads\/sites\/10\/2023\/02\/Portaria026.2023-8bd.pdf\" target=\"\" rel=\"noopener\">Portaria n\u00b0 026\/2023 &#8211; Portaria FCPE &#8211; Denyse, Dyego, Vivian\u00a0<\/a><\/li>\n<li><a id=\"\" title=\"\" href=\"https:\/\/goias.gov.br\/comunicacao\/wp-content\/uploads\/sites\/10\/2023\/02\/Portaria027.2023-641.pdf\" target=\"\" rel=\"noopener\">Portaria n\u00b0 027\/2023 &#8211; Gestor do jornal impresso<\/a><\/li>\n<li><a id=\"\" title=\"\" href=\"https:\/\/goias.gov.br\/comunicacao\/wp-content\/uploads\/sites\/10\/2023\/02\/Portaria028.2023-951.pdf\" target=\"\" rel=\"noopener\">Portaria n\u00b0 028\/2023 &#8211; Gestor de utens\u00edlios da cozinha\u00a0<\/a><\/li>\n<li><a id=\"\" title=\"\" href=\"https:\/\/goias.gov.br\/comunicacao\/wp-content\/uploads\/sites\/10\/2023\/02\/Portaria029.2023-7ad.pdf\" target=\"\" rel=\"noopener\">Portaria n\u00b0 029\/2023 &#8211; Subs. Guiomar\/Jonathan\u00a0<\/a><\/li>\n<li><a id=\"\" title=\"\" href=\"https:\/\/goias.gov.br\/comunicacao\/wp-content\/uploads\/sites\/10\/2023\/02\/Portaria030.2023-474.pdf\" target=\"\" rel=\"noopener\">Portaria n\u00b0 030\/2023 &#8211; Subs. Lucas\/Cristiano\u00a0<\/a><\/li>\n<li><a id=\"\" title=\"\" href=\"https:\/\/goias.gov.br\/comunicacao\/wp-content\/uploads\/sites\/10\/2023\/02\/Portaria031.2023-a88.pdf\" target=\"\" rel=\"noopener\">Portaria n\u00b0 031\/2023 &#8211; FCPE &#8211; Camila Teixeira<\/a><\/li>\n<li><a id=\"\" title=\"\" href=\"https:\/\/goias.gov.br\/comunicacao\/wp-content\/uploads\/sites\/10\/2023\/02\/Portaria032.2023-43b.pdf\" target=\"\" rel=\"noopener\">Portaria n\u00b0 032\/2023 &#8211; Gestor de equipamentos audiovisual<\/a><\/li>\n<li><a id=\"\" title=\"\" href=\"https:\/\/goias.gov.br\/comunicacao\/wp-content\/uploads\/sites\/10\/2023\/02\/Portaria033.2023-ac7.pdf\" target=\"\" rel=\"noopener\">Portaria n\u00b0 033\/2023 &#8211; Gestor programa de gerenciamento de riscos\u00a0<\/a><\/li>\n<li><a id=\"\" title=\"\" href=\"https:\/\/goias.gov.br\/comunicacao\/wp-content\/uploads\/sites\/10\/2023\/02\/Portaria034.2023-4ea.pdf\" target=\"\" rel=\"noopener\">Portaria n\u00b0 034\/2023 &#8211; Subs. f\u00e9rias M\u00e1rcia\/Guiomar<\/a><\/li>\n<li><a id=\"\" title=\"\" href=\"https:\/\/goias.gov.br\/comunicacao\/wp-content\/uploads\/sites\/10\/2023\/02\/Portaria035.2023-a16.pdf\" target=\"\" rel=\"noopener\">Portaria n\u00b0 035\/2023 &#8211; Subs. f\u00e9rias Alessandro\/Eduardo<\/a><\/li>\n<li><a id=\"\" title=\"\" href=\"https:\/\/goias.gov.br\/comunicacao\/wp-content\/uploads\/sites\/10\/2023\/02\/Portaria036.2023-4a5.pdf\" target=\"\" rel=\"noopener\">Portaria n\u00b0 036\/2023 &#8211; Gestor contrato arquiteto<\/a><\/li>\n<li><a id=\"\" title=\"\" href=\"https:\/\/goias.gov.br\/comunicacao\/wp-content\/uploads\/sites\/10\/2023\/02\/Portaria037.2023-a59.pdf\" target=\"\" rel=\"noopener\">Portaria n\u00b0 037\/2023 &#8211; Subs. viagem Bruno Farias\/Pedro Augusto\u00a0<\/a><\/li>\n<li><a id=\"\" title=\"\" href=\"https:\/\/goias.gov.br\/comunicacao\/wp-content\/uploads\/sites\/10\/2023\/02\/Portaria038.2023-549.pdf\" target=\"\" rel=\"noopener\">Portaria n\u00b0 038\/2023 &#8211; Subs. M\u00e1rcia\/Eleuza\u00a0<\/a><\/li>\n<li><a id=\"\" title=\"\" href=\"https:\/\/goias.gov.br\/comunicacao\/wp-content\/uploads\/sites\/10\/2023\/02\/Portaria039.2023-bb5.pdf\" target=\"\" rel=\"noopener\">Portaria n\u00b0 039\/2023 &#8211; CIPA\u00a0<\/a><\/li>\n<li><a id=\"\" title=\"\" href=\"https:\/\/goias.gov.br\/comunicacao\/wp-content\/uploads\/sites\/10\/2023\/02\/Portaria040.2023-6e7.pdf\" target=\"\" rel=\"noopener\">Portaria n\u00b0 040\/2023 &#8211; Dispensa de ponto Guilherme e Ana\u00a0<\/a><\/li>\n<li><a id=\"\" title=\"\" href=\"https:\/\/drive.google.com\/file\/d\/1yhU-VjUZc_O6fQ_HNmkl2WkpiXyOVAhn\/view?usp=sharing\" target=\"\" rel=\"noopener\">Portaria n\u00b0 041\/2023 &#8211; Dispensa de Ponto Camila<\/a><\/li>\n<li><a id=\"\" title=\"\" href=\"https:\/\/drive.google.com\/file\/d\/1Dl3YZVSQ3kkPk1t2h_zjrvBgnGxWwiTF\/view?usp=sharing\" target=\"\" rel=\"noopener\">Portaria n\u00b0 042\/2023 &#8211; Gestor de equipamentos (l\u00e2mpadas)<\/a><\/li>\n<li><a id=\"\" title=\"\" href=\"https:\/\/drive.google.com\/file\/d\/1OHQAqRs-uLTW-j3jFnM6zejG4A0N4XYg\/view?usp=sharing\" target=\"\" rel=\"noopener\">Portaria n\u00b0 043\/2023 &#8211; FCPE<\/a><\/li>\n<li><a id=\"\" title=\"\" href=\"https:\/\/drive.google.com\/file\/d\/1la6cIl8VQX8V5m1VDpQiIPlwosCqm6nX\/view?usp=sharing\" target=\"\" rel=\"noopener\">Portaria n\u00b0 044\/2023 &#8211; Subst. F\u00e9rias Filemon<\/a><\/li>\n<li><a id=\"\" title=\"\" href=\"https:\/\/drive.google.com\/file\/d\/1OHQAqRs-uLTW-j3jFnM6zejG4A0N4XYg\/view?usp=sharing\" target=\"\" rel=\"noopener\">Portaria n\u00b0 045\/2023 &#8211; Subst. F\u00e9rias Gabriel<\/a><\/li>\n<li><a id=\"\" title=\"\" href=\"https:\/\/goias.gov.br\/comunicacao\/wp-content\/uploads\/sites\/10\/2023\/02\/Portaria040.2023-6e7.pdf\" target=\"\" rel=\"noopener\">Portaria n\u00b0 046\/2023 &#8211; Dispensa de Ponto<\/a><\/li>\n<li><a id=\"\" title=\"\" href=\"https:\/\/drive.google.com\/file\/d\/1EtfxPrBM2HZ3rR12yUZB4XZEHbCwFVMR\/view?usp=sharing\" target=\"\" rel=\"noopener\">Portaria n\u00b0 047\/2023 &#8211; Dispensa de Ponto<\/a><\/li>\n<li><a id=\"\" title=\"\" href=\"https:\/\/drive.google.com\/file\/d\/1iu39dqx7XUzLr2FD4vtbpkPzsi1OydF4\/view?usp=sharing\" target=\"\" rel=\"noopener\">Portaria n\u00b0 048\/2023 &#8211; Comiss\u00e3o de Licita\u00e7\u00e3o<\/a><\/li>\n<li><a id=\"\" title=\"\" href=\"https:\/\/drive.google.com\/file\/d\/10Wbo9xXoe2KCBBMmNh7qU5-OuSFdim2n\/view?usp=sharing\" target=\"\" rel=\"noopener\">Portaria n\u00b0 049\/2023 &#8211; Comiss\u00e3o de Licita\u00e7\u00e3o Agenda Digital<\/a><\/li>\n<li><a id=\"\" title=\"\" href=\"https:\/\/drive.google.com\/file\/d\/1VZSlbCcW3i55D9WJ1Z1lrROYmTxUJF8B\/view?usp=sharing\" target=\"\" rel=\"noopener\">Portaria n\u00b0 050\/2023 &#8211; Subst. F\u00e9rias Davi<\/a><\/li>\n<li><a id=\"\" title=\"\" href=\"https:\/\/drive.google.com\/file\/d\/19uQiOkzaxzBQUAExM1TD_C8Mif39rncy\/view?usp=sharing\" target=\"\" rel=\"noopener\">Portaria n\u00b0 051\/2023 &#8211; Dispensa de Ponto<\/a><\/li>\n<li><a id=\"\" title=\"\" href=\"https:\/\/drive.google.com\/file\/d\/15lx9EjLJBgwOjMaJZLCwoKAfqEFAeCW7\/view?usp=sharing\" target=\"\" rel=\"noopener\">Portaria n\u00b0 052\/2023 &#8211; Gestor de Contrato\u00a0<\/a><\/li>\n<li><a id=\"\" title=\"\" href=\"https:\/\/drive.google.com\/file\/d\/1ljJpF8W2LuT1XHOU6lfyf42gc0MUfUyS\/view?usp=sharing\" target=\"\" rel=\"noopener\">Portaria n\u00b0 053\/2023 &#8211; FCPE<\/a><\/li>\n<li><a id=\"\" title=\"\" href=\"https:\/\/drive.google.com\/file\/d\/1t_SQekx01-mj5le445bDxxSO8gk12B6O\/view?usp=sharing\" target=\"\" rel=\"noopener\">Portaria n\u00b0 054\/2023 &#8211; Subst. F\u00e9rias Aline<\/a><\/li>\n<li><a id=\"\" title=\"\" href=\"https:\/\/drive.google.com\/file\/d\/1JOb255GjkHLTlU4uRqYx-MeBxKTVcZSE\/view?usp=sharing\" target=\"\" rel=\"noopener\">Portaria n\u00b0 055\/2023 &#8211; Subst. F\u00e9rias Cibele<\/a><\/li>\n<li><a id=\"\" title=\"\" href=\"https:\/\/drive.google.com\/file\/d\/1VKG1yYVW7AuzG_cNea5WDCVZNWSXq00V\/view?usp=sharing\" target=\"\" rel=\"noopener\">Portaria n\u00b0 056\/2023 &#8211; PAD<\/a><\/li>\n<\/ul>\n\n\n<p><\/p>\n","protected":false},"excerpt":{"rendered":"<p>Portaria n\u00b0 001\/2023 &#8211; Subs. F\u00e9rias M\u00e1rcia\u00a0 Portaria n\u00b0 002\/2023 &#8211; Dispensa do ponto &#8211; Gabriel Oliveira\u00a0 Portaria n\u00b0 003\/2023 &#8211; Gestor dos jornais\u00a0 Portaria n\u00b0 004\/2023 &#8211; Gestor de mobili\u00e1rio\u00a0 Portaria n\u00b0 005\/2023 &#8211; Gestor insulfilme Portaria n\u00b0 006\/2023 &#8211; Subs. Aline\u00a0 Portaria n\u00b0 007\/2023 &#8211; Cadastramento ag\u00eancia Portaria n\u00b0 008\/2023 &#8211; FCPE &#8211; [&hellip;]<\/p>\n","protected":false},"author":66,"featured_media":0,"comment_status":"closed","ping_status":"open","sticky":false,"template":"","format":"standard","meta":{"footnotes":""},"categories":[2],"tags":[],"class_list":["post-574","post","type-post","status-publish","format-standard","hentry","category-institucional"],"rttpg_featured_image_url":null,"rttpg_author":{"display_name":"andrelrv","author_link":"https:\/\/goias.gov.br\/comunicacao\/author\/andrelrv\/"},"rttpg_comment":0,"rttpg_category":"<a href=\"https:\/\/goias.gov.br\/comunicacao\/categoria\/institucional\/\" rel=\"category tag\">Institucional<\/a>","rttpg_excerpt":"Portaria n\u00b0 001\/2023 &#8211; Subs. F\u00e9rias M\u00e1rcia\u00a0 Portaria n\u00b0 002\/2023 &#8211; Dispensa do ponto &#8211; Gabriel Oliveira\u00a0 Portaria n\u00b0 003\/2023 &#8211; Gestor dos jornais\u00a0 Portaria n\u00b0 004\/2023 &#8211; Gestor de mobili\u00e1rio\u00a0 Portaria n\u00b0 005\/2023 &#8211; Gestor insulfilme Portaria n\u00b0 006\/2023 &#8211; Subs. Aline\u00a0 Portaria n\u00b0 007\/2023 &#8211; Cadastramento ag\u00eancia Portaria n\u00b0 008\/2023 &#8211; FCPE &#8211;&hellip;","_links":{"self":[{"href":"https:\/\/goias.gov.br\/comunicacao\/wp-json\/wp\/v2\/posts\/574","targetHints":{"allow":["GET"]}}],"collection":[{"href":"https:\/\/goias.gov.br\/comunicacao\/wp-json\/wp\/v2\/posts"}],"about":[{"href":"https:\/\/goias.gov.br\/comunicacao\/wp-json\/wp\/v2\/types\/post"}],"author":[{"embeddable":true,"href":"https:\/\/goias.gov.br\/comunicacao\/wp-json\/wp\/v2\/users\/66"}],"replies":[{"embeddable":true,"href":"https:\/\/goias.gov.br\/comunicacao\/wp-json\/wp\/v2\/comments?post=574"}],"version-history":[{"count":3,"href":"https:\/\/goias.gov.br\/comunicacao\/wp-json\/wp\/v2\/posts\/574\/revisions"}],"predecessor-version":[{"id":1665,"href":"https:\/\/goias.gov.br\/comunicacao\/wp-json\/wp\/v2\/posts\/574\/revisions\/1665"}],"wp:attachment":[{"href":"https:\/\/goias.gov.br\/comunicacao\/wp-json\/wp\/v2\/media?parent=574"}],"wp:term":[{"taxonomy":"category","embeddable":true,"href":"https:\/\/goias.gov.br\/comunicacao\/wp-json\/wp\/v2\/categories?post=574"},{"taxonomy":"post_tag","embeddable":true,"href":"https:\/\/goias.gov.br\/comunicacao\/wp-json\/wp\/v2\/tags?post=574"}],"curies":[{"name":"wp","href":"https:\/\/api.w.org\/{rel}","templated":true}]}}