

{"id":273,"date":"2020-08-20T12:17:11","date_gmt":"2020-08-20T15:17:11","guid":{"rendered":"https:\/\/siteshom.goias.gov.br\/comunicacao\/contrato-de-locacao-de-imoveis\/"},"modified":"2026-04-13T18:11:08","modified_gmt":"2026-04-13T21:11:08","slug":"contrato-de-locacao-de-imoveis","status":"publish","type":"post","link":"https:\/\/goias.gov.br\/comunicacao\/contrato-de-locacao-de-imoveis\/","title":{"rendered":"Contrato de Loca\u00e7\u00e3o de Im\u00f3veis"},"content":{"rendered":"\n<p>Com base no princ\u00edpio da transpar\u00eancia p\u00fablica e em conformidade com Art. 1\u00ba, \u00a7\u00a7 1\u00ba e 2\u00ba da Lei Estadual n\u00ba 20.741\/2020, a Secretaria de Estado de Comunica\u00e7\u00e3o declara que, nos \u00faltimos (3) tr\u00eas anos, e at\u00e9 a presente data, n\u00e3o possuiu Contratos com Loca\u00e7\u00f5es de Im\u00f3veis&nbsp;com outras entidades em geral.<\/p>\n","protected":false},"excerpt":{"rendered":"<p>Com base no princ\u00edpio da transpar\u00eancia p\u00fablica e em conformidade com Art. 1\u00ba, \u00a7\u00a7 1\u00ba e 2\u00ba da Lei Estadual n\u00ba 20.741\/2020, a Secretaria de Estado de Comunica\u00e7\u00e3o declara que, nos \u00faltimos (3) tr\u00eas anos, e at\u00e9 a presente data, n\u00e3o possuiu Contratos com Loca\u00e7\u00f5es de Im\u00f3veis&nbsp;com outras entidades em geral.<\/p>\n","protected":false},"author":66,"featured_media":0,"comment_status":"closed","ping_status":"open","sticky":false,"template":"","format":"standard","meta":{"footnotes":""},"categories":[2],"tags":[],"class_list":["post-273","post","type-post","status-publish","format-standard","hentry","category-institucional"],"rttpg_featured_image_url":null,"rttpg_author":{"display_name":"andrelrv","author_link":"https:\/\/goias.gov.br\/comunicacao\/author\/andrelrv\/"},"rttpg_comment":0,"rttpg_category":"<a href=\"https:\/\/goias.gov.br\/comunicacao\/categoria\/institucional\/\" rel=\"category tag\">Institucional<\/a>","rttpg_excerpt":"Com base no princ\u00edpio da transpar\u00eancia p\u00fablica e em conformidade com Art. 1\u00ba, \u00a7\u00a7 1\u00ba e 2\u00ba da Lei Estadual n\u00ba 20.741\/2020, a Secretaria de Estado de Comunica\u00e7\u00e3o declara que, nos \u00faltimos (3) tr\u00eas anos, e at\u00e9 a presente data, n\u00e3o possuiu Contratos com Loca\u00e7\u00f5es de Im\u00f3veis&nbsp;com outras entidades em geral.","_links":{"self":[{"href":"https:\/\/goias.gov.br\/comunicacao\/wp-json\/wp\/v2\/posts\/273","targetHints":{"allow":["GET"]}}],"collection":[{"href":"https:\/\/goias.gov.br\/comunicacao\/wp-json\/wp\/v2\/posts"}],"about":[{"href":"https:\/\/goias.gov.br\/comunicacao\/wp-json\/wp\/v2\/types\/post"}],"author":[{"embeddable":true,"href":"https:\/\/goias.gov.br\/comunicacao\/wp-json\/wp\/v2\/users\/66"}],"replies":[{"embeddable":true,"href":"https:\/\/goias.gov.br\/comunicacao\/wp-json\/wp\/v2\/comments?post=273"}],"version-history":[{"count":2,"href":"https:\/\/goias.gov.br\/comunicacao\/wp-json\/wp\/v2\/posts\/273\/revisions"}],"predecessor-version":[{"id":36589,"href":"https:\/\/goias.gov.br\/comunicacao\/wp-json\/wp\/v2\/posts\/273\/revisions\/36589"}],"wp:attachment":[{"href":"https:\/\/goias.gov.br\/comunicacao\/wp-json\/wp\/v2\/media?parent=273"}],"wp:term":[{"taxonomy":"category","embeddable":true,"href":"https:\/\/goias.gov.br\/comunicacao\/wp-json\/wp\/v2\/categories?post=273"},{"taxonomy":"post_tag","embeddable":true,"href":"https:\/\/goias.gov.br\/comunicacao\/wp-json\/wp\/v2\/tags?post=273"}],"curies":[{"name":"wp","href":"https:\/\/api.w.org\/{rel}","templated":true}]}}