

{"id":236,"date":"2020-03-02T14:58:03","date_gmt":"2020-03-02T17:58:03","guid":{"rendered":"https:\/\/siteshom.goias.gov.br\/comunicacao\/campanha-empodera-abc-e-lancada-em-marco\/"},"modified":"2020-03-02T14:58:03","modified_gmt":"2020-03-02T17:58:03","slug":"campanha-empodera-abc-e-lancada-em-marco","status":"publish","type":"post","link":"https:\/\/goias.gov.br\/comunicacao\/campanha-empodera-abc-e-lancada-em-marco\/","title":{"rendered":"Campanha Empodera ABC \u00e9 lan\u00e7ada em mar\u00e7o"},"content":{"rendered":"<p><img fetchpriority=\"high\" decoding=\"async\" class=\" size-full wp-image-235\" src=\"https:\/\/goias.gov.br\/comunicacao\/wp-content\/uploads\/sites\/10\/2020\/03\/ABC_Violncia_Contra_a_Mulher-54f.jpg\" alt=\"\" width=\"1280\" height=\"720\" srcset=\"https:\/\/goias.gov.br\/comunicacao\/wp-content\/uploads\/sites\/10\/2020\/03\/ABC_Violncia_Contra_a_Mulher-54f.jpg 1280w, https:\/\/goias.gov.br\/comunicacao\/wp-content\/uploads\/sites\/10\/2020\/03\/ABC_Violncia_Contra_a_Mulher-54f-300x169.jpg 300w, https:\/\/goias.gov.br\/comunicacao\/wp-content\/uploads\/sites\/10\/2020\/03\/ABC_Violncia_Contra_a_Mulher-54f-1024x576.jpg 1024w, https:\/\/goias.gov.br\/comunicacao\/wp-content\/uploads\/sites\/10\/2020\/03\/ABC_Violncia_Contra_a_Mulher-54f-768x432.jpg 768w\" sizes=\"(max-width: 1280px) 100vw, 1280px\" \/><\/p>\n<p style=\"text-align: justify;\">O Comit&ecirc; Permanente para Quest&otilde;es da Mulher e da Diversidade, da Ag&ecirc;ncia Brasil Central, lan&ccedil;a nesta segunda-feira, 3, a campanha Empodera ABC, que vai envolver cerca de 500 profissionais, entre servidores e terceirizados da Ag&ecirc;ncia. A a&ccedil;&atilde;o, programada para come&ccedil;ar este m&ecirc;s, ser&aacute; estendida durante todo o ano.<\/p>\n<p style=\"text-align: justify;\">Segundo explica a presidente do Comit&ecirc;, Maz&eacute; Alves, foram elencados cinco tipos de viol&ecirc;ncia contra a mulher, para serem debatidos e esclarecidos entre o p&uacute;blico da Ag&ecirc;ncia. S&atilde;o eles: viol&ecirc;ncia sexual, patrimonial, moral, f&iacute;sica e psicol&oacute;gica.&nbsp;<\/p>\n<p style=\"text-align: justify;\">&ldquo;Segundo o &uacute;ltimo Atlas da viol&ecirc;ncia contra a mulher, divulgado em 2018, Goi&aacute;s ocupava a segunda coloca&ccedil;&atilde;o no ranking nacional. Temos que mobilizar a todos sobre esses dados alarmantes e sobre a necessidade de conter esse tipo de abuso&rdquo;, esclareceu Maz&eacute; Alves.<\/p>\n<p style=\"text-align: justify;\">Neste primeiro momento, ser&atilde;o distribu&iacute;dos cartazes pelos murais nos diferentes setores da Ag&ecirc;ncia, que abordam sobre os tipos de viol&ecirc;ncia.&nbsp;<\/p>\n<p style=\"text-align: justify;\"><strong>Engajamento<\/strong><\/p>\n<p style=\"text-align: justify;\">Os telejornais da TV Brasil Central e as equipes de radiojornalismo da R&aacute;dio Brasil Central AM e da RBC FM v&atilde;o se dedicar durante o m&ecirc;s de Mar&ccedil;o a produzirem mat&eacute;rias que reflitam sobre a necessidade de conter os abusos contra as mulheres.&nbsp;<\/p>\n<p style=\"text-align: justify;\">O programa Todas as Coisas desta segunda-feira, 3 de mar&ccedil;o, traz a tem&aacute;tica para o centro da discuss&atilde;o junto aos convidados. Apresentado por Kamylla Rodrigues e Danuza Azevedo, ele vai ao ar a partir das 19h, na TV Brasil Central.<\/p>\n<p style=\"text-align: justify;\"><strong>Regimento participativo<\/strong><\/p>\n<p style=\"text-align: justify;\">Maz&eacute; Alves informa que o Comit&ecirc; se dedica &agrave; elabora&ccedil;&atilde;o do regimento interno e do plano de a&ccedil;&atilde;o para 2020. Para contar com ampla participa&ccedil;&atilde;o dos profissionais da ABC ser&aacute; disponibilizada uma urna no hall da entrada principal para reunir sugest&otilde;es sobre a atua&ccedil;&atilde;o do Comit&ecirc;. Os servidores tamb&eacute;m podem enviar suas sugest&otilde;es atrav&eacute;s do e-mail comitemd.abc@goias.gov.br.<\/p>\n<p style=\"text-align: justify;\"><strong>Reflex&atilde;o em v&iacute;deos<\/strong><\/p>\n<p style=\"text-align: justify;\">Em um segundo momento da Campanha Empodera ABC ser&atilde;o veiculadas dentro da programa&ccedil;&atilde;o da ABC, p&iacute;lulas de &aacute;udio e v&iacute;deos de at&eacute; um minuto, produzidos em parceria com a Superintend&ecirc;ncia da rede de enfrentamento da viol&ecirc;ncia contra a mulher, da Secretaria de Desenvolvimento Social (Seds).<\/p>\n<p style=\"text-align: justify;\">Contribu&iacute;ram para a execu&ccedil;&atilde;o do projeto, as seguintes profissionais engajadas com a causa da mulher: a Coordenadora Nacional das Comunidades Quilombolas de Goi&aacute;s, Domingas Gouveia de Carvalho; a defensora p&uacute;blica, Gabriela Marques Rosa Hamdan; a secret&aacute;ria da Comiss&atilde;o Especial de Valoriza&ccedil;&atilde;o da Mulher OAB GO, Val&eacute;ria Eunice Mori Machado; a delegada de Pol&iacute;cia, Paula Meotti e a presidente do Conselho Estadual da Mulher, Ana Rita de Castro.<\/p>\n<p style=\"text-align: justify;\"><strong>ABC Digital<\/strong><\/p>\n","protected":false},"excerpt":{"rendered":"<p>Diversas a&ccedil;&otilde;es s&atilde;o programadas para alertar servidores sobre a viol&ecirc;ncia contra a mulher<\/p>\n","protected":false},"author":66,"featured_media":235,"comment_status":"closed","ping_status":"open","sticky":false,"template":"","format":"standard","meta":{"footnotes":""},"categories":[3],"tags":[],"class_list":["post-236","post","type-post","status-publish","format-standard","has-post-thumbnail","hentry","category-noticias"],"rttpg_featured_image_url":{"full":["https:\/\/goias.gov.br\/comunicacao\/wp-content\/uploads\/sites\/10\/2020\/03\/ABC_Violncia_Contra_a_Mulher-54f.jpg",1280,720,false],"landscape":["https:\/\/goias.gov.br\/comunicacao\/wp-content\/uploads\/sites\/10\/2020\/03\/ABC_Violncia_Contra_a_Mulher-54f.jpg",1280,720,false],"portraits":["https:\/\/goias.gov.br\/comunicacao\/wp-content\/uploads\/sites\/10\/2020\/03\/ABC_Violncia_Contra_a_Mulher-54f.jpg",1280,720,false],"thumbnail":["https:\/\/goias.gov.br\/comunicacao\/wp-content\/uploads\/sites\/10\/2020\/03\/ABC_Violncia_Contra_a_Mulher-54f-150x150.jpg",150,150,true],"medium":["https:\/\/goias.gov.br\/comunicacao\/wp-content\/uploads\/sites\/10\/2020\/03\/ABC_Violncia_Contra_a_Mulher-54f-300x169.jpg",300,169,true],"large":["https:\/\/goias.gov.br\/comunicacao\/wp-content\/uploads\/sites\/10\/2020\/03\/ABC_Violncia_Contra_a_Mulher-54f-1024x576.jpg",1024,576,true],"1536x1536":["https:\/\/goias.gov.br\/comunicacao\/wp-content\/uploads\/sites\/10\/2020\/03\/ABC_Violncia_Contra_a_Mulher-54f.jpg",1280,720,false],"2048x2048":["https:\/\/goias.gov.br\/comunicacao\/wp-content\/uploads\/sites\/10\/2020\/03\/ABC_Violncia_Contra_a_Mulher-54f.jpg",1280,720,false]},"rttpg_author":{"display_name":"andrelrv","author_link":"https:\/\/goias.gov.br\/comunicacao\/author\/andrelrv\/"},"rttpg_comment":0,"rttpg_category":"<a href=\"https:\/\/goias.gov.br\/comunicacao\/categoria\/noticias\/\" rel=\"category tag\">Not\u00edcias<\/a>","rttpg_excerpt":"Diversas a&ccedil;&otilde;es s&atilde;o programadas para alertar servidores sobre a viol&ecirc;ncia contra a mulher","_links":{"self":[{"href":"https:\/\/goias.gov.br\/comunicacao\/wp-json\/wp\/v2\/posts\/236","targetHints":{"allow":["GET"]}}],"collection":[{"href":"https:\/\/goias.gov.br\/comunicacao\/wp-json\/wp\/v2\/posts"}],"about":[{"href":"https:\/\/goias.gov.br\/comunicacao\/wp-json\/wp\/v2\/types\/post"}],"author":[{"embeddable":true,"href":"https:\/\/goias.gov.br\/comunicacao\/wp-json\/wp\/v2\/users\/66"}],"replies":[{"embeddable":true,"href":"https:\/\/goias.gov.br\/comunicacao\/wp-json\/wp\/v2\/comments?post=236"}],"version-history":[{"count":0,"href":"https:\/\/goias.gov.br\/comunicacao\/wp-json\/wp\/v2\/posts\/236\/revisions"}],"wp:featuredmedia":[{"embeddable":true,"href":"https:\/\/goias.gov.br\/comunicacao\/wp-json\/wp\/v2\/media\/235"}],"wp:attachment":[{"href":"https:\/\/goias.gov.br\/comunicacao\/wp-json\/wp\/v2\/media?parent=236"}],"wp:term":[{"taxonomy":"category","embeddable":true,"href":"https:\/\/goias.gov.br\/comunicacao\/wp-json\/wp\/v2\/categories?post=236"},{"taxonomy":"post_tag","embeddable":true,"href":"https:\/\/goias.gov.br\/comunicacao\/wp-json\/wp\/v2\/tags?post=236"}],"curies":[{"name":"wp","href":"https:\/\/api.w.org\/{rel}","templated":true}]}}