

{"id":21314,"date":"2025-07-14T15:52:40","date_gmt":"2025-07-14T18:52:40","guid":{"rendered":"https:\/\/goias.gov.br\/comunicacao\/?p=21314"},"modified":"2026-03-19T11:16:01","modified_gmt":"2026-03-19T14:16:01","slug":"concorrencia-publicidade","status":"publish","type":"post","link":"https:\/\/goias.gov.br\/comunicacao\/concorrencia-publicidade\/","title":{"rendered":"Comunica\u00e7\u00e3o Publicidade \u2013 Concorr\u00eancia n\u00ba 001\/2025 \u2013 SECOM"},"content":{"rendered":"\n<p>Concorr\u00eancia Publicidade n\u00ba 001\/2025 \u2013 SECOM, destinada a contrata\u00e7\u00e3o de servi\u00e7os de publicidade prestados por interm\u00e9dio de ag\u00eancias de propaganda, compreendendo o conjunto de atividades realizadas integradamente que tenham por objetivo o estudo, o planejamento, a conceitua\u00e7\u00e3o, a concep\u00e7\u00e3o, a cria\u00e7\u00e3o, a execu\u00e7\u00e3o interna, a intermedia\u00e7\u00e3o e supervis\u00e3o da execu\u00e7\u00e3o externa e a distribui\u00e7\u00e3o de a\u00e7\u00f5es publicit\u00e1rias junto a p\u00fablicos de interesse.<\/p>\n\n\n<ul>\n<li style=\"list-style-type: none;\">\n<ul>\n<li style=\"list-style-type: none;\">\n<ul>\n<li><a href=\"https:\/\/goias.gov.br\/comunicacao\/wp-content\/uploads\/sites\/10\/2026\/02\/Edital-CC-001-2025-SECOM-GOIAS-1.pdf\" target=\"_blank\" rel=\"noopener\">Edital<\/a><\/li>\n<li><a href=\"https:\/\/goias.gov.br\/comunicacao\/wp-content\/uploads\/sites\/10\/2026\/02\/Edital-de-Chamamento-Publico-no-001_2025-SECOM-1.pdf\" target=\"_blank\" rel=\"noopener\">Chamamento<\/a><\/li>\n<li><a href=\"https:\/\/goias.gov.br\/comunicacao\/wp-content\/uploads\/sites\/10\/2026\/02\/Resposta-a-Pedido-de-Esclarecimento-I-1.pdf\" target=\"_blank\" rel=\"noopener\">Resposta a Pedido de Esclarecimento<\/a><\/li>\n<li><a href=\"https:\/\/goias.gov.br\/comunicacao\/wp-content\/uploads\/sites\/10\/2026\/02\/Primeiro-Termo-de-Retificacao-ao-Edital-da-Concorrencia-no-001_2025-SECOM-1.pdf\" target=\"_blank\" rel=\"noopener\">Primeiro Termo de Retifica\u00e7\u00e3o do Edital<\/a><\/li>\n<li><a href=\"https:\/\/goias.gov.br\/comunicacao\/wp-content\/uploads\/sites\/10\/2026\/02\/Edital-Retificado-da-Concorrencia-no-001_2025-SECOM-1.pdf\" target=\"_blank\" rel=\"noopener\">Edital Retificado<\/a><\/li>\n<li><a href=\"https:\/\/goias.gov.br\/comunicacao\/wp-content\/uploads\/sites\/10\/2026\/02\/Manual_Goias_Social_ABR2021-01A.pdf\" target=\"_blank\" rel=\"noopener\">Manual Goi\u00e1s Social<\/a><\/li>\n<li><a href=\"https:\/\/goias.gov.br\/comunicacao\/wp-content\/uploads\/sites\/10\/2026\/02\/MANUAL_LOGO_GOV_2024_v3.pdf\" target=\"_blank\" rel=\"noopener\">Manual Logo Governo<\/a><\/li>\n<li><a href=\"https:\/\/goias.gov.br\/comunicacao\/wp-content\/uploads\/sites\/10\/2026\/02\/Resposta-a-Pedido-de-Esclarecimento-II-1.pdf\" target=\"_blank\" rel=\"noopener\">Resposta a Pedido de Esclarecimento II<\/a><\/li>\n<li><a href=\"https:\/\/goias.gov.br\/comunicacao\/wp-content\/uploads\/sites\/10\/2026\/02\/Resposta-a-Pedido-de-Esclarecimento-III-1.pdf\" target=\"_blank\" rel=\"noopener\">Resposta a Pedido de Esclarecimento III<\/a><\/li>\n<li><a href=\"https:\/\/goias.gov.br\/comunicacao\/wp-content\/uploads\/sites\/10\/2026\/02\/Resposta-a-Pedido-de-Esclarecimento-IV-1.pdf\" target=\"_blank\" rel=\"noopener\">Resposta a Pedido de Esclarecimento IV<\/a><\/li>\n<li><a href=\"https:\/\/goias.gov.br\/comunicacao\/wp-content\/uploads\/sites\/10\/2026\/02\/Resposta-a-Pedido-de-Esclarecimento-V-1.pdf\" target=\"_blank\" rel=\"noopener\">Resposta a Pedido de Esclarecimento V<\/a>\u00a0<\/li>\n<li><a href=\"https:\/\/goias.gov.br\/comunicacao\/wp-content\/uploads\/sites\/10\/2026\/02\/Resposta-a-Pedido-de-Esclarecimento-VI-1.pdf\" target=\"_blank\" rel=\"noopener\">Resposta a Pedido de Esclarecimento VI<\/a><\/li>\n<li><a href=\"https:\/\/goias.gov.br\/comunicacao\/wp-content\/uploads\/sites\/10\/2026\/02\/Resposta-a-Pedido-de-Esclarecimento-VII-1.pdf\" target=\"_blank\" rel=\"noopener\">Resposta a Pedido de Esclarecimento VII<\/a><\/li>\n<li><a href=\"https:\/\/goias.gov.br\/comunicacao\/wp-content\/uploads\/sites\/10\/2026\/02\/Segundo-Termo-de-Retificacao-ao-Edital-1.pdf\" target=\"_blank\" rel=\"noopener\">Segundo Termo de Retifica\u00e7\u00e3o ao Edital<\/a><\/li>\n<li><a href=\"https:\/\/goias.gov.br\/comunicacao\/wp-content\/uploads\/sites\/10\/2026\/02\/Edital-2a-RETIFICACAO-1.pdf\" target=\"_blank\" rel=\"noopener\">Edital 2\u00aa Retifica\u00e7\u00e3o<\/a><\/li>\n<li><a href=\"https:\/\/goias.gov.br\/comunicacao\/wp-content\/uploads\/sites\/10\/2026\/02\/Resposta-a-Pedido-de-Esclarecimento-VIII-1.pdf\" target=\"_blank\" rel=\"noopener\">Resposta a Pedido de Esclarecimento VIII<\/a><\/li>\n<li><a href=\"https:\/\/goias.gov.br\/comunicacao\/wp-content\/uploads\/sites\/10\/2026\/02\/Resposta-a-Pedido-de-Esclarecimento-IX-1.pdf\" target=\"_blank\" rel=\"noopener\">Resposta a Pedido de Esclarecimento IX<\/a><\/li>\n<li><a href=\"https:\/\/goias.gov.br\/comunicacao\/wp-content\/uploads\/sites\/10\/2026\/02\/Resposta-a-Pedido-de-Esclarecimento-X-1.pdf\" target=\"_blank\" rel=\"noopener\">Resposta a Pedido de Esclarecimento X<\/a><\/li>\n<li><a href=\"https:\/\/goias.gov.br\/comunicacao\/wp-content\/uploads\/sites\/10\/2026\/02\/AVISO-DE-SORTEIO-PARA-COMPOSICAO-DA-SUBCOMISSAO-TECNICA.pdf\" target=\"_blank\" rel=\"noopener\">Aviso de Sorteio para Composi\u00e7\u00e3o da Subcomiss\u00e3o T\u00e9cnica<\/a><\/li>\n<li><a href=\"https:\/\/goias.gov.br\/comunicacao\/wp-content\/uploads\/sites\/10\/2026\/02\/AVISO-DE-SORTEIO-PARA-COMPOSICAO-DA-SUBCOMISSAO-TECNICA_publicacao-DOE.pdf\" target=\"_blank\" rel=\"noopener\">Aviso de Sorteio para Composi\u00e7\u00e3o da Subcomiss\u00e3o T\u00e9cnica publicada no Di\u00e1rio Oficial<\/a><\/li>\n<li><a href=\"https:\/\/goias.gov.br\/comunicacao\/wp-content\/uploads\/sites\/10\/2026\/02\/Resposta-a-Pedido-de-Esclarecimento-XI-1.pdf\" target=\"_blank\" rel=\"noopener\">Resposta a Pedido de Esclarecimento XI<\/a><\/li>\n<li><a href=\"https:\/\/goias.gov.br\/comunicacao\/wp-content\/uploads\/sites\/10\/2026\/02\/Resposta-a-Pedido-de-Esclarecimento-XII-1.pdf\" target=\"_blank\" rel=\"noopener\">Resposta a Pedido de Esclarecimento XII<\/a><\/li>\n<li><a href=\"https:\/\/goias.gov.br\/comunicacao\/wp-content\/uploads\/sites\/10\/2026\/02\/Terceiro-Termo-de-Retificacao-ao-Edital-da-Concorrencia-no-001_2025-1.pdf\" target=\"_blank\" rel=\"noopener\">Terceiro Termo de Ratifica\u00e7\u00e3o<\/a><\/li>\n<li><a href=\"https:\/\/goias.gov.br\/comunicacao\/wp-content\/uploads\/sites\/10\/2026\/02\/Edital-da-Concorrencia-no-001_2025-3a-Retificacao-1.pdf\" target=\"_blank\" rel=\"noopener\">Edital de Concorr\u00eancia 3\u00aa Retifica\u00e7\u00e3o<\/a><\/li>\n<li><a href=\"https:\/\/goias.gov.br\/comunicacao\/wp-content\/uploads\/sites\/10\/2026\/02\/Resposta-a-Pedido-de-Esclarecimento-XIII-1.pdf\" target=\"_blank\" rel=\"noopener\">Resposta a Pedido de Esclarecimento XIII<\/a><\/li>\n<li><a href=\"https:\/\/goias.gov.br\/comunicacao\/wp-content\/uploads\/sites\/10\/2026\/02\/Resposta-a-Pedido-de-Esclarecimento-XIV-1.pdf\" target=\"_blank\" rel=\"noopener\">Resposta a Pedido de Esclarecimento XIV<\/a><\/li>\n<li><a href=\"https:\/\/drive.google.com\/file\/d\/1BnbvmDw9TwXyfPbOeTNZgiFQMrecxruz\/view?usp=sharing\" target=\"_blank\" rel=\"noopener\">Resposta a Pedido de Esclarecimento XV<\/a><\/li>\n<li><a href=\"https:\/\/goias.gov.br\/comunicacao\/wp-content\/uploads\/sites\/10\/2026\/02\/Resposta-a-Pedido-de-Esclarecimento-XVI-1.pdf\" target=\"_blank\" rel=\"noopener\">Resposta a Pedido de Esclarecimento XVI<\/a><\/li>\n<li><a href=\"https:\/\/goias.gov.br\/comunicacao\/wp-content\/uploads\/sites\/10\/2026\/02\/Resposta-a-Pedido-de-Esclarecimento-XVII-1.pdf\" target=\"_blank\" rel=\"noopener\">Resposta a Pedido de Esclarecimento XVII<\/a><\/li>\n<li><a href=\"https:\/\/goias.gov.br\/comunicacao\/wp-content\/uploads\/sites\/10\/2026\/02\/Resposta-a-Pedido-de-Esclarecimento-XVIII-1.pdf\" target=\"_blank\" rel=\"noopener\">Resposta a Pedido de Esclarecimento XVIII<\/a><\/li>\n<li><a href=\"https:\/\/goias.gov.br\/comunicacao\/wp-content\/uploads\/sites\/10\/2026\/02\/Resposta-a-Pedido-de-Esclarecimento-XIX-1.pdf\" target=\"_blank\" rel=\"noopener\">Resposta a Pedido de Esclarecimento XIX<\/a><\/li>\n<li><a href=\"https:\/\/goias.gov.br\/comunicacao\/wp-content\/uploads\/sites\/10\/2026\/02\/Resposta-a-Pedido-de-Esclarecimento-XX-1.pdf\" target=\"_blank\" rel=\"noopener\">Resposta a Pedido de Esclarecimento XX<\/a><\/li>\n<li><a href=\"https:\/\/goias.gov.br\/comunicacao\/wp-content\/uploads\/sites\/10\/2026\/02\/Resposta-a-Pedido-de-Esclarecimento-XXI-1.pdf\" target=\"_blank\" rel=\"noopener\">Resposta a Pedido de Esclarecimento XXI<\/a><\/li>\n<li><a href=\"https:\/\/goias.gov.br\/comunicacao\/wp-content\/uploads\/sites\/10\/2026\/02\/Ata-de-Sorteio-da-Subcomissao-Tecnica-1.pdf\" target=\"_blank\" rel=\"noopener\">Ata de sorteio da Subcomiss\u00e3o T\u00e9cnica<\/a><\/li>\n<li><a href=\"https:\/\/goias.gov.br\/comunicacao\/wp-content\/uploads\/sites\/10\/2026\/02\/Aviso-do-Local-da-1a-Sessao-1.pdf\" target=\"_blank\" rel=\"noopener\">Aviso do local da 1\u00aa Sess\u00e3o<\/a><\/li>\n<li><a href=\"https:\/\/goias.gov.br\/comunicacao\/wp-content\/uploads\/sites\/10\/2026\/02\/Resposta-a-Pedido-de-Esclarecimento-XXII-1.pdf\" target=\"_blank\" rel=\"noopener\">Resposta a Pedido de Esclarecimento XXII<\/a><\/li>\n<li><a href=\"https:\/\/goias.gov.br\/comunicacao\/wp-content\/uploads\/sites\/10\/2026\/02\/Resposta-a-Pedido-de-Esclarecimento-XXIII-1.pdf\" target=\"_blank\" rel=\"noopener\">Resposta a Pedido de Esclarecimento XXIII<\/a><\/li>\n<li><a href=\"https:\/\/goias.gov.br\/comunicacao\/wp-content\/uploads\/sites\/10\/2026\/02\/Resposta-a-Pedido-de-Esclarecimento-XXIV-1.pdf\" target=\"_blank\" rel=\"noopener\">Resposta a Pedido de Esclarecimento XXIV<\/a><\/li>\n<li><a href=\"https:\/\/goias.gov.br\/comunicacao\/wp-content\/uploads\/sites\/10\/2026\/02\/Resposta-a-Pedido-de-Esclarecimento-XXV-1.pdf\">Resposta a Pedido de Esclarecimento XXV<\/a><\/li>\n<li><a href=\"https:\/\/goias.gov.br\/comunicacao\/wp-content\/uploads\/sites\/10\/2026\/02\/Ata-da-Primeira-Sessao-e-Lista-de-Credenciamento-1-1.pdf\" target=\"_blank\" rel=\"noopener\">Ata da Primeira Sess\u00e3o e Lista de Credenciamento<\/a><\/li>\n<li><a href=\"https:\/\/goias.gov.br\/comunicacao\/wp-content\/uploads\/sites\/10\/2026\/02\/Certidao-de-Transcurso-de-Prazo-1a-Sessao-1.pdf\" target=\"_blank\" rel=\"noopener\">Certid\u00e3o de Transcurso de Prazo 1\u00ba Sess\u00e3o<\/a><\/li>\n<li><a href=\"https:\/\/goias.gov.br\/comunicacao\/wp-content\/uploads\/sites\/10\/2026\/02\/Aviso-de-Convocacao-da-Subcomissao-Tecnica_CC001_2025-1.pdf\" target=\"_blank\" rel=\"noopener\">Aviso de Convoca\u00e7\u00e3o de Subcomiss\u00e3o T\u00e9cnica<\/a><\/li>\n<li><a href=\"https:\/\/goias.gov.br\/comunicacao\/wp-content\/uploads\/sites\/10\/2026\/02\/Aviso-Convocacao-Suplente-1.pdf\" target=\"_blank\" rel=\"noopener\">Aviso de Convoca\u00e7\u00e3o Suplente<\/a><\/li>\n<li><a href=\"https:\/\/goias.gov.br\/comunicacao\/wp-content\/uploads\/sites\/10\/2026\/02\/Termo-de-Entrega-dos-Involucros-1-2.pdf\" target=\"_blank\" rel=\"noopener\">Termo de Entrega dos Inv\u00f3lucros para Comiss\u00e3o T\u00e9cnica<\/a><\/li>\n<li><a href=\"https:\/\/goias.gov.br\/comunicacao\/wp-content\/uploads\/sites\/10\/2026\/02\/TERMO-DE-ENTREGA-DOS-INVOLUCROS-No-3_cc2025-1.pdf\" target=\"_blank\" rel=\"noopener\">Termo de Entrega dos Inv\u00f3lucros n\u00ba 3<\/a><\/li>\n<li><a href=\"https:\/\/goias.gov.br\/comunicacao\/wp-content\/uploads\/sites\/10\/2026\/02\/Aviso-da-2a-Sessao-Publica-1.pdf\" target=\"_blank\" rel=\"noopener\">Aviso da 2\u00aa Sess\u00e3o P\u00fablica<\/a><\/li>\n<li><a href=\"https:\/\/goias.gov.br\/comunicacao\/wp-content\/uploads\/sites\/10\/2026\/02\/Ata-de-Julgamento-e-Planilhas-Involucros-1-1.pdf\" target=\"_blank\" rel=\"noopener\">Ata de Julgamentos e Planilhas &#8211; Inv\u00f3lucros 1<\/a><\/li>\n<li><a href=\"https:\/\/goias.gov.br\/comunicacao\/wp-content\/uploads\/sites\/10\/2026\/02\/Ata-de-Jugamento-e-Planilhas-Involucros-3-1.pdf\" target=\"_blank\" rel=\"noopener\">Ata de Julgamentos e Planilhas &#8211; Inv\u00f3lucros 3<\/a><\/li>\n<li><a href=\"https:\/\/goias.gov.br\/comunicacao\/wp-content\/uploads\/sites\/10\/2026\/02\/Ata-da-Segunda-Sessao-da-Concorrencia-001-2025-1.pdf\" target=\"_blank\" rel=\"noopener\">Ata da Segunda Sess\u00e3o de Concorr\u00eancia 001\/2025<\/a><\/li>\n<li><a href=\"https:\/\/goias.gov.br\/comunicacao\/wp-content\/uploads\/sites\/10\/2026\/02\/Resultado-Preliminar-do-Julgamento-das-Propostas-Tecnicas-1-1.pdf\" target=\"_blank\" rel=\"noopener\">Resultado Preliminar do Julgamento da Propostas T\u00e9cnicas<\/a><\/li>\n<li><a href=\"https:\/\/goias.gov.br\/comunicacao\/wp-content\/uploads\/sites\/10\/2026\/02\/Decreto-10.821_2025-Pontos-Facultativos.pdf\" target=\"_blank\" rel=\"noopener\">Decreto 10.821\/2025 Ponto Facultativo<\/a><\/li>\n<li><a href=\"https:\/\/goias.gov.br\/comunicacao\/wp-content\/uploads\/sites\/10\/2026\/02\/Aviso-de-Abertura-de-Prazo-Recursal.pdf\" target=\"_blank\" rel=\"noopener\">Aviso de Abertura de Prazo Recursal<\/a>\u00a0<\/li>\n<li><a href=\"https:\/\/goias.gov.br\/comunicacao\/wp-content\/uploads\/sites\/10\/2026\/01\/Aviso-de-Suspensao-de-Prazo-Recursal.pdf\" target=\"_blank\" rel=\"noopener\">Aviso de Suspens\u00e3o de Prazo Recursal<\/a><\/li>\n<li><a href=\"https:\/\/goias.gov.br\/wp-content\/uploads\/2026\/01\/Aviso-de-Reabertura-de-Prazo-Recursal.pdf\" target=\"_blank\" rel=\"noopener\">Aviso de Reabertura de Prazo Recursal<\/a><\/li>\n<li><a href=\"https:\/\/goias.gov.br\/comunicacao\/wp-content\/uploads\/sites\/10\/2026\/02\/Recurso-Administrativo-AMP-1.pdf\" target=\"_blank\" rel=\"noopener\">Recurso Administrativo AMP<\/a><\/li>\n<li><a href=\"https:\/\/goias.gov.br\/comunicacao\/wp-content\/uploads\/sites\/10\/2026\/02\/Recurso-Administrativo-CALIA-1.pdf\" target=\"_blank\" rel=\"noopener\">Recurso Administrativo CALIA<\/a><\/li>\n<li><a href=\"https:\/\/goias.gov.br\/comunicacao\/wp-content\/uploads\/sites\/10\/2026\/02\/Recurso-Administrativo-DIGITAL-1.pdf\" target=\"_blank\" rel=\"noopener\">Recurso Administrativo DIGITAL<\/a><\/li>\n<li><a href=\"https:\/\/goias.gov.br\/comunicacao\/wp-content\/uploads\/sites\/10\/2026\/02\/Recurso-Administrativo-ZF_1-1.pdf\" target=\"_blank\" rel=\"noopener\">Recurso Administrativo ZF_1<\/a><\/li>\n<li><a href=\"https:\/\/goias.gov.br\/comunicacao\/wp-content\/uploads\/sites\/10\/2026\/02\/Recurso-Administrativo-ZF_2-1.pdf\" target=\"_blank\" rel=\"noopener\">Recurso Administrativo ZF_2<\/a><\/li>\n<li><a href=\"https:\/\/goias.gov.br\/comunicacao\/wp-content\/uploads\/sites\/10\/2026\/02\/Aviso-de-Interposicao-de-Recursos-Administrativos-1.pdf\" target=\"_blank\" rel=\"noopener\">Aviso de Interposi\u00e7\u00e3o de Recursos Administrativos<\/a><\/li>\n<li><a href=\"https:\/\/goias.gov.br\/wp-content\/uploads\/2026\/01\/CONTRARRAZOES-AMP-PROPAGANDA-Concorrencia_01_2025_SECOM_GO.pdf\" target=\"_blank\" rel=\"noopener\">Contrarraz\u00f5es AMP Propaganda<\/a><\/li>\n<li><a href=\"https:\/\/goias.gov.br\/wp-content\/uploads\/2026\/01\/Contrarrazoes_Full_Propaganda_Assinado.pdf\" target=\"_blank\" rel=\"noopener\">Contrarraz\u00f5es Full Propaganda<\/a><\/li>\n<li><a href=\"https:\/\/goias.gov.br\/wp-content\/uploads\/2026\/01\/CONTRARRAZOES_SECOM_GOIAS_2026_assinado.pdf\" target=\"_blank\" rel=\"noopener\">Contrarraz\u00f5es SECOM Goi\u00e1s<\/a><\/li>\n<li><a href=\"https:\/\/goias.gov.br\/wp-content\/uploads\/2026\/01\/CONTRARRAZOES-RECURSO-DIGITAL-PROPAGANDA-LOGOS.pdf\" target=\"_blank\" rel=\"noopener\">Contrarraz\u00f5es Recurso Digital Propaganda &#8211; Logos<\/a><\/li>\n<li><a href=\"https:\/\/goias.gov.br\/wp-content\/uploads\/2026\/01\/CONTRARRAZOES-RECURSO-ZF-AVALIACOES-LOGOS.pdf\" target=\"_blank\" rel=\"noopener\">Contrarraz\u00f5es Recurso ZF Avalia\u00e7\u00f5es &#8211; Logos<\/a><\/li>\n<li><a href=\"https:\/\/goias.gov.br\/wp-content\/uploads\/2026\/01\/CONTRARRAZOES-RECURSO-NULIDADE-ZF-LOGOS.pdf\" target=\"_blank\" rel=\"noopener\">Contrarraz\u00f5es Recurso Nulidade ZF &#8211; Logos<\/a><\/li>\n<li><a href=\"https:\/\/goias.gov.br\/wp-content\/uploads\/2026\/01\/Contrarrazoes-BTS-Secom-GO.pdf\" target=\"_blank\" rel=\"noopener\">Contrarraz\u00f5es &#8211; BTS &#8211; Secom GO<\/a><\/li>\n<li><a href=\"https:\/\/goias.gov.br\/wp-content\/uploads\/2026\/01\/Aviso-de-Apresentacao-de-Contrarrazoes.pdf\" target=\"_blank\" rel=\"noopener\">Aviso de Apresenta\u00e7\u00e3o de Contrarraz\u00f5es<\/a><\/li>\n<li><a href=\"https:\/\/goias.gov.br\/comunicacao\/wp-content\/uploads\/sites\/10\/2026\/02\/Manifestacao-Subcomissao-Tecnica.pdf\" target=\"_blank\" rel=\"noopener\">Manifesta\u00e7\u00e3o Subcomiss\u00e3o T\u00e9cnica<\/a><\/li>\n<li><a href=\"https:\/\/goias.gov.br\/comunicacao\/wp-content\/uploads\/sites\/10\/2026\/02\/Manifestacao-Comissao-de-Contratacao.pdf\" target=\"_blank\" rel=\"noopener\">Manifesta\u00e7\u00e3o Comiss\u00e3o de Contrata\u00e7\u00e3o<\/a><\/li>\n<li><a href=\"https:\/\/goias.gov.br\/comunicacao\/wp-content\/uploads\/sites\/10\/2026\/02\/Decisao-da-Autoridade-Superior-Recursos-e-Contrarrazoes.pdf\" target=\"_blank\" rel=\"noopener\">Decis\u00e3o de Autoridade Superior Recursos e Contrarraz\u00f5es<\/a><\/li>\n<li><a href=\"https:\/\/goias.gov.br\/comunicacao\/wp-content\/uploads\/sites\/10\/2026\/02\/Aviso-da-3a-Sessao-Publica.pdf\" target=\"_blank\" rel=\"noopener\">Aviso da 3\u00aa Sess\u00e3o P\u00fablica<\/a><\/li>\n<li><a href=\"https:\/\/goias.gov.br\/comunicacao\/wp-content\/uploads\/sites\/10\/2026\/02\/Ata-da-3a-Sessao-Publica-e-Anexos.pdf\" target=\"_blank\" rel=\"noopener\">Ata da 3\u00aa Sess\u00e3o P\u00fablica e Anexos<\/a><\/li>\n<li><a href=\"https:\/\/goias.gov.br\/comunicacao\/wp-content\/uploads\/sites\/10\/2026\/02\/Aviso-de-Abertura-de-Prazo-para-Recursos_Propostas-de-Precos.pdf\" target=\"_blank\" rel=\"noopener\">Aviso de Abertura de Prazo para Recursos Propostas<\/a><\/li>\n<li><a href=\"https:\/\/goias.gov.br\/comunicacao\/wp-content\/uploads\/sites\/10\/2026\/02\/Encerramento-do-prazo.pdf\" target=\"_blank\" rel=\"noopener\">Aviso de Encerramento do Prazo Recursal<\/a><\/li>\n<li><a href=\"https:\/\/goias.gov.br\/comunicacao\/wp-content\/uploads\/sites\/10\/2026\/03\/SEI_86999810_Aviso-_-sessao-publica.pdf\" target=\"_blank\" rel=\"noopener\">Sess\u00e3o P\u00fablica<\/a><\/li>\n<li><a href=\"https:\/\/goias.gov.br\/comunicacao\/wp-content\/uploads\/sites\/10\/2026\/03\/Ata-da-Quarta-Sessao_CC001_2025.pdf\" target=\"_blank\" rel=\"noopener\">Ata da Quarta Sess\u00e3o<\/a><\/li>\n<li><a href=\"https:\/\/goias.gov.br\/comunicacao\/wp-content\/uploads\/sites\/10\/2026\/03\/Aviso-de-Abertura-de-Prazo-para-Recursos_Habilitacao.pdf\" target=\"_blank\" rel=\"noopener\">Aviso de Abertura de Prazo para Recurso Habilita\u00e7\u00e3o<\/a><\/li>\n<li><a href=\"https:\/\/goias.gov.br\/comunicacao\/wp-content\/uploads\/sites\/10\/2026\/03\/Aviso-de-Encerramento-de-Prazo-Recursal.pdf\" target=\"_blank\" rel=\"noopener\">Aviso de Encerramento de Prazo Recursal<\/a><\/li>\n<\/ul>\n<\/li>\n<\/ul>\n<\/li>\n<\/ul>\n\n\n<p><\/p>\n","protected":false},"excerpt":{"rendered":"<p>Concorr\u00eancia Publicidade n\u00ba 001\/2025 \u2013 SECOM, destinada a contrata\u00e7\u00e3o de servi\u00e7os de publicidade prestados por interm\u00e9dio de ag\u00eancias de propaganda, compreendendo o conjunto de atividades realizadas integradamente que tenham por objetivo o estudo, o planejamento, a conceitua\u00e7\u00e3o, a concep\u00e7\u00e3o, a cria\u00e7\u00e3o, a execu\u00e7\u00e3o interna, a intermedia\u00e7\u00e3o e supervis\u00e3o da execu\u00e7\u00e3o externa e a distribui\u00e7\u00e3o de [&hellip;]<\/p>\n","protected":false},"author":80,"featured_media":21336,"comment_status":"closed","ping_status":"open","sticky":false,"template":"","format":"standard","meta":{"footnotes":""},"categories":[3],"tags":[48,32],"class_list":["post-21314","post","type-post","status-publish","format-standard","has-post-thumbnail","hentry","category-noticias","tag-concorrencia","tag-edital"],"rttpg_featured_image_url":{"full":["https:\/\/goias.gov.br\/comunicacao\/wp-content\/uploads\/sites\/10\/2025\/07\/Concorrencia-Publicidade.jpg",1259,792,false],"landscape":["https:\/\/goias.gov.br\/comunicacao\/wp-content\/uploads\/sites\/10\/2025\/07\/Concorrencia-Publicidade.jpg",1259,792,false],"portraits":["https:\/\/goias.gov.br\/comunicacao\/wp-content\/uploads\/sites\/10\/2025\/07\/Concorrencia-Publicidade.jpg",1259,792,false],"thumbnail":["https:\/\/goias.gov.br\/comunicacao\/wp-content\/uploads\/sites\/10\/2025\/07\/Concorrencia-Publicidade-150x150.jpg",150,150,true],"medium":["https:\/\/goias.gov.br\/comunicacao\/wp-content\/uploads\/sites\/10\/2025\/07\/Concorrencia-Publicidade-300x189.jpg",300,189,true],"large":["https:\/\/goias.gov.br\/comunicacao\/wp-content\/uploads\/sites\/10\/2025\/07\/Concorrencia-Publicidade-1024x644.jpg",1024,644,true],"1536x1536":["https:\/\/goias.gov.br\/comunicacao\/wp-content\/uploads\/sites\/10\/2025\/07\/Concorrencia-Publicidade.jpg",1259,792,false],"2048x2048":["https:\/\/goias.gov.br\/comunicacao\/wp-content\/uploads\/sites\/10\/2025\/07\/Concorrencia-Publicidade.jpg",1259,792,false]},"rttpg_author":{"display_name":"leidinasantos","author_link":"https:\/\/goias.gov.br\/comunicacao\/author\/leidinasantos\/"},"rttpg_comment":0,"rttpg_category":"<a href=\"https:\/\/goias.gov.br\/comunicacao\/categoria\/noticias\/\" rel=\"category tag\">Not\u00edcias<\/a>","rttpg_excerpt":"Concorr\u00eancia Publicidade n\u00ba 001\/2025 \u2013 SECOM, destinada a contrata\u00e7\u00e3o de servi\u00e7os de publicidade prestados por interm\u00e9dio de ag\u00eancias de propaganda, compreendendo o conjunto de atividades realizadas integradamente que tenham por objetivo o estudo, o planejamento, a conceitua\u00e7\u00e3o, a concep\u00e7\u00e3o, a cria\u00e7\u00e3o, a execu\u00e7\u00e3o interna, a intermedia\u00e7\u00e3o e supervis\u00e3o da execu\u00e7\u00e3o externa e a distribui\u00e7\u00e3o de&hellip;","_links":{"self":[{"href":"https:\/\/goias.gov.br\/comunicacao\/wp-json\/wp\/v2\/posts\/21314","targetHints":{"allow":["GET"]}}],"collection":[{"href":"https:\/\/goias.gov.br\/comunicacao\/wp-json\/wp\/v2\/posts"}],"about":[{"href":"https:\/\/goias.gov.br\/comunicacao\/wp-json\/wp\/v2\/types\/post"}],"author":[{"embeddable":true,"href":"https:\/\/goias.gov.br\/comunicacao\/wp-json\/wp\/v2\/users\/80"}],"replies":[{"embeddable":true,"href":"https:\/\/goias.gov.br\/comunicacao\/wp-json\/wp\/v2\/comments?post=21314"}],"version-history":[{"count":2,"href":"https:\/\/goias.gov.br\/comunicacao\/wp-json\/wp\/v2\/posts\/21314\/revisions"}],"predecessor-version":[{"id":35332,"href":"https:\/\/goias.gov.br\/comunicacao\/wp-json\/wp\/v2\/posts\/21314\/revisions\/35332"}],"wp:featuredmedia":[{"embeddable":true,"href":"https:\/\/goias.gov.br\/comunicacao\/wp-json\/wp\/v2\/media\/21336"}],"wp:attachment":[{"href":"https:\/\/goias.gov.br\/comunicacao\/wp-json\/wp\/v2\/media?parent=21314"}],"wp:term":[{"taxonomy":"category","embeddable":true,"href":"https:\/\/goias.gov.br\/comunicacao\/wp-json\/wp\/v2\/categories?post=21314"},{"taxonomy":"post_tag","embeddable":true,"href":"https:\/\/goias.gov.br\/comunicacao\/wp-json\/wp\/v2\/tags?post=21314"}],"curies":[{"name":"wp","href":"https:\/\/api.w.org\/{rel}","templated":true}]}}