

{"id":19782,"date":"2024-07-01T15:24:00","date_gmt":"2024-07-01T18:24:00","guid":{"rendered":"https:\/\/goias.gov.br\/comunicacao\/?p=19782"},"modified":"2026-04-13T18:08:34","modified_gmt":"2026-04-13T21:08:34","slug":"relacao-de-terceirizados","status":"publish","type":"post","link":"https:\/\/goias.gov.br\/comunicacao\/relacao-de-terceirizados\/","title":{"rendered":"Rela\u00e7\u00e3o de Terceirizados"},"content":{"rendered":"\n<p>Com base no princ\u00edpio da transpar\u00eancia p\u00fablica e em conformidade com o Art. 3\u00ba, I-III, combinado com art. 6\u00ba, I, combinado com Art. 7\u00ba, II e VI, combinado com Art. 8\u00ba, caput e \u00a7 1\u00ba, III e \u00a7 2\u00ba da Lei Federal n\u00ba 12.527\/2011), a Secretaria de Estado de Comunica\u00e7\u00e3o, declara que, nos \u00faltimos 3 (tr\u00eas) anos, e at\u00e9 a presente data, n\u00e3o possuiu contratos para presta\u00e7\u00e3o de trabalhadores terceirizados.<\/p>\n","protected":false},"excerpt":{"rendered":"<p>Com base no princ\u00edpio da transpar\u00eancia p\u00fablica e em conformidade com o Art. 3\u00ba, I-III, combinado com art. 6\u00ba, I, combinado com Art. 7\u00ba, II e VI, combinado com Art. 8\u00ba, caput e \u00a7 1\u00ba, III e \u00a7 2\u00ba da Lei Federal n\u00ba 12.527\/2011), a Secretaria de Estado de Comunica\u00e7\u00e3o, declara que, nos \u00faltimos 3 [&hellip;]<\/p>\n","protected":false},"author":1,"featured_media":0,"comment_status":"closed","ping_status":"open","sticky":false,"template":"","format":"standard","meta":{"footnotes":""},"categories":[2],"tags":[],"class_list":["post-19782","post","type-post","status-publish","format-standard","hentry","category-institucional"],"rttpg_featured_image_url":null,"rttpg_author":{"display_name":"wagner.viana","author_link":"https:\/\/goias.gov.br\/comunicacao\/author\/wagner-viana\/"},"rttpg_comment":0,"rttpg_category":"<a href=\"https:\/\/goias.gov.br\/comunicacao\/categoria\/institucional\/\" rel=\"category tag\">Institucional<\/a>","rttpg_excerpt":"Com base no princ\u00edpio da transpar\u00eancia p\u00fablica e em conformidade com o Art. 3\u00ba, I-III, combinado com art. 6\u00ba, I, combinado com Art. 7\u00ba, II e VI, combinado com Art. 8\u00ba, caput e \u00a7 1\u00ba, III e \u00a7 2\u00ba da Lei Federal n\u00ba 12.527\/2011), a Secretaria de Estado de Comunica\u00e7\u00e3o, declara que, nos \u00faltimos 3&hellip;","_links":{"self":[{"href":"https:\/\/goias.gov.br\/comunicacao\/wp-json\/wp\/v2\/posts\/19782","targetHints":{"allow":["GET"]}}],"collection":[{"href":"https:\/\/goias.gov.br\/comunicacao\/wp-json\/wp\/v2\/posts"}],"about":[{"href":"https:\/\/goias.gov.br\/comunicacao\/wp-json\/wp\/v2\/types\/post"}],"author":[{"embeddable":true,"href":"https:\/\/goias.gov.br\/comunicacao\/wp-json\/wp\/v2\/users\/1"}],"replies":[{"embeddable":true,"href":"https:\/\/goias.gov.br\/comunicacao\/wp-json\/wp\/v2\/comments?post=19782"}],"version-history":[{"count":2,"href":"https:\/\/goias.gov.br\/comunicacao\/wp-json\/wp\/v2\/posts\/19782\/revisions"}],"predecessor-version":[{"id":36580,"href":"https:\/\/goias.gov.br\/comunicacao\/wp-json\/wp\/v2\/posts\/19782\/revisions\/36580"}],"wp:attachment":[{"href":"https:\/\/goias.gov.br\/comunicacao\/wp-json\/wp\/v2\/media?parent=19782"}],"wp:term":[{"taxonomy":"category","embeddable":true,"href":"https:\/\/goias.gov.br\/comunicacao\/wp-json\/wp\/v2\/categories?post=19782"},{"taxonomy":"post_tag","embeddable":true,"href":"https:\/\/goias.gov.br\/comunicacao\/wp-json\/wp\/v2\/tags?post=19782"}],"curies":[{"name":"wp","href":"https:\/\/api.w.org\/{rel}","templated":true}]}}