

{"id":17651,"date":"2025-05-23T17:09:56","date_gmt":"2025-05-23T20:09:56","guid":{"rendered":"https:\/\/goias.gov.br\/comunicacao\/?p=17651"},"modified":"2026-04-13T18:28:57","modified_gmt":"2026-04-13T21:28:57","slug":"audiencias-publicas","status":"publish","type":"post","link":"https:\/\/goias.gov.br\/comunicacao\/audiencias-publicas\/","title":{"rendered":"Audi\u00eancias P\u00fablicas"},"content":{"rendered":"\n<p>Com base no princ\u00edpio da transpar\u00eancia p\u00fablica e em conformidade com o Art. 9\u00ba, II, da Lei Federal n\u00ba 12.527\/2011, a Secretaria de Estado de Comunica\u00e7\u00e3o, declara que nos \u00faltimos 12 meses, e at\u00e9 a presente data, n\u00e3o realizou audi\u00eancias p\u00fablicas entre o poder p\u00fablico e a popula\u00e7\u00e3o.<\/p>\n","protected":false},"excerpt":{"rendered":"<p>Com base no princ\u00edpio da transpar\u00eancia p\u00fablica e em conformidade com o Art. 9\u00ba, II, da Lei Federal n\u00ba 12.527\/2011, a Secretaria de Estado de Comunica\u00e7\u00e3o, declara que nos \u00faltimos 12 meses, e at\u00e9 a presente data, n\u00e3o realizou audi\u00eancias p\u00fablicas entre o poder p\u00fablico e a popula\u00e7\u00e3o.<\/p>\n","protected":false},"author":80,"featured_media":0,"comment_status":"closed","ping_status":"open","sticky":false,"template":"","format":"standard","meta":{"footnotes":""},"categories":[2],"tags":[],"class_list":["post-17651","post","type-post","status-publish","format-standard","hentry","category-institucional"],"rttpg_featured_image_url":null,"rttpg_author":{"display_name":"leidinasantos","author_link":"https:\/\/goias.gov.br\/comunicacao\/author\/leidinasantos\/"},"rttpg_comment":0,"rttpg_category":"<a href=\"https:\/\/goias.gov.br\/comunicacao\/categoria\/institucional\/\" rel=\"category tag\">Institucional<\/a>","rttpg_excerpt":"Com base no princ\u00edpio da transpar\u00eancia p\u00fablica e em conformidade com o Art. 9\u00ba, II, da Lei Federal n\u00ba 12.527\/2011, a Secretaria de Estado de Comunica\u00e7\u00e3o, declara que nos \u00faltimos 12 meses, e at\u00e9 a presente data, n\u00e3o realizou audi\u00eancias p\u00fablicas entre o poder p\u00fablico e a popula\u00e7\u00e3o.","_links":{"self":[{"href":"https:\/\/goias.gov.br\/comunicacao\/wp-json\/wp\/v2\/posts\/17651","targetHints":{"allow":["GET"]}}],"collection":[{"href":"https:\/\/goias.gov.br\/comunicacao\/wp-json\/wp\/v2\/posts"}],"about":[{"href":"https:\/\/goias.gov.br\/comunicacao\/wp-json\/wp\/v2\/types\/post"}],"author":[{"embeddable":true,"href":"https:\/\/goias.gov.br\/comunicacao\/wp-json\/wp\/v2\/users\/80"}],"replies":[{"embeddable":true,"href":"https:\/\/goias.gov.br\/comunicacao\/wp-json\/wp\/v2\/comments?post=17651"}],"version-history":[{"count":2,"href":"https:\/\/goias.gov.br\/comunicacao\/wp-json\/wp\/v2\/posts\/17651\/revisions"}],"predecessor-version":[{"id":36665,"href":"https:\/\/goias.gov.br\/comunicacao\/wp-json\/wp\/v2\/posts\/17651\/revisions\/36665"}],"wp:attachment":[{"href":"https:\/\/goias.gov.br\/comunicacao\/wp-json\/wp\/v2\/media?parent=17651"}],"wp:term":[{"taxonomy":"category","embeddable":true,"href":"https:\/\/goias.gov.br\/comunicacao\/wp-json\/wp\/v2\/categories?post=17651"},{"taxonomy":"post_tag","embeddable":true,"href":"https:\/\/goias.gov.br\/comunicacao\/wp-json\/wp\/v2\/tags?post=17651"}],"curies":[{"name":"wp","href":"https:\/\/api.w.org\/{rel}","templated":true}]}}