

{"id":1647,"date":"2023-12-12T15:23:00","date_gmt":"2023-12-12T18:23:00","guid":{"rendered":"https:\/\/goias.gov.br\/comunicacao\/?p=1647"},"modified":"2026-02-20T16:30:47","modified_gmt":"2026-02-20T19:30:47","slug":"concorrencia-no-001-2023-secom","status":"publish","type":"post","link":"https:\/\/goias.gov.br\/comunicacao\/concorrencia-no-001-2023-secom\/","title":{"rendered":"CONCORR\u00caNCIA N\u00ba 001\/2023 \u2013 SECOM"},"content":{"rendered":"\n<p>Confira abaixo a documenta\u00e7\u00e3o relativa \u00e0 Concorr\u00eancia n\u00ba 001\/2023 \u2013 SECOM, destinada a contrata\u00e7\u00e3o de empresa prestadora de servi\u00e7os de comunica\u00e7\u00e3o digital, nos termos da Lei Federal n\u00ba. 12.232\/2010, Lei Federal n\u00ba 8.666\/1993 e suas altera\u00e7\u00f5es posteriores, art. 37, XXI, da Constitui\u00e7\u00e3o Federal de 1988, Lei Estadual n\u00ba 17.928\/2011, Decreto Estadual n\u00ba 10.249\/2023, \u00a7 1\u00ba, do art. 92, da Constitui\u00e7\u00e3o Estadual, e demais normas regulamentares aplic\u00e1veis \u00e0 esp\u00e9cie.<\/p>\n\n\n\n<ul class=\"wp-block-list\">\n<li><a href=\"https:\/\/goias.gov.br\/comunicacao\/wp-content\/uploads\/sites\/10\/2026\/02\/Edital-de-Concorrencia-no-001.2023.pdf\" data-type=\"link\" data-id=\"https:\/\/drive.google.com\/file\/d\/10Yb-bgVgRN-AiPpUtg8zqSxjiMTsUO_2\/view?usp=sharing\" target=\"_blank\" rel=\"noreferrer noopener\">Edital Concorr\u00eancia n\u00ba 001\/2023<\/a><\/li>\n\n\n\n<li><a href=\"https:\/\/goias.gov.br\/comunicacao\/wp-content\/uploads\/sites\/10\/2026\/02\/Edital-de-Chamamento-Publico.pdf\" data-type=\"link\" data-id=\"https:\/\/drive.google.com\/file\/d\/1noW7ZiFczD_H1z1TFktvomJ29OxjuoPa\/view?usp=sharing\" target=\"_blank\" rel=\"noreferrer noopener\">Edital de Chamamento P\u00fablico<\/a><\/li>\n\n\n\n<li><a href=\"https:\/\/goias.gov.br\/comunicacao\/wp-content\/uploads\/sites\/10\/2026\/02\/Impugnacao-ao-Edital-de-Concorrencia-Cicera.pdf\" data-type=\"link\" data-id=\"https:\/\/drive.google.com\/file\/d\/1moJCUEWSxVs9zew3ro20If0YgarOa1An\/view?usp=sharing\" target=\"_blank\" rel=\"noreferrer noopener\">Impugna\u00e7\u00e3o ao Edital<\/a><\/li>\n\n\n\n<li><a href=\"https:\/\/goias.gov.br\/comunicacao\/wp-content\/uploads\/sites\/10\/2026\/02\/Resposta-a-Impugnacao-ao-Edital-de-Concorrencia-CICERA.pdf\" data-type=\"link\" data-id=\"https:\/\/drive.google.com\/file\/d\/1aI1pI1GBpMuLoL-3o-5Sv-vKv2hwKPB-\/view?usp=sharing\" target=\"_blank\" rel=\"noreferrer noopener\">Resposta \u00e0 Impugna\u00e7\u00e3o<\/a><\/li>\n\n\n\n<li><a href=\"https:\/\/goias.gov.br\/comunicacao\/wp-content\/uploads\/sites\/10\/2026\/02\/Resposta-a-Pedido-de-Esclarecimento-I-3.pdf\" data-type=\"link\" data-id=\"https:\/\/drive.google.com\/file\/d\/1RCdq04S1xmkwhXuwGmsepNlouOxrGbXP\/view?usp=sharing\" target=\"_blank\" rel=\"noreferrer noopener\">Resposta \u00e0 Pedido de Esclarecimento <\/a><a href=\"https:\/\/goias.gov.br\/comunicacao\/wp-content\/uploads\/sites\/10\/2026\/02\/Resposta-a-Pedido-de-Esclarecimento-I-3.pdf\" data-type=\"link\" data-id=\"https:\/\/drive.google.com\/file\/d\/1RCdq04S1xmkwhXuwGmsepNlouOxrGbXP\/view?usp=sharing\">I<\/a><\/li>\n\n\n\n<li><a href=\"https:\/\/goias.gov.br\/comunicacao\/wp-content\/uploads\/sites\/10\/2026\/02\/Manual-Uso-da-Logomarca-Governo-de-Goias-1_compressed-1.pdf\" data-type=\"link\" data-id=\"https:\/\/drive.google.com\/file\/d\/1AQbo1vNCm9F62YTq9BbeAxEQPxQFg9OY\/view?usp=sharing\" target=\"_blank\" rel=\"noreferrer noopener\">Manual Uso da Logomarca Governo de Goi\u00e1s<\/a><\/li>\n\n\n\n<li><a href=\"https:\/\/goias.gov.br\/comunicacao\/wp-content\/uploads\/sites\/10\/2026\/02\/Manual-Uso-da-Logomarca-do-Goias-Social.pdf\" data-type=\"link\" data-id=\"https:\/\/drive.google.com\/file\/d\/17UgPJeqDs9E-C-fPQGW9wz4in9Tdu9BT\/view?usp=sharing\" target=\"_blank\" rel=\"noreferrer noopener\">Manual Uso da Logomarca do Goi\u00e1s Social<\/a><\/li>\n\n\n\n<li><a href=\"https:\/\/goias.gov.br\/comunicacao\/wp-content\/uploads\/sites\/10\/2026\/02\/Aviso-de-Sorteio-para-Composicao-da-Subcomissao-Tecnica-1.pdf\" data-type=\"link\" data-id=\"https:\/\/drive.google.com\/file\/d\/1ROv7xGCVym9ATpyUN4wt_j_i0cN3OgMN\/view?usp=sharing\" target=\"_blank\" rel=\"noreferrer noopener\">Aviso de Sorteio da Subcomiss\u00e3o T\u00e9cnic<\/a><a href=\"https:\/\/goias.gov.br\/comunicacao\/wp-content\/uploads\/sites\/10\/2026\/02\/Aviso-de-Sorteio-para-Composicao-da-Subcomissao-Tecnica-1.pdf\" data-type=\"link\" data-id=\"https:\/\/drive.google.com\/file\/d\/1ROv7xGCVym9ATpyUN4wt_j_i0cN3OgMN\/view?usp=sharing\">a<\/a><\/li>\n\n\n\n<li><a href=\"https:\/\/goias.gov.br\/comunicacao\/wp-content\/uploads\/sites\/10\/2026\/02\/Resposta-a-Pedido-de-Esclarecimento-II-2.pdf\" data-type=\"link\" data-id=\"https:\/\/drive.google.com\/file\/d\/1ydwPEYHR_7TKb4qOFES361dJso02UW3c\/view?usp=sharing\" target=\"_blank\" rel=\"noreferrer noopener\">Resposta \u00e0 Pedido de Esclarecimento II<\/a><\/li>\n\n\n\n<li><a href=\"https:\/\/goias.gov.br\/comunicacao\/wp-content\/uploads\/sites\/10\/2026\/02\/Resposta-a-Pedido-de-Esclarecimento-III-2.pdf\" data-type=\"link\" data-id=\"https:\/\/drive.google.com\/file\/d\/1693twdHEsJ8BCdyTzC3YBDnjiFoltQU7\/view?usp=sharing\" target=\"_blank\" rel=\"noreferrer noopener\">Resposta \u00e0 Pedido de Esclarecimento III<\/a><\/li>\n\n\n\n<li><a href=\"https:\/\/goias.gov.br\/comunicacao\/wp-content\/uploads\/sites\/10\/2026\/02\/Resposta-a-Pedido-de-Esclarecimento-IV-2.pdf\" data-type=\"link\" data-id=\"https:\/\/drive.google.com\/file\/d\/1DhkwVb1sErXcqZNuF5jvuVdrMVT0rfhp\/view?usp=sharing\" target=\"_blank\" rel=\"noreferrer noopener\">Resposta \u00e0 Pedido de Esclarecimento IV<\/a><\/li>\n\n\n\n<li><a href=\"https:\/\/goias.gov.br\/comunicacao\/wp-content\/uploads\/sites\/10\/2026\/02\/Ata-de-Sorteio-da-Subcomissao-Tecnica-2.pdf\" data-type=\"link\" data-id=\"https:\/\/drive.google.com\/file\/d\/17UgPJeqDs9E-C-fPQGW9wz4in9Tdu9BT\/view?usp=sharing\" target=\"_blank\" rel=\"noreferrer noopener\">Ata de Sorteio da Subcomiss\u00e3o T\u00e9cnica<\/a><\/li>\n\n\n\n<li><a href=\"https:\/\/goias.gov.br\/comunicacao\/wp-content\/uploads\/sites\/10\/2026\/02\/Nomeacao-da-Subcomissao-Tecnica.pdf\" data-type=\"link\" data-id=\"https:\/\/drive.google.com\/file\/d\/1TDGv3dhBJEM368Ovi9Xp2PR6LP4mWUQ3\/view?usp=sharing\" target=\"_blank\" rel=\"noreferrer noopener\">Nomea\u00e7\u00e3o da Subcomiss\u00e3o T\u00e9cnica<\/a><\/li>\n\n\n\n<li><a href=\"https:\/\/goias.gov.br\/comunicacao\/wp-content\/uploads\/sites\/10\/2026\/02\/Resposta-a-Pedido-de-Esclarecimento-V-2.pdf\" target=\"_blank\" rel=\"noreferrer noopener\">Resposta \u00e0 Pedido de Esclarecimento V<\/a><\/li>\n\n\n\n<li><a href=\"https:\/\/goias.gov.br\/comunicacao\/wp-content\/uploads\/sites\/10\/2026\/02\/Impugnacao-ao-Edital-de-Concorrencia-Cicera-1.pdf\" data-type=\"link\" data-id=\"https:\/\/drive.google.com\/file\/d\/1Zk29fs5H1eFglF2P2AaQQaJ-1Xa4y_9N\/view?usp=sharing\" target=\"_blank\" rel=\"noreferrer noopener\">Impugna\u00e7\u00e3o ao Edital de Concorr\u00eancia C\u00cdCERA<\/a><\/li>\n\n\n\n<li><a href=\"https:\/\/goias.gov.br\/comunicacao\/wp-content\/uploads\/sites\/10\/2026\/02\/Resposta-a-Impugnacao-ao-Edital-de-Concorrencia-CICERA-1.pdf\" target=\"_blank\" rel=\"noreferrer noopener\">Resposta \u00e0 Impugna\u00e7\u00e3o ao Edital de Concorr\u00eancia C\u00cdCERA<\/a><\/li>\n\n\n\n<li><a href=\"https:\/\/goias.gov.br\/comunicacao\/wp-content\/uploads\/sites\/10\/2026\/02\/Aviso-do-Local-da-Primeira-Sessao.pdf\" data-type=\"link\" data-id=\"https:\/\/drive.google.com\/file\/d\/1M0XdfKHidGKSG01MJzPd4Rp6addOXFaL\/view?usp=sharing\" target=\"_blank\" rel=\"noreferrer noopener\">Aviso do Local da Primeira Sess\u00e3o<\/a><\/li>\n\n\n\n<li><a href=\"https:\/\/goias.gov.br\/comunicacao\/wp-content\/uploads\/sites\/10\/2026\/02\/Impugnacao-ao-Edital-de-Concorrencia-HELLO.pdf\" target=\"_blank\" rel=\"noreferrer noopener\">Impugna\u00e7\u00e3o ao Edital de Concorr\u00eancia HELLO<\/a><\/li>\n\n\n\n<li><a href=\"https:\/\/goias.gov.br\/comunicacao\/wp-content\/uploads\/sites\/10\/2026\/02\/Resposta-a-Impugnacao-ao-Edital-de-Concorrencia-HELLO.pdf\" data-type=\"link\" data-id=\"https:\/\/drive.google.com\/file\/d\/1UQvzyaAFzhILNwk9VO8cfcGfLtIr5xRP\/view?usp=sharing\" target=\"_blank\" rel=\"noreferrer noopener\">Resposta \u00e0 Impugna\u00e7\u00e3o ao Edital de Concorr\u00eancia HELOO<\/a><\/li>\n\n\n\n<li><a href=\"https:\/\/goias.gov.br\/comunicacao\/wp-content\/uploads\/sites\/10\/2026\/02\/Ata-da-1a-Sessao-da-Concorrencia.pdf\" target=\"_blank\" rel=\"noreferrer noopener\">Ata da 1\u00ba Sess\u00e3o da Concorr\u00eancia <\/a><\/li>\n\n\n\n<li><a href=\"https:\/\/goias.gov.br\/comunicacao\/wp-content\/uploads\/sites\/10\/2026\/02\/Certidao-de-Transcurso-de-Prazo.pdf\" data-type=\"link\" data-id=\"https:\/\/drive.google.com\/file\/d\/1cZqpMBk2shR1JZh8rckrOSP7dAv8UpqX\/view?usp=sharing\" target=\"_blank\" rel=\"noreferrer noopener\">Certid\u00e3o de Transcurso de Prazo<\/a><\/li>\n\n\n\n<li><a href=\"https:\/\/goias.gov.br\/comunicacao\/wp-content\/uploads\/sites\/10\/2026\/02\/Termo-de-acesso-de-Involucros-no1-da-Subcomissao-Tecnica-de-Licitacao.pdf\" data-type=\"link\" data-id=\"https:\/\/drive.google.com\/file\/d\/1_n4ViDZ9xdrMO2qB0F92PVk3PIcmI4uf\/view?usp=sharing\" target=\"_blank\" rel=\"noreferrer noopener\">Termo de acesso de Inv\u00f3lucros n\u00ba 1 da Subcomiss\u00e3o T\u00e9cnica de Licita\u00e7\u00e3o<\/a><\/li>\n\n\n\n<li><a href=\"https:\/\/goias.gov.br\/comunicacao\/wp-content\/uploads\/sites\/10\/2026\/02\/Termo-de-acesso-de-Involucros-n-3-da-Subcimissao-Tecnica-de-Licitacao.pdf\" data-type=\"link\" data-id=\"https:\/\/drive.google.com\/file\/d\/1_n4ViDZ9xdrMO2qB0F92PVk3PIcmI4uf\/view?usp=sharing\" target=\"_blank\" rel=\"noreferrer noopener\">Termo de acesso de Inv\u00f3lucros n\u00ba 3 da Subcomiss\u00e3o T\u00e9cnica de Licita\u00e7\u00e3o<\/a><\/li>\n\n\n\n<li><a href=\"https:\/\/goias.gov.br\/comunicacao\/wp-content\/uploads\/sites\/10\/2026\/02\/Aviso-da-2a-Sessao-Publica-2.pdf\" data-type=\"link\" data-id=\"https:\/\/drive.google.com\/file\/d\/1gdZLAGOlaloOAVudBYv4Mi8n3_7AoWw9\/view?usp=sharing\" target=\"_blank\" rel=\"noreferrer noopener\">Aviso da 2\u00ba Sess\u00e3o P\u00fablica<\/a><\/li>\n\n\n\n<li><a href=\"https:\/\/goias.gov.br\/comunicacao\/wp-content\/uploads\/sites\/10\/2026\/02\/Avaliacap-Julgador-A-Involucro-no-1.pdf\" data-type=\"link\" data-id=\"https:\/\/drive.google.com\/file\/d\/1ITdazlRNg7yAGKDrBhW8v13esujv6JHh\/view?usp=sharing\" target=\"_blank\" rel=\"noreferrer noopener\">Avalia\u00e7\u00e3o Julgador A<\/a><\/li>\n\n\n\n<li><a href=\"https:\/\/goias.gov.br\/comunicacao\/wp-content\/uploads\/sites\/10\/2026\/02\/Avaliacao-Julgador-B-Involucro-no-1.pdf\" data-type=\"link\" data-id=\"https:\/\/drive.google.com\/file\/d\/1OQE8fkFr6yIOuUePdrETaglaMPGRr0vj\/view?usp=sharing\" target=\"_blank\" rel=\"noreferrer noopener\">Avalia\u00e7\u00e3o Julgador B<\/a><\/li>\n\n\n\n<li><a href=\"https:\/\/goias.gov.br\/comunicacao\/wp-content\/uploads\/sites\/10\/2026\/02\/Avaliacao-Julgador-C-Involucro-no-1.pdf\" data-type=\"link\" data-id=\"https:\/\/drive.google.com\/file\/d\/1ZuNOVgmkDuvwRmCmrFkU7JAH17EI8pXo\/view?usp=sharing\" target=\"_blank\" rel=\"noreferrer noopener\">Avalia\u00e7\u00e3o Julgador C<\/a><\/li>\n\n\n\n<li><a href=\"https:\/\/goias.gov.br\/comunicacao\/wp-content\/uploads\/sites\/10\/2026\/02\/Ata-de-Julgamento-Involucros-no-1.pdf\" target=\"_blank\" rel=\"noreferrer noopener\">Ata de Julgamento &#8211; Inv\u00f3lucros n\u00ba 1<\/a><\/li>\n\n\n\n<li><a href=\"https:\/\/goias.gov.br\/comunicacao\/wp-content\/uploads\/sites\/10\/2026\/02\/Ata-de-Julgamento-Involucros-no-1-1.pdf\" target=\"_blank\" rel=\"noreferrer noopener\">Ata de Julgamento &#8211; Inv\u00f3lucros n\u00ba 3<\/a><\/li>\n\n\n\n<li><a href=\"https:\/\/goias.gov.br\/comunicacao\/wp-content\/uploads\/sites\/10\/2026\/02\/Ata-da-Segunda-Sessao-da-Concorrencia.pdf\" target=\"_blank\" rel=\"noreferrer noopener\">Ata da Segunda Sess\u00e3o da Concorr\u00eancia 001.2023<\/a><\/li>\n\n\n\n<li><a href=\"https:\/\/goias.gov.br\/comunicacao\/wp-content\/uploads\/sites\/10\/2026\/02\/Resultado-da-Analise-de-Proposta-Tecnica-Republicacao.pdf\" target=\"_blank\" rel=\"noreferrer noopener\">Resultado da An\u00e1lise de Proposta T\u00e9cnica Republica\u00e7\u00e3o<\/a><\/li>\n\n\n\n<li><a href=\"https:\/\/goias.gov.br\/comunicacao\/wp-content\/uploads\/sites\/10\/2026\/02\/Comunicado-I-Aviso-de-Interposicao-de-Recurso-Administrativo.pdf\" data-type=\"link\" data-id=\"https:\/\/drive.google.com\/file\/d\/1-2H--VsfexoeBj6O3jer2KfiOOTE_UWS\/view?usp=sharing\" target=\"_blank\" rel=\"noreferrer noopener\">Comunicado I<\/a><\/li>\n\n\n\n<li><a href=\"https:\/\/goias.gov.br\/comunicacao\/wp-content\/uploads\/sites\/10\/2026\/02\/Comunicado-II-Aviso-de-Contrarrazoes-ao-Recurso-Administrativo.pdf\" data-type=\"link\" data-id=\"https:\/\/drive.google.com\/file\/d\/12qfrTvatqI3i0B1M5ykBJ6DLxwmH6rtM\/view?usp=sharing\" target=\"_blank\" rel=\"noreferrer noopener\">Comunicado II<\/a><\/li>\n\n\n\n<li><a href=\"https:\/\/goias.gov.br\/comunicacao\/wp-content\/uploads\/sites\/10\/2026\/02\/Recurso-Administrativo-Clara-Digital.pdf\" data-type=\"link\" data-id=\"https:\/\/drive.google.com\/file\/d\/1CHmqvu-K-w51HcB4X4XuK_IhF-jb9h33\/view?usp=sharing\" target=\"_blank\" rel=\"noreferrer noopener\">Recurso Administrativo<\/a><\/li>\n\n\n\n<li><a href=\"https:\/\/goias.gov.br\/comunicacao\/wp-content\/uploads\/sites\/10\/2026\/02\/Contrarrazao-In.Pacto_.pdf\" target=\"_blank\" rel=\"noreferrer noopener\">Contrarraz\u00e3o In. Pacto<\/a><\/li>\n\n\n\n<li><a href=\"https:\/\/goias.gov.br\/comunicacao\/wp-content\/uploads\/sites\/10\/2026\/02\/Ata-da-Subcomissao-de-Licitacao-Recurso-Adminstrativo.pdf\" data-type=\"link\" data-id=\"https:\/\/drive.google.com\/file\/d\/1IqnSd6pW7IlS2rwpDns764lVF4iHK86D\/view?usp=sharing\" target=\"_blank\" rel=\"noreferrer noopener\">Ata da Subcomiss\u00e3o de Licita\u00e7\u00e3o &#8211; Recurso Administrativo<\/a><\/li>\n\n\n\n<li><a href=\"https:\/\/goias.gov.br\/comunicacao\/wp-content\/uploads\/sites\/10\/2026\/02\/Decisao-4.pdf\" data-type=\"link\" data-id=\"https:\/\/drive.google.com\/file\/d\/1vr28qSDHTOuzY4Wsx2JUk_ekj9wdLbdn\/view?usp=sharing\" target=\"_blank\" rel=\"noreferrer noopener\">Decis\u00e3o<\/a><\/li>\n\n\n\n<li><a href=\"https:\/\/goias.gov.br\/comunicacao\/wp-content\/uploads\/sites\/10\/2026\/02\/Errata-de-Decisao.pdf\" data-type=\"link\" data-id=\"https:\/\/drive.google.com\/file\/d\/1flGMgugp4FgwFSqBCcNn3PZpNTYpuQ7P\/view?usp=sharing\" target=\"_blank\" rel=\"noreferrer noopener\">Errata de Decis\u00e3o<\/a><\/li>\n\n\n\n<li><a href=\"https:\/\/goias.gov.br\/comunicacao\/wp-content\/uploads\/sites\/10\/2026\/02\/Aviso-da-3a-Sessao-Publica-1.pdf\" data-type=\"link\" data-id=\"https:\/\/drive.google.com\/file\/d\/1gdZLAGOlaloOAVudBYv4Mi8n3_7AoWw9\/view?usp=sharing\" target=\"_blank\" rel=\"noreferrer noopener\">Aviso da 3\u00ba Sess\u00e3o P\u00fablica<\/a><\/li>\n\n\n\n<li><a href=\"https:\/\/goias.gov.br\/comunicacao\/wp-content\/uploads\/sites\/10\/2026\/02\/Ata-da-3a-Sessao-Publica.pdf\" data-type=\"link\" data-id=\"https:\/\/drive.google.com\/file\/d\/1OK54WmU97WcX_3sb0UxVsxfhtzHx9sy4\/view?usp=sharing\" target=\"_blank\" rel=\"noreferrer noopener\">Ata da 3\u00ba Sess\u00e3o P\u00fablica<\/a><\/li>\n\n\n\n<li><a href=\"https:\/\/goias.gov.br\/comunicacao\/wp-content\/uploads\/sites\/10\/2026\/02\/Resultado-da-Analise-das-Propostas-de-Precos.pdf\" data-type=\"link\" data-id=\"https:\/\/drive.google.com\/file\/d\/1owEckue78C3zudnGYznYqmX3gPACC0gc\/view?usp=sharing\" target=\"_blank\" rel=\"noreferrer noopener\">Resultado<\/a><\/li>\n\n\n\n<li><a href=\"https:\/\/goias.gov.br\/comunicacao\/wp-content\/uploads\/sites\/10\/2026\/02\/Aviso-da-4a-Sessao-Publica.pdf\" target=\"_blank\" rel=\"noreferrer noopener\">Aviso da 4 Sess\u00e3o P\u00fablica<\/a><\/li>\n\n\n\n<li><a href=\"https:\/\/goias.gov.br\/comunicacao\/wp-content\/uploads\/sites\/10\/2026\/02\/Certidao-de-Transcurso-de-Prazo-1.pdf\" data-type=\"link\" data-id=\"https:\/\/drive.google.com\/file\/d\/1cZqpMBk2shR1JZh8rckrOSP7dAv8UpqX\/view?usp=sharing\" target=\"_blank\" rel=\"noreferrer noopener\">Certid\u00e3o de Transcurso de Prazo 1<\/a><\/li>\n\n\n\n<li><a href=\"https:\/\/goias.gov.br\/comunicacao\/wp-content\/uploads\/sites\/10\/2026\/02\/Aviso-da-4a-Sessao-Publica-1.pdf\" target=\"_blank\" rel=\"noreferrer noopener\">Ata da 4\u00ba Sess\u00e3o P\u00fablica<\/a><\/li>\n\n\n\n<li><a href=\"https:\/\/goias.gov.br\/comunicacao\/wp-content\/uploads\/sites\/10\/2026\/02\/Aviso-de-Sessao-Extra.pdf\" data-type=\"link\" data-id=\"https:\/\/drive.google.com\/file\/d\/1jJ_42im8az2UgIGB_JBJvWzH2jXSOS1b\/view?usp=sharing\" target=\"_blank\" rel=\"noreferrer noopener\">Aviso de Sess\u00e3o Extra<\/a><\/li>\n\n\n\n<li><a href=\"https:\/\/drive.google.com\/file\/d\/12qfrTvatqI3i0B1M5ykBJ6DLxwmH6rtM\/view?usp=sharing\"><\/a><a href=\"https:\/\/goias.gov.br\/comunicacao\/wp-content\/uploads\/sites\/10\/2026\/02\/Comunicado-Aviso-de-Interposicao-de-Recurso-Administrativo.pdf\" target=\"_blank\" rel=\"noreferrer noopener\">Comunicado<\/a><\/li>\n\n\n\n<li><a href=\"https:\/\/drive.google.com\/file\/d\/1doqoe_mJ_9gB1LX2ISoHjpALpdwUtQX6\/view?usp=sharing\" data-type=\"link\" data-id=\"https:\/\/drive.google.com\/file\/d\/1V6MPMXs2yfDz-jd9XmNm0M7cKY5p4m71\/view?usp=sharing\" target=\"_blank\" rel=\"noreferrer noopener\">Aviso de Suspens\u00e3o P\u00fablica<\/a><\/li>\n\n\n\n<li><a href=\"https:\/\/goias.gov.br\/comunicacao\/wp-content\/uploads\/sites\/10\/2026\/02\/Certidao-de-Transcurso-de-Prazo-2.pdf\" target=\"_blank\" rel=\"noreferrer noopener\">Certid\u00e3o de Transcurso de Prazo 2<\/a><\/li>\n\n\n\n<li><a href=\"https:\/\/goias.gov.br\/comunicacao\/wp-content\/uploads\/sites\/10\/2026\/02\/Decisao-Recurso-da-Fase-de-Habilitacao.pdf\" target=\"_blank\" rel=\"noreferrer noopener\">Decis\u00f5es &#8211; Recurso da Fase de Habilita\u00e7\u00e3o<\/a><\/li>\n\n\n\n<li><a href=\"https:\/\/goias.gov.br\/comunicacao\/wp-content\/uploads\/sites\/10\/2026\/02\/Aviso-do-Resultado-de-Julgamento-dos-Recursos.pdf\" data-type=\"link\" data-id=\"https:\/\/drive.google.com\/file\/d\/1YbrNUfx-aWMGDV0wBwdO8VgEudqxJTun\/view?usp=sharing\" target=\"_blank\" rel=\"noreferrer noopener\">Aviso do Resultado de Julgamento dos Recursos<\/a><\/li>\n\n\n\n<li><a href=\"https:\/\/goias.gov.br\/comunicacao\/wp-content\/uploads\/sites\/10\/2026\/02\/Termo-de-Homologacao-e-Adjudicacao.pdf\" data-type=\"link\" data-id=\"https:\/\/drive.google.com\/file\/d\/1lOYIkaHBUuetdmcqjjg8VnipGU0MBzkh\/view?usp=sharing\" target=\"_blank\" rel=\"noreferrer noopener\">Termo de Homologa\u00e7\u00e3o e Adjudica\u00e7\u00e3o<\/a><\/li>\n<\/ul>\n\n\n\n<p><\/p>\n\n\n\n<p><\/p>\n\n\n\n<p><\/p>\n","protected":false},"excerpt":{"rendered":"<p>Confira abaixo a documenta\u00e7\u00e3o relativa \u00e0 Concorr\u00eancia n\u00ba 001\/2023 \u2013 SECOM, destinada a contrata\u00e7\u00e3o de empresa prestadora de servi\u00e7os de comunica\u00e7\u00e3o digital, nos termos da Lei Federal n\u00ba. 12.232\/2010, Lei Federal n\u00ba 8.666\/1993 e suas altera\u00e7\u00f5es posteriores, art. 37, XXI, da Constitui\u00e7\u00e3o Federal de 1988, Lei Estadual n\u00ba 17.928\/2011, Decreto Estadual n\u00ba 10.249\/2023, \u00a7 1\u00ba, [&hellip;]<\/p>\n","protected":false},"author":80,"featured_media":1655,"comment_status":"closed","ping_status":"open","sticky":false,"template":"","format":"standard","meta":{"footnotes":""},"categories":[2,3],"tags":[19],"class_list":["post-1647","post","type-post","status-publish","format-standard","has-post-thumbnail","hentry","category-institucional","category-noticias","tag-licitacao"],"rttpg_featured_image_url":{"full":["https:\/\/goias.gov.br\/comunicacao\/wp-content\/uploads\/sites\/10\/2023\/12\/COMUNICACAO-DIGITAL.png",1612,1080,false],"landscape":["https:\/\/goias.gov.br\/comunicacao\/wp-content\/uploads\/sites\/10\/2023\/12\/COMUNICACAO-DIGITAL.png",1612,1080,false],"portraits":["https:\/\/goias.gov.br\/comunicacao\/wp-content\/uploads\/sites\/10\/2023\/12\/COMUNICACAO-DIGITAL.png",1612,1080,false],"thumbnail":["https:\/\/goias.gov.br\/comunicacao\/wp-content\/uploads\/sites\/10\/2023\/12\/COMUNICACAO-DIGITAL.png",150,100,false],"medium":["https:\/\/goias.gov.br\/comunicacao\/wp-content\/uploads\/sites\/10\/2023\/12\/COMUNICACAO-DIGITAL.png",300,201,false],"large":["https:\/\/goias.gov.br\/comunicacao\/wp-content\/uploads\/sites\/10\/2023\/12\/COMUNICACAO-DIGITAL.png",1024,686,false],"1536x1536":["https:\/\/goias.gov.br\/comunicacao\/wp-content\/uploads\/sites\/10\/2023\/12\/COMUNICACAO-DIGITAL.png",1536,1029,false],"2048x2048":["https:\/\/goias.gov.br\/comunicacao\/wp-content\/uploads\/sites\/10\/2023\/12\/COMUNICACAO-DIGITAL.png",1612,1080,false]},"rttpg_author":{"display_name":"leidinasantos","author_link":"https:\/\/goias.gov.br\/comunicacao\/author\/leidinasantos\/"},"rttpg_comment":0,"rttpg_category":"<a href=\"https:\/\/goias.gov.br\/comunicacao\/categoria\/institucional\/\" rel=\"category tag\">Institucional<\/a> <a href=\"https:\/\/goias.gov.br\/comunicacao\/categoria\/noticias\/\" rel=\"category tag\">Not\u00edcias<\/a>","rttpg_excerpt":"Confira abaixo a documenta\u00e7\u00e3o relativa \u00e0 Concorr\u00eancia n\u00ba 001\/2023 \u2013 SECOM, destinada a contrata\u00e7\u00e3o de empresa prestadora de servi\u00e7os de comunica\u00e7\u00e3o digital, nos termos da Lei Federal n\u00ba. 12.232\/2010, Lei Federal n\u00ba 8.666\/1993 e suas altera\u00e7\u00f5es posteriores, art. 37, XXI, da Constitui\u00e7\u00e3o Federal de 1988, Lei Estadual n\u00ba 17.928\/2011, Decreto Estadual n\u00ba 10.249\/2023, \u00a7 1\u00ba,&hellip;","_links":{"self":[{"href":"https:\/\/goias.gov.br\/comunicacao\/wp-json\/wp\/v2\/posts\/1647","targetHints":{"allow":["GET"]}}],"collection":[{"href":"https:\/\/goias.gov.br\/comunicacao\/wp-json\/wp\/v2\/posts"}],"about":[{"href":"https:\/\/goias.gov.br\/comunicacao\/wp-json\/wp\/v2\/types\/post"}],"author":[{"embeddable":true,"href":"https:\/\/goias.gov.br\/comunicacao\/wp-json\/wp\/v2\/users\/80"}],"replies":[{"embeddable":true,"href":"https:\/\/goias.gov.br\/comunicacao\/wp-json\/wp\/v2\/comments?post=1647"}],"version-history":[{"count":2,"href":"https:\/\/goias.gov.br\/comunicacao\/wp-json\/wp\/v2\/posts\/1647\/revisions"}],"predecessor-version":[{"id":33034,"href":"https:\/\/goias.gov.br\/comunicacao\/wp-json\/wp\/v2\/posts\/1647\/revisions\/33034"}],"wp:featuredmedia":[{"embeddable":true,"href":"https:\/\/goias.gov.br\/comunicacao\/wp-json\/wp\/v2\/media\/1655"}],"wp:attachment":[{"href":"https:\/\/goias.gov.br\/comunicacao\/wp-json\/wp\/v2\/media?parent=1647"}],"wp:term":[{"taxonomy":"category","embeddable":true,"href":"https:\/\/goias.gov.br\/comunicacao\/wp-json\/wp\/v2\/categories?post=1647"},{"taxonomy":"post_tag","embeddable":true,"href":"https:\/\/goias.gov.br\/comunicacao\/wp-json\/wp\/v2\/tags?post=1647"}],"curies":[{"name":"wp","href":"https:\/\/api.w.org\/{rel}","templated":true}]}}