
{"id":875,"date":"2009-10-13T16:04:42","date_gmt":"2009-10-13T19:04:42","guid":{"rendered":"https:\/\/siteshom.goias.gov.br\/cetran\/discussao-faz-veiculo-cair-no-rio-tiete\/"},"modified":"2009-10-13T16:04:42","modified_gmt":"2009-10-13T19:04:42","slug":"discussao-faz-veiculo-cair-no-rio-tiete","status":"publish","type":"post","link":"https:\/\/goias.gov.br\/cetran\/discussao-faz-veiculo-cair-no-rio-tiete\/","title":{"rendered":"Discuss\u00e3o faz ve\u00edculo cair no Rio Tiet\u00ea"},"content":{"rendered":"<p><!DOCTYPE html PUBLIC \"-\/\/W3C\/\/DTD HTML 4.0 Transitional\/\/EN\" \"http:\/\/www.w3.org\/TR\/REC-html40\/loose.dtd\"><br \/>\n<html><body><\/p>\n<p align=\"justify\">Uma suposta briga entre ex-namorados quase terminou em trag&eacute;dia, por volta das 21 horas desta segunda-feira, 12, na Marginal do Tiet&ecirc;, na regi&atilde;o da Freguesia do &Oacute;, zona norte de S&atilde;o Paulo. Ao volante de um Mazda preto e trafegando no sentido Lapa da pista expressa, Ivamar Vasconcelos Salles, de 38 anos, suspeito de provocar o acidente, s&oacute; n&atilde;o viu o ve&iacute;culo afundar no rio porque o carro parou em um banco de areia formado pela sujeira trazida por um c&oacute;rrego que desemboca no Tiet&ecirc;. <\/p>\n<p align=\"justify\">Salles e sua ex-namorada, J&eacute;ssica Aparecida da Silva, de 19 anos sofreram ferimentos leves. Quando os bombeiros chegaram no local, o ve&iacute;culo estava no rio, parcialmente submerso. No entanto, o cap&ocirc; e o teto eram vis&iacute;veis e os dois ocupantes se encontravam sobre o autom&oacute;vel. Os bombeiros tiveram que usar um bote infl&aacute;vel para prender uma corda no carro. <\/p>\n<p align=\"justify\">O ve&iacute;culo foi retirado da &aacute;gua depois de uma hora de trabalho. Segundo a irm&atilde; de J&eacute;ssica, Miraci Silva Costa, a queda no rio teria sido proposital. Ela ainda disse que Ivamar estava revoltado com o fim do relacionamento e que o rapaz teria feito amea&ccedil;as e por v&aacute;rias vezes tentou atropelar a jovem. <\/p>\n<p align=\"justify\">Ainda segundo Miraci, o ex-cunhado arrastou a irm&atilde; para dentro do ve&iacute;culo e a levou at&eacute; a Marginal do Tiet&ecirc;, onde teria provocado a queda no rio. Salles negou que tivesse jogado o carro de prop&oacute;sito no rio e afirmou que, durante uma pequena discuss&atilde;o, perdeu o controle da dire&ccedil;&atilde;o e acabou caindo no rio. O caso foi registrado na delegacia da Freguesia do &Oacute; (28&ordm;DP) como acidente de tr&acirc;nsito. (AE) .<\/p>\n<p align=\"justify\"><strong><em>Cruzeiro Do Sul<\/em><\/strong><\/p>\n<p><\/body><\/html><\/p>\n","protected":false},"excerpt":{"rendered":"<p>Uma suposta briga entre ex-namorados quase terminou em trag&eacute;dia, por volta das 21 horas desta segunda-feira, 12, na Marginal do Tiet&ecirc;, na regi&atilde;o da Freguesia do &Oacute;, zona norte de S&atilde;o Paulo. Ao volante de um Mazda preto e trafegando no sentido Lapa da pista expressa, Ivamar Vasconcelos Salles, de 38 anos, suspeito de provocar [&hellip;]<\/p>\n","protected":false},"author":7,"featured_media":0,"comment_status":"closed","ping_status":"open","sticky":false,"template":"","format":"standard","meta":{"footnotes":""},"categories":[48],"tags":[],"class_list":["post-875","post","type-post","status-publish","format-standard","hentry","category-noticias"],"rttpg_featured_image_url":null,"rttpg_author":{"display_name":"gustavogoncalves","author_link":"https:\/\/goias.gov.br\/cetran\/author\/gustavogoncalves\/"},"rttpg_comment":0,"rttpg_category":"<a href=\"https:\/\/goias.gov.br\/cetran\/categoria\/noticias\/\" rel=\"category tag\">Noticias<\/a>","rttpg_excerpt":"Uma suposta briga entre ex-namorados quase terminou em trag&eacute;dia, por volta das 21 horas desta segunda-feira, 12, na Marginal do Tiet&ecirc;, na regi&atilde;o da Freguesia do &Oacute;, zona norte de S&atilde;o Paulo. Ao volante de um Mazda preto e trafegando no sentido Lapa da pista expressa, Ivamar Vasconcelos Salles, de 38 anos, suspeito de provocar&hellip;","_links":{"self":[{"href":"https:\/\/goias.gov.br\/cetran\/wp-json\/wp\/v2\/posts\/875","targetHints":{"allow":["GET"]}}],"collection":[{"href":"https:\/\/goias.gov.br\/cetran\/wp-json\/wp\/v2\/posts"}],"about":[{"href":"https:\/\/goias.gov.br\/cetran\/wp-json\/wp\/v2\/types\/post"}],"author":[{"embeddable":true,"href":"https:\/\/goias.gov.br\/cetran\/wp-json\/wp\/v2\/users\/7"}],"replies":[{"embeddable":true,"href":"https:\/\/goias.gov.br\/cetran\/wp-json\/wp\/v2\/comments?post=875"}],"version-history":[{"count":0,"href":"https:\/\/goias.gov.br\/cetran\/wp-json\/wp\/v2\/posts\/875\/revisions"}],"wp:attachment":[{"href":"https:\/\/goias.gov.br\/cetran\/wp-json\/wp\/v2\/media?parent=875"}],"wp:term":[{"taxonomy":"category","embeddable":true,"href":"https:\/\/goias.gov.br\/cetran\/wp-json\/wp\/v2\/categories?post=875"},{"taxonomy":"post_tag","embeddable":true,"href":"https:\/\/goias.gov.br\/cetran\/wp-json\/wp\/v2\/tags?post=875"}],"curies":[{"name":"wp","href":"https:\/\/api.w.org\/{rel}","templated":true}]}}