
{"id":833,"date":"2007-02-05T14:05:00","date_gmt":"2007-02-05T16:05:00","guid":{"rendered":"https:\/\/siteshom.goias.gov.br\/cetran\/deliberacao\/"},"modified":"2025-10-16T14:52:16","modified_gmt":"2025-10-16T17:52:16","slug":"deliberacao","status":"publish","type":"post","link":"https:\/\/goias.gov.br\/cetran\/deliberacao\/","title":{"rendered":"Delibera\u00e7\u00f5es"},"content":{"rendered":"<p><em><strong>2002<\/strong><\/em><\/p>\n<ul>\n<li><a href=\"https:\/\/goias.gov.br\/cetran\/wp-content\/uploads\/sites\/17\/2007\/02\/arq_440_DeliberacaoAn001-02-f61.pdf\" target=\"_blank\" rel=\"noopener\">Delibera\u00e7\u00e3o n\u00ba.001 &#8211; Aprovar o conte\u00fado program\u00e1tico da campanha educativa de tr\u00e2nsito proposta pela Superintend\u00eancia Municipal de Tr\u00e2nsito de Goi\u00e2nia &#8211; GO, denominada &#8220;a faixa \u00e9 do pedestre. O cuidado \u00e9 de todos.&#8221;<\/a><\/li>\n<li><a href=\"https:\/\/goias.gov.br\/cetran\/wp-content\/uploads\/sites\/17\/2007\/02\/arq_154_DeliberacaoAn002-02-6bf.pdf\" target=\"_blank\" rel=\"noopener\">Delibera\u00e7\u00e3o n\u00ba.002 &#8211;\u00a0 Aprovar o conte\u00fado program\u00e1tico da campanha educativa de tr\u00e2nsito proposta pelo Conselho Municipal de Tr\u00e2nsito de An\u00e1polis-GO, denominada &#8220;Pipa Legal, Sem Cerol&#8221;.<\/a><\/li>\n<li><a href=\"https:\/\/goias.gov.br\/cetran\/wp-content\/uploads\/sites\/17\/2007\/02\/arq_575_DeliberacaoAn003-02-76d.pdf\" target=\"_blank\" rel=\"noopener\">Delibera\u00e7\u00e3o n\u00ba.003 &#8211; Aprovar o conte\u00fado program\u00e1tico da campanha educativa de tr\u00e2nsito proposta pelo Conselho Municipal de Tr\u00e2nsito de An\u00e1polis-GO, denominado &#8220;Boletim Educativo e Informativo do Tr\u00e2nsito&#8221;.\u00a0<\/a><\/li>\n<li><a href=\"https:\/\/goias.gov.br\/cetran\/wp-content\/uploads\/sites\/17\/2007\/02\/arq_420_DeliberacaoAn004-02-812.pdf\" target=\"_blank\" rel=\"noopener\">Delibera\u00e7\u00e3o n\u00ba.004 &#8211;\u00a0 Aprovar o conte\u00fado program\u00e1tico da campanha para &#8220;SEMANA NACIONAL DE TR\u00c2NSITO&#8221; proposta pelo Conselho Municipal de Tr\u00e2nsito de An\u00e1polis.\u00a0<\/a><\/li>\n<\/ul>\n<p><em><strong>2009<\/strong><\/em><\/p>\n<ul>\n<li><a href=\"https:\/\/goias.gov.br\/cetran\/wp-content\/uploads\/sites\/17\/2007\/02\/arq_173_deliberacaoAn001-09-4b5.pdf\" target=\"_blank\" rel=\"noopener\">Delibera\u00e7\u00e3o n\u00ba.001-Autua\u00e7\u00e3o de Infra\u00e7\u00e3o cometida pelo N\u00c3O uso do cinto de seguran\u00e7a no \u00e2mbito do Estado de Goi\u00e1s.<\/a><\/li>\n<li><a href=\"https:\/\/goias.gov.br\/cetran\/wp-content\/uploads\/sites\/17\/2007\/02\/arq_898_deliberacaoAn002-009-397.pdf\" target=\"_blank\" rel=\"noopener\">Delibera\u00e7\u00e3o n\u00ba.002- Credenciamento de CRT junto ao DETRAN\/GO para realiza\u00e7\u00e3o de cursos de Instrutor de Tr\u00e2nsito.\u00a0<\/a><\/li>\n<\/ul>\n<p><em><strong>2010<\/strong><\/em><\/p>\n<ul>\n<li><a href=\"https:\/\/goias.gov.br\/cetran\/wp-content\/uploads\/sites\/17\/2007\/02\/arq_166_DeliberacaoA003-10A-AcolocarAnoAsite-295.pdf\" target=\"_blank\" rel=\"noopener\">Delibera\u00e7\u00e3o n\u00ba 003- Viaturas da PMGO em atividade preventiva nos sistemas vi\u00e1rios circunscritos no Estado de Goi\u00e1s.<\/a><\/li>\n<li><a href=\"https:\/\/goias.gov.br\/cetran\/wp-content\/uploads\/sites\/17\/2007\/02\/arq_574_DeliberacaoA04A-AEtilometro-c1c.pdf\" target=\"_blank\" rel=\"noopener\">Delibera\u00e7\u00e3o n\u00ba 004- Margem de erro e toler\u00e2ncia na aplica\u00e7\u00e3o do teste de embriaguez por meio de etil\u00f4metro (baf\u00f4metro).<\/a><\/li>\n<\/ul>\n<div><strong>2013<\/strong><\/div>\n<div>\n<ul>\n<li><a href=\"https:\/\/goias.gov.br\/cetran\/wp-content\/uploads\/sites\/17\/2025\/05\/deliberacao-n01-de-2013_.doc\" target=\"_blank\" rel=\"noopener\">Delibera\u00e7\u00e3o n\u00ba 001<\/a><\/li>\n<\/ul>\n<\/div>\n<div><strong>2016<\/strong><\/div>\n<div>\n<ul>\n<li><a href=\"https:\/\/goias.gov.br\/cetran\/wp-content\/uploads\/sites\/17\/2025\/05\/deliberacao-001-2016.pdf\" target=\"_blank\" rel=\"noopener\">Delibera\u00e7\u00e3o n\u00ba 001 &#8211; Orienta\u00e7\u00e3o quanto ao correto preenchimento do auto de infra\u00e7\u00e3o nos casos de fiscaliza\u00e7\u00e3o de embriaguez ao volante.<\/a><\/li>\n<\/ul>\n<div><strong>2021<\/strong><\/div>\n<div>\n<ul>\n<li><a id=\"\" title=\"\" href=\"https:\/\/goias.gov.br\/cetran\/wp-content\/uploads\/sites\/17\/2007\/02\/DELIBERACAO_N001_sem_imagens-8b2.pdf\" target=\"_blank\" rel=\"noopener\">Delibera\u00e7\u00e3o n\u00ba 001 &#8211;\u00a0 A numera\u00e7\u00e3o de folhas nos processos administrativos com tr\u00e2mite f\u00edsico para julgamento de autua\u00e7\u00f5es e penalidades impostas por infra\u00e7\u00f5es de tr\u00e2nsito no \u00e2mbito do Estado de Goi\u00e1s.<\/a><\/li>\n<li><a href=\"https:\/\/goias.gov.br\/cetran\/wp-content\/uploads\/sites\/17\/2025\/05\/deliberacao-02-de-2021.pdf\" target=\"_blank\" rel=\"noopener\">Delibera\u00e7\u00e3o n\u00ba 002 &#8211;\u00a0 Disp\u00f5e sobre a possibilidade de cadastro dos ve\u00edculos utilizados pelo Chefe do Poder Executivo Municipal e autoridades ligadas ao mesmo, como ve\u00edculos de emerg\u00eancia junto a Secretaria Municipal de Mobilidade de Goi\u00e2nia\/GO.<\/a><\/li>\n<\/ul>\n<p><strong>2024<\/strong><\/p>\n<ul>\n<li><a href=\"https:\/\/acrobat.adobe.com\/id\/urn:aaid:sc:VA6C2:d5705de0-1d07-4877-84bb-f89c771ceb96\">MANIFESTA\u00c7\u00c3O N\u00ba 20\/2024\/CETRAN\/CONSELHEIROS &#8211; Emplacamento de ciclomotores a ser realizado pelo DETRAN\/GO.\u00a0<\/a><\/li>\n<\/ul>\n<p><strong>2025\u00a0<\/strong><\/p>\n<ul>\n<li><a href=\"https:\/\/acrobat.adobe.com\/id\/urn:aaid:sc:va6c2:45f5508e-8047-46a2-a5dd-a5ffbebb53f7\"> MANIFESTA\u00c7\u00c3O N\u00ba 23\/2025\/CETRAN\/CONSELHEIROS &#8211; quanto \u00e0 obrigatoriedade ou n\u00e3o da devolu\u00e7\u00e3o f\u00edsica das notifica\u00e7\u00f5es de autua\u00e7\u00e3o e penalidade decorrentes dos autos de infra\u00e7\u00e3o de tr\u00e2nsito, expedidas por meio de e-carta simples.\u00a0<\/a><\/li>\n<\/ul>\n<\/div>\n<\/div>\n\n\n<p><\/p>\n","protected":false},"excerpt":{"rendered":"<p>2002 Delibera\u00e7\u00e3o n\u00ba.001 &#8211; Aprovar o conte\u00fado program\u00e1tico da campanha educativa de tr\u00e2nsito proposta pela Superintend\u00eancia Municipal de Tr\u00e2nsito de Goi\u00e2nia &#8211; GO, denominada &#8220;a faixa \u00e9 do pedestre. O cuidado \u00e9 de todos.&#8221; Delibera\u00e7\u00e3o n\u00ba.002 &#8211;\u00a0 Aprovar o conte\u00fado program\u00e1tico da campanha educativa de tr\u00e2nsito proposta pelo Conselho Municipal de Tr\u00e2nsito de An\u00e1polis-GO, denominada [&hellip;]<\/p>\n","protected":false},"author":7,"featured_media":0,"comment_status":"closed","ping_status":"open","sticky":false,"template":"","format":"standard","meta":{"footnotes":""},"categories":[50],"tags":[],"class_list":["post-833","post","type-post","status-publish","format-standard","hentry","category-deliberacoes-2138668519"],"rttpg_featured_image_url":null,"rttpg_author":{"display_name":"gustavogoncalves","author_link":"https:\/\/goias.gov.br\/cetran\/author\/gustavogoncalves\/"},"rttpg_comment":0,"rttpg_category":"<a href=\"https:\/\/goias.gov.br\/cetran\/categoria\/cetran\/deliberacoes-2138668519\/\" rel=\"category tag\">Delibera\u00e7\u00f5es<\/a>","rttpg_excerpt":"2002 Delibera\u00e7\u00e3o n\u00ba.001 &#8211; Aprovar o conte\u00fado program\u00e1tico da campanha educativa de tr\u00e2nsito proposta pela Superintend\u00eancia Municipal de Tr\u00e2nsito de Goi\u00e2nia &#8211; GO, denominada &#8220;a faixa \u00e9 do pedestre. O cuidado \u00e9 de todos.&#8221; Delibera\u00e7\u00e3o n\u00ba.002 &#8211;\u00a0 Aprovar o conte\u00fado program\u00e1tico da campanha educativa de tr\u00e2nsito proposta pelo Conselho Municipal de Tr\u00e2nsito de An\u00e1polis-GO, denominada&hellip;","_links":{"self":[{"href":"https:\/\/goias.gov.br\/cetran\/wp-json\/wp\/v2\/posts\/833","targetHints":{"allow":["GET"]}}],"collection":[{"href":"https:\/\/goias.gov.br\/cetran\/wp-json\/wp\/v2\/posts"}],"about":[{"href":"https:\/\/goias.gov.br\/cetran\/wp-json\/wp\/v2\/types\/post"}],"author":[{"embeddable":true,"href":"https:\/\/goias.gov.br\/cetran\/wp-json\/wp\/v2\/users\/7"}],"replies":[{"embeddable":true,"href":"https:\/\/goias.gov.br\/cetran\/wp-json\/wp\/v2\/comments?post=833"}],"version-history":[{"count":2,"href":"https:\/\/goias.gov.br\/cetran\/wp-json\/wp\/v2\/posts\/833\/revisions"}],"predecessor-version":[{"id":3803,"href":"https:\/\/goias.gov.br\/cetran\/wp-json\/wp\/v2\/posts\/833\/revisions\/3803"}],"wp:attachment":[{"href":"https:\/\/goias.gov.br\/cetran\/wp-json\/wp\/v2\/media?parent=833"}],"wp:term":[{"taxonomy":"category","embeddable":true,"href":"https:\/\/goias.gov.br\/cetran\/wp-json\/wp\/v2\/categories?post=833"},{"taxonomy":"post_tag","embeddable":true,"href":"https:\/\/goias.gov.br\/cetran\/wp-json\/wp\/v2\/tags?post=833"}],"curies":[{"name":"wp","href":"https:\/\/api.w.org\/{rel}","templated":true}]}}