
{"id":4044,"date":"2026-04-09T15:32:49","date_gmt":"2026-04-09T18:32:49","guid":{"rendered":"https:\/\/goias.gov.br\/cetran\/?p=4044"},"modified":"2026-04-09T15:32:49","modified_gmt":"2026-04-09T18:32:49","slug":"forum-estadual-de-mobilidade-e-seguranca-viaria","status":"publish","type":"post","link":"https:\/\/goias.gov.br\/cetran\/forum-estadual-de-mobilidade-e-seguranca-viaria\/","title":{"rendered":"F\u00f3rum Estadual de Mobilidade e Seguran\u00e7a Vi\u00e1ria."},"content":{"rendered":"\n<p>&nbsp;Campo Grande foi palco do F\u00f3rum Estadual de Mobilidade e Seguran\u00e7a Vi\u00e1ria, reunindo especialistas e autoridades para debater o futuro do tr\u00e2nsito no Brasil.<\/p>\n\n\n\n<p>A convite da presidente do CETRAN-MS e do FOCOTRAN, Regina Duarte, a presidente do CETRAN-GO, Dra. Nayara Coimbra, participou do evento com duas importantes contribui\u00e7\u00f5es t\u00e9cnicas.<\/p>\n\n\n\n<p>No painel sobre a Res. CONTRAN 1020\/25, destacou os desafios de uniformiza\u00e7\u00e3o e aplica\u00e7\u00e3o da norma pelos CETRANs, refor\u00e7ando o papel dos Conselhos na efetividade das pol\u00edticas p\u00fablicas de tr\u00e2nsito.<\/p>\n\n\n\n<p>Tamb\u00e9m integrou painel sobre projetos internacionais desenvolvidos em parceria com a FIA\/UNITAR\/AAB\/FAB apresentando as iniciativas conduzidas em Goi\u00e1s voltadas \u00e0 mobilidade segura, inova\u00e7\u00e3o e mudan\u00e7a de comportamento no tr\u00e2nsito.<\/p>\n\n\n\n<p> Um encontro que fortalece o di\u00e1logo institucional, a coopera\u00e7\u00e3o entre estados e o compromisso com a seguran\u00e7a vi\u00e1ria.<\/p>\n\n\n<div class=\"wp-block-image\">\n<figure class=\"aligncenter size-large is-resized\"><img fetchpriority=\"high\" decoding=\"async\" width=\"599\" height=\"1024\" src=\"https:\/\/goias.gov.br\/cetran\/wp-content\/uploads\/sites\/17\/2026\/04\/WhatsApp-Image-2026-04-09-at-15.31.09-1-599x1024.jpeg\" alt=\"\" class=\"wp-image-4046\" style=\"aspect-ratio:0.5850027748457512;width:525px;height:auto\" srcset=\"https:\/\/goias.gov.br\/cetran\/wp-content\/uploads\/sites\/17\/2026\/04\/WhatsApp-Image-2026-04-09-at-15.31.09-1-599x1024.jpeg 599w, https:\/\/goias.gov.br\/cetran\/wp-content\/uploads\/sites\/17\/2026\/04\/WhatsApp-Image-2026-04-09-at-15.31.09-1-176x300.jpeg 176w, https:\/\/goias.gov.br\/cetran\/wp-content\/uploads\/sites\/17\/2026\/04\/WhatsApp-Image-2026-04-09-at-15.31.09-1-768x1313.jpeg 768w, https:\/\/goias.gov.br\/cetran\/wp-content\/uploads\/sites\/17\/2026\/04\/WhatsApp-Image-2026-04-09-at-15.31.09-1-899x1536.jpeg 899w, https:\/\/goias.gov.br\/cetran\/wp-content\/uploads\/sites\/17\/2026\/04\/WhatsApp-Image-2026-04-09-at-15.31.09-1.jpeg 936w\" sizes=\"(max-width: 599px) 100vw, 599px\" \/><\/figure>\n<\/div>","protected":false},"excerpt":{"rendered":"<p>&nbsp;Campo Grande foi palco do F\u00f3rum Estadual de Mobilidade e Seguran\u00e7a Vi\u00e1ria, reunindo especialistas e autoridades para debater o futuro do tr\u00e2nsito no Brasil. A convite da presidente do CETRAN-MS e do FOCOTRAN, Regina Duarte, a presidente do CETRAN-GO, Dra. Nayara Coimbra, participou do evento com duas importantes contribui\u00e7\u00f5es t\u00e9cnicas. No painel sobre a Res. [&hellip;]<\/p>\n","protected":false},"author":768,"featured_media":0,"comment_status":"closed","ping_status":"open","sticky":false,"template":"","format":"standard","meta":{"footnotes":""},"categories":[48],"tags":[94,119,136,122],"class_list":["post-4044","post","type-post","status-publish","format-standard","hentry","category-noticias","tag-informacao","tag-mobilidade","tag-seguranca-viaria","tag-transito-seguro"],"rttpg_featured_image_url":null,"rttpg_author":{"display_name":"ludymillasilva","author_link":"https:\/\/goias.gov.br\/cetran\/author\/ludymillasilva\/"},"rttpg_comment":0,"rttpg_category":"<a href=\"https:\/\/goias.gov.br\/cetran\/categoria\/noticias\/\" rel=\"category tag\">Noticias<\/a>","rttpg_excerpt":"&nbsp;Campo Grande foi palco do F\u00f3rum Estadual de Mobilidade e Seguran\u00e7a Vi\u00e1ria, reunindo especialistas e autoridades para debater o futuro do tr\u00e2nsito no Brasil. A convite da presidente do CETRAN-MS e do FOCOTRAN, Regina Duarte, a presidente do CETRAN-GO, Dra. Nayara Coimbra, participou do evento com duas importantes contribui\u00e7\u00f5es t\u00e9cnicas. No painel sobre a Res.&hellip;","_links":{"self":[{"href":"https:\/\/goias.gov.br\/cetran\/wp-json\/wp\/v2\/posts\/4044","targetHints":{"allow":["GET"]}}],"collection":[{"href":"https:\/\/goias.gov.br\/cetran\/wp-json\/wp\/v2\/posts"}],"about":[{"href":"https:\/\/goias.gov.br\/cetran\/wp-json\/wp\/v2\/types\/post"}],"author":[{"embeddable":true,"href":"https:\/\/goias.gov.br\/cetran\/wp-json\/wp\/v2\/users\/768"}],"replies":[{"embeddable":true,"href":"https:\/\/goias.gov.br\/cetran\/wp-json\/wp\/v2\/comments?post=4044"}],"version-history":[{"count":1,"href":"https:\/\/goias.gov.br\/cetran\/wp-json\/wp\/v2\/posts\/4044\/revisions"}],"predecessor-version":[{"id":4047,"href":"https:\/\/goias.gov.br\/cetran\/wp-json\/wp\/v2\/posts\/4044\/revisions\/4047"}],"wp:attachment":[{"href":"https:\/\/goias.gov.br\/cetran\/wp-json\/wp\/v2\/media?parent=4044"}],"wp:term":[{"taxonomy":"category","embeddable":true,"href":"https:\/\/goias.gov.br\/cetran\/wp-json\/wp\/v2\/categories?post=4044"},{"taxonomy":"post_tag","embeddable":true,"href":"https:\/\/goias.gov.br\/cetran\/wp-json\/wp\/v2\/tags?post=4044"}],"curies":[{"name":"wp","href":"https:\/\/api.w.org\/{rel}","templated":true}]}}