
{"id":4007,"date":"2026-04-09T15:12:00","date_gmt":"2026-04-09T18:12:00","guid":{"rendered":"https:\/\/goias.gov.br\/cetran\/?p=4007"},"modified":"2026-04-09T15:12:56","modified_gmt":"2026-04-09T18:12:56","slug":"visita-ao-municipio-de-amaralina","status":"publish","type":"post","link":"https:\/\/goias.gov.br\/cetran\/visita-ao-municipio-de-amaralina\/","title":{"rendered":"Visita ao Munic\u00edpio de AMARALINA-GO."},"content":{"rendered":"\n<p>O Conselho Estadual de Tr\u00e2nsito de Goi\u00e1s (CETRAN\/GO) realizou o deslocamento oficial ao munic\u00edpio de AMARALINA, com a participa\u00e7\u00e3o dos servidores Fausto J\u00fanior e Paulo S\u00e9rgio, do CETRAN\/GO.<\/p>\n\n\n\n<p>Na ocasi\u00e3o, a equipe foi recebida pelo Secret\u00e1rio Municipal de Administra\u00e7\u00e3o, Weliton Ferraz de Magalh\u00e3es, em agenda institucional voltada ao fortalecimento da gest\u00e3o do tr\u00e2nsito no munic\u00edpio.<\/p>\n\n\n\n<p>A visita teve como objetivo principal debater e alinhar a\u00e7\u00f5es relacionadas ao processo de municipaliza\u00e7\u00e3o do tr\u00e2nsito, bem como fortalecer a integra\u00e7\u00e3o ao Sistema Nacional de Tr\u00e2nsito (SNT), com destaque para a implementa\u00e7\u00e3o do Programa Vida no Tr\u00e2nsito (PVT).<\/p>\n\n\n\n<p>A agenda buscou promover o fortalecimento das pol\u00edticas p\u00fablicas de seguran\u00e7a vi\u00e1ria, a preven\u00e7\u00e3o de acidentes e a integra\u00e7\u00e3o entre os entes federativos, com foco na ado\u00e7\u00e3o de medidas que assegurem uma gest\u00e3o eficiente do tr\u00e2nsito municipal e o cumprimento da legisla\u00e7\u00e3o vigente.<\/p>\n\n\n<div class=\"wp-block-image\">\n<figure class=\"aligncenter size-full is-resized\"><img fetchpriority=\"high\" decoding=\"async\" width=\"596\" height=\"863\" src=\"https:\/\/goias.gov.br\/cetran\/wp-content\/uploads\/sites\/17\/2026\/04\/image-11.jpg\" alt=\"\" class=\"wp-image-4009\" style=\"aspect-ratio:0.6906254192781707;width:589px;height:auto\" srcset=\"https:\/\/goias.gov.br\/cetran\/wp-content\/uploads\/sites\/17\/2026\/04\/image-11.jpg 596w, https:\/\/goias.gov.br\/cetran\/wp-content\/uploads\/sites\/17\/2026\/04\/image-11-207x300.jpg 207w\" sizes=\"(max-width: 596px) 100vw, 596px\" \/><\/figure>\n<\/div>","protected":false},"excerpt":{"rendered":"<p>O Conselho Estadual de Tr\u00e2nsito de Goi\u00e1s (CETRAN\/GO) realizou o deslocamento oficial ao munic\u00edpio de AMARALINA, com a participa\u00e7\u00e3o dos servidores Fausto J\u00fanior e Paulo S\u00e9rgio, do CETRAN\/GO. Na ocasi\u00e3o, a equipe foi recebida pelo Secret\u00e1rio Municipal de Administra\u00e7\u00e3o, Weliton Ferraz de Magalh\u00e3es, em agenda institucional voltada ao fortalecimento da gest\u00e3o do tr\u00e2nsito no munic\u00edpio. [&hellip;]<\/p>\n","protected":false},"author":768,"featured_media":0,"comment_status":"closed","ping_status":"open","sticky":false,"template":"","format":"standard","meta":{"footnotes":""},"categories":[48],"tags":[94,119,128],"class_list":["post-4007","post","type-post","status-publish","format-standard","hentry","category-noticias","tag-informacao","tag-mobilidade","tag-municipalizacao"],"rttpg_featured_image_url":null,"rttpg_author":{"display_name":"ludymillasilva","author_link":"https:\/\/goias.gov.br\/cetran\/author\/ludymillasilva\/"},"rttpg_comment":0,"rttpg_category":"<a href=\"https:\/\/goias.gov.br\/cetran\/categoria\/noticias\/\" rel=\"category tag\">Noticias<\/a>","rttpg_excerpt":"O Conselho Estadual de Tr\u00e2nsito de Goi\u00e1s (CETRAN\/GO) realizou o deslocamento oficial ao munic\u00edpio de AMARALINA, com a participa\u00e7\u00e3o dos servidores Fausto J\u00fanior e Paulo S\u00e9rgio, do CETRAN\/GO. Na ocasi\u00e3o, a equipe foi recebida pelo Secret\u00e1rio Municipal de Administra\u00e7\u00e3o, Weliton Ferraz de Magalh\u00e3es, em agenda institucional voltada ao fortalecimento da gest\u00e3o do tr\u00e2nsito no munic\u00edpio.&hellip;","_links":{"self":[{"href":"https:\/\/goias.gov.br\/cetran\/wp-json\/wp\/v2\/posts\/4007","targetHints":{"allow":["GET"]}}],"collection":[{"href":"https:\/\/goias.gov.br\/cetran\/wp-json\/wp\/v2\/posts"}],"about":[{"href":"https:\/\/goias.gov.br\/cetran\/wp-json\/wp\/v2\/types\/post"}],"author":[{"embeddable":true,"href":"https:\/\/goias.gov.br\/cetran\/wp-json\/wp\/v2\/users\/768"}],"replies":[{"embeddable":true,"href":"https:\/\/goias.gov.br\/cetran\/wp-json\/wp\/v2\/comments?post=4007"}],"version-history":[{"count":2,"href":"https:\/\/goias.gov.br\/cetran\/wp-json\/wp\/v2\/posts\/4007\/revisions"}],"predecessor-version":[{"id":4012,"href":"https:\/\/goias.gov.br\/cetran\/wp-json\/wp\/v2\/posts\/4007\/revisions\/4012"}],"wp:attachment":[{"href":"https:\/\/goias.gov.br\/cetran\/wp-json\/wp\/v2\/media?parent=4007"}],"wp:term":[{"taxonomy":"category","embeddable":true,"href":"https:\/\/goias.gov.br\/cetran\/wp-json\/wp\/v2\/categories?post=4007"},{"taxonomy":"post_tag","embeddable":true,"href":"https:\/\/goias.gov.br\/cetran\/wp-json\/wp\/v2\/tags?post=4007"}],"curies":[{"name":"wp","href":"https:\/\/api.w.org\/{rel}","templated":true}]}}