
{"id":3983,"date":"2026-04-09T14:47:49","date_gmt":"2026-04-09T17:47:49","guid":{"rendered":"https:\/\/goias.gov.br\/cetran\/?p=3983"},"modified":"2026-04-09T14:53:38","modified_gmt":"2026-04-09T17:53:38","slug":"programa-vida-no-transito-pvt-2","status":"publish","type":"post","link":"https:\/\/goias.gov.br\/cetran\/programa-vida-no-transito-pvt-2\/","title":{"rendered":"Reuni\u00e3o institucional."},"content":{"rendered":"\n<p>Na sede do Conselho Estadual de Tr\u00e2nsito, foi realizada reuni\u00e3o institucional com os servidores Paulo S\u00e9rgio e Fausto Jr., ocasi\u00e3o em que receberam o Diretor-Geral da AMTTM de Alex\u00e2nia, Tenente Pereira, acompanhado do Assessor T\u00e9cnico, Senhor Guilherme Garcia.<\/p>\n\n\n\n<p>Durante o encontro, foram discutidos diversos assuntos, com foco na busca por melhorias na mobilidade urbana e na amplia\u00e7\u00e3o da acessibilidade para os cidad\u00e3os, reafirmando o compromisso das institui\u00e7\u00f5es com o fortalecimento das pol\u00edticas p\u00fablicas de tr\u00e2nsito.<\/p>\n\n\n<div class=\"wp-block-image\">\n<figure class=\"aligncenter size-full is-resized\"><img fetchpriority=\"high\" decoding=\"async\" width=\"675\" height=\"857\" src=\"https:\/\/goias.gov.br\/cetran\/wp-content\/uploads\/sites\/17\/2026\/04\/image-6.jpg\" alt=\"\" class=\"wp-image-3991\" style=\"width:544px;height:auto\" srcset=\"https:\/\/goias.gov.br\/cetran\/wp-content\/uploads\/sites\/17\/2026\/04\/image-6.jpg 675w, https:\/\/goias.gov.br\/cetran\/wp-content\/uploads\/sites\/17\/2026\/04\/image-6-236x300.jpg 236w\" sizes=\"(max-width: 675px) 100vw, 675px\" \/><\/figure>\n<\/div>","protected":false},"excerpt":{"rendered":"<p>Na sede do Conselho Estadual de Tr\u00e2nsito, foi realizada reuni\u00e3o institucional com os servidores Paulo S\u00e9rgio e Fausto Jr., ocasi\u00e3o em que receberam o Diretor-Geral da AMTTM de Alex\u00e2nia, Tenente Pereira, acompanhado do Assessor T\u00e9cnico, Senhor Guilherme Garcia. Durante o encontro, foram discutidos diversos assuntos, com foco na busca por melhorias na mobilidade urbana e [&hellip;]<\/p>\n","protected":false},"author":768,"featured_media":0,"comment_status":"closed","ping_status":"open","sticky":false,"template":"","format":"standard","meta":{"footnotes":""},"categories":[48],"tags":[94],"class_list":["post-3983","post","type-post","status-publish","format-standard","hentry","category-noticias","tag-informacao"],"rttpg_featured_image_url":null,"rttpg_author":{"display_name":"ludymillasilva","author_link":"https:\/\/goias.gov.br\/cetran\/author\/ludymillasilva\/"},"rttpg_comment":0,"rttpg_category":"<a href=\"https:\/\/goias.gov.br\/cetran\/categoria\/noticias\/\" rel=\"category tag\">Noticias<\/a>","rttpg_excerpt":"Na sede do Conselho Estadual de Tr\u00e2nsito, foi realizada reuni\u00e3o institucional com os servidores Paulo S\u00e9rgio e Fausto Jr., ocasi\u00e3o em que receberam o Diretor-Geral da AMTTM de Alex\u00e2nia, Tenente Pereira, acompanhado do Assessor T\u00e9cnico, Senhor Guilherme Garcia. Durante o encontro, foram discutidos diversos assuntos, com foco na busca por melhorias na mobilidade urbana e&hellip;","_links":{"self":[{"href":"https:\/\/goias.gov.br\/cetran\/wp-json\/wp\/v2\/posts\/3983","targetHints":{"allow":["GET"]}}],"collection":[{"href":"https:\/\/goias.gov.br\/cetran\/wp-json\/wp\/v2\/posts"}],"about":[{"href":"https:\/\/goias.gov.br\/cetran\/wp-json\/wp\/v2\/types\/post"}],"author":[{"embeddable":true,"href":"https:\/\/goias.gov.br\/cetran\/wp-json\/wp\/v2\/users\/768"}],"replies":[{"embeddable":true,"href":"https:\/\/goias.gov.br\/cetran\/wp-json\/wp\/v2\/comments?post=3983"}],"version-history":[{"count":2,"href":"https:\/\/goias.gov.br\/cetran\/wp-json\/wp\/v2\/posts\/3983\/revisions"}],"predecessor-version":[{"id":3992,"href":"https:\/\/goias.gov.br\/cetran\/wp-json\/wp\/v2\/posts\/3983\/revisions\/3992"}],"wp:attachment":[{"href":"https:\/\/goias.gov.br\/cetran\/wp-json\/wp\/v2\/media?parent=3983"}],"wp:term":[{"taxonomy":"category","embeddable":true,"href":"https:\/\/goias.gov.br\/cetran\/wp-json\/wp\/v2\/categories?post=3983"},{"taxonomy":"post_tag","embeddable":true,"href":"https:\/\/goias.gov.br\/cetran\/wp-json\/wp\/v2\/tags?post=3983"}],"curies":[{"name":"wp","href":"https:\/\/api.w.org\/{rel}","templated":true}]}}