
{"id":3970,"date":"2026-02-02T16:14:46","date_gmt":"2026-02-02T19:14:46","guid":{"rendered":"https:\/\/goias.gov.br\/cetran\/?p=3970"},"modified":"2026-02-02T16:14:46","modified_gmt":"2026-02-02T19:14:46","slug":"visita-tecnica-na-cidade-de-goias","status":"publish","type":"post","link":"https:\/\/goias.gov.br\/cetran\/visita-tecnica-na-cidade-de-goias\/","title":{"rendered":"Visita t\u00e9cnica na Cidade de Goi\u00e1s,"},"content":{"rendered":"\n<p>Foi realizada visita t\u00e9cnica na Cidade de Goi\u00e1s, reunindo autoridades e representantes de diferentes \u00e1reas, com o objetivo de fortalecer o di\u00e1logo institucional e alinhar a\u00e7\u00f5es estrat\u00e9gicas voltadas \u00e0 gest\u00e3o do tr\u00e2nsito e \u00e0 promo\u00e7\u00e3o da seguran\u00e7a vi\u00e1ria.<\/p>\n\n\n\n<p>Estiveram presentes Nayara Coimbra, Presidente; Aderson Liberato Gouvea, Prefeita da Cidade de Goi\u00e1s; Bruno F. C., Secret\u00e1rio; Manoela Pereira Costa, Ponto Focal do Programa Vida no Tr\u00e2nsito (PVT) \u2013 Coordena\u00e7\u00e3o de Vigil\u00e2ncia de Viol\u00eancias e Acidentes (VIVA); M\u00e1rcio F. Leite, da Pol\u00edcia Militar de Goi\u00e1s \u2013 CMT do 1\u00ba BPM; Elisson Rodrigues, Diretor de Urg\u00eancias e Emerg\u00eancia \u2013 RRV; Jos\u00e9 Carlos, Diretor Cl\u00ednico do SAMU; Larissa Lac\u00e9, da Diretoria de Programas de Educa\u00e7\u00e3o no Tr\u00e2nsito; Fabricio Maciel, Secret\u00e1rio de Tr\u00e2nsito; e Jos\u00e9 do Carmo, Assessor Jur\u00eddico.<\/p>\n\n\n\n<p>Na ocasi\u00e3o, foram discutidas pautas relacionadas ao processo de municipaliza\u00e7\u00e3o do tr\u00e2nsito e ao Programa Vida no Tr\u00e2nsito (PVT), destacando a import\u00e2ncia da atua\u00e7\u00e3o integrada entre os \u00f3rg\u00e3os envolvidos, bem como do planejamento de a\u00e7\u00f5es voltadas \u00e0 preven\u00e7\u00e3o de acidentes e \u00e0 preserva\u00e7\u00e3o de vidas.<\/p>\n\n\n\n<p>A visita t\u00e9cnica refor\u00e7ou o compromisso institucional com o fortalecimento das pol\u00edticas p\u00fablicas e com a melhoria cont\u00ednua da seguran\u00e7a vi\u00e1ria no munic\u00edpio.<\/p>\n\n\n<div class=\"wp-block-image\">\n<figure class=\"aligncenter size-full is-resized\"><img fetchpriority=\"high\" decoding=\"async\" width=\"593\" height=\"804\" src=\"https:\/\/goias.gov.br\/cetran\/wp-content\/uploads\/sites\/17\/2026\/02\/image-8.jpg\" alt=\"\" class=\"wp-image-3971\" style=\"aspect-ratio:0.7375623145700042;width:651px;height:auto\" srcset=\"https:\/\/goias.gov.br\/cetran\/wp-content\/uploads\/sites\/17\/2026\/02\/image-8.jpg 593w, https:\/\/goias.gov.br\/cetran\/wp-content\/uploads\/sites\/17\/2026\/02\/image-8-221x300.jpg 221w\" sizes=\"(max-width: 593px) 100vw, 593px\" \/><\/figure>\n<\/div>","protected":false},"excerpt":{"rendered":"<p>Foi realizada visita t\u00e9cnica na Cidade de Goi\u00e1s, reunindo autoridades e representantes de diferentes \u00e1reas, com o objetivo de fortalecer o di\u00e1logo institucional e alinhar a\u00e7\u00f5es estrat\u00e9gicas voltadas \u00e0 gest\u00e3o do tr\u00e2nsito e \u00e0 promo\u00e7\u00e3o da seguran\u00e7a vi\u00e1ria. Estiveram presentes Nayara Coimbra, Presidente; Aderson Liberato Gouvea, Prefeita da Cidade de Goi\u00e1s; Bruno F. C., Secret\u00e1rio; [&hellip;]<\/p>\n","protected":false},"author":768,"featured_media":0,"comment_status":"closed","ping_status":"open","sticky":false,"template":"","format":"standard","meta":{"footnotes":""},"categories":[48],"tags":[122],"class_list":["post-3970","post","type-post","status-publish","format-standard","hentry","category-noticias","tag-transito-seguro"],"rttpg_featured_image_url":null,"rttpg_author":{"display_name":"ludymillasilva","author_link":"https:\/\/goias.gov.br\/cetran\/author\/ludymillasilva\/"},"rttpg_comment":0,"rttpg_category":"<a href=\"https:\/\/goias.gov.br\/cetran\/categoria\/noticias\/\" rel=\"category tag\">Noticias<\/a>","rttpg_excerpt":"Foi realizada visita t\u00e9cnica na Cidade de Goi\u00e1s, reunindo autoridades e representantes de diferentes \u00e1reas, com o objetivo de fortalecer o di\u00e1logo institucional e alinhar a\u00e7\u00f5es estrat\u00e9gicas voltadas \u00e0 gest\u00e3o do tr\u00e2nsito e \u00e0 promo\u00e7\u00e3o da seguran\u00e7a vi\u00e1ria. Estiveram presentes Nayara Coimbra, Presidente; Aderson Liberato Gouvea, Prefeita da Cidade de Goi\u00e1s; Bruno F. C., Secret\u00e1rio;&hellip;","_links":{"self":[{"href":"https:\/\/goias.gov.br\/cetran\/wp-json\/wp\/v2\/posts\/3970","targetHints":{"allow":["GET"]}}],"collection":[{"href":"https:\/\/goias.gov.br\/cetran\/wp-json\/wp\/v2\/posts"}],"about":[{"href":"https:\/\/goias.gov.br\/cetran\/wp-json\/wp\/v2\/types\/post"}],"author":[{"embeddable":true,"href":"https:\/\/goias.gov.br\/cetran\/wp-json\/wp\/v2\/users\/768"}],"replies":[{"embeddable":true,"href":"https:\/\/goias.gov.br\/cetran\/wp-json\/wp\/v2\/comments?post=3970"}],"version-history":[{"count":1,"href":"https:\/\/goias.gov.br\/cetran\/wp-json\/wp\/v2\/posts\/3970\/revisions"}],"predecessor-version":[{"id":3972,"href":"https:\/\/goias.gov.br\/cetran\/wp-json\/wp\/v2\/posts\/3970\/revisions\/3972"}],"wp:attachment":[{"href":"https:\/\/goias.gov.br\/cetran\/wp-json\/wp\/v2\/media?parent=3970"}],"wp:term":[{"taxonomy":"category","embeddable":true,"href":"https:\/\/goias.gov.br\/cetran\/wp-json\/wp\/v2\/categories?post=3970"},{"taxonomy":"post_tag","embeddable":true,"href":"https:\/\/goias.gov.br\/cetran\/wp-json\/wp\/v2\/tags?post=3970"}],"curies":[{"name":"wp","href":"https:\/\/api.w.org\/{rel}","templated":true}]}}