
{"id":3938,"date":"2026-02-02T09:23:17","date_gmt":"2026-02-02T12:23:17","guid":{"rendered":"https:\/\/goias.gov.br\/cetran\/?p=3938"},"modified":"2026-02-02T09:51:34","modified_gmt":"2026-02-02T12:51:34","slug":"noticias-4","status":"publish","type":"post","link":"https:\/\/goias.gov.br\/cetran\/noticias-4\/","title":{"rendered":"MEDIDA PROVIS\u00d3RIA N\u00ba 1.327, DE 9 DE DEZEMBRO DE 2025."},"content":{"rendered":"\n<p>Altera a Lei n\u00ba 9.503, de 23 de setembro de 1997 &#8211; C\u00f3digo de Tr\u00e2nsito Brasileiro.<\/p>\n\n\n\n<p><strong>O PRESIDENTE DA REP\u00daBLICA<\/strong>, no uso da atribui\u00e7\u00e3o que lhe confere o art. 62 da Constitui\u00e7\u00e3o, adota a seguinte Medida Provis\u00f3ria, com for\u00e7a de lei:<\/p>\n\n\n\n<p>\u00a0Art. 1\u00ba\u00a0A Lei n\u00ba 9.503, de 23 de setembro de 1997 &#8211; C\u00f3digo de Tr\u00e2nsito Brasileiro, passa a vigorar com as seguintes altera\u00e7\u00f5es:&#8221;Art. 147.\u00a0O candidato \u00e0 habilita\u00e7\u00e3o dever\u00e1 submeter-se, conforme norma do Contran, aos exames:<\/p>\n\n\n\n<p>I &#8211; de aptid\u00e3o f\u00edsica e mental e de avalia\u00e7\u00e3o psicol\u00f3gica;<br>&#8230;&#8230;&#8230;&#8230;&#8230;&#8230;&#8230;&#8230;&#8230;&#8230;&#8230;&#8230;&#8230;&#8230;&#8230;&#8230;&#8230;&#8230;&#8230;&#8230;&#8230;&#8230;&#8230;&#8230;&#8230;&#8230;&#8230;&#8230;&#8230;&#8230;&#8230;&#8230;&#8230;&#8230;&#8230;&#8230;&#8230;&#8230;&#8230;&#8230;&#8230;&#8230;&#8230;&#8230;&#8230;.<\/p>\n\n\n\n<p>\u00a7 1\u00ba-A. Os exames ser\u00e3o realizados:<\/p>\n\n\n\n<p>I &#8211; nas hip\u00f3teses do inciso I do&nbsp;<em>caput<\/em>&nbsp;&#8211; por, respectivamente, m\u00e9dicos e psic\u00f3logos peritos examinadores; e<\/p>\n\n\n\n<p>II &#8211; nas demais hip\u00f3teses do&nbsp;<em>caput<\/em>&nbsp;&#8211; pelo \u00f3rg\u00e3o executivo de tr\u00e2nsito.<\/p>\n\n\n\n<p>\u00a7 2\u00ba A Carteira Nacional de Habilita\u00e7\u00e3o e a Autoriza\u00e7\u00e3o para Conduzir Ciclomotor ter\u00e3o validade de:<\/p>\n\n\n\n<p>I &#8211; dez anos, para condutores com idade inferior a cinquenta anos;<\/p>\n\n\n\n<p>II &#8211; cinco anos, para condutores com idade igual ou superior a cinquenta anos e inferior a setenta anos; e<\/p>\n\n\n\n<p>III &#8211; tr\u00eas anos, para condutores com idade igual ou superior a setenta anos.<\/p>\n\n\n\n<p>\u00a7 3\u00ba Al\u00e9m dos candidatos \u00e0 primeira habilita\u00e7\u00e3o, a avalia\u00e7\u00e3o psicol\u00f3gica prevista no inciso I do\u00a0<em>caput<\/em>\u00a0ser\u00e1 exigida para o condutor que pretenda exercer atividade remunerada ao ve\u00edculo&#8230;  <\/p>\n\n\n<div class=\"wp-block-image\">\n<figure class=\"alignleft size-full is-resized\"><img fetchpriority=\"high\" decoding=\"async\" width=\"819\" height=\"830\" src=\"https:\/\/goias.gov.br\/cetran\/wp-content\/uploads\/sites\/17\/2026\/02\/image.jpg\" alt=\"\" class=\"wp-image-3939\" style=\"aspect-ratio:0.9867616566537296;width:713px;height:auto\" srcset=\"https:\/\/goias.gov.br\/cetran\/wp-content\/uploads\/sites\/17\/2026\/02\/image.jpg 819w, https:\/\/goias.gov.br\/cetran\/wp-content\/uploads\/sites\/17\/2026\/02\/image-296x300.jpg 296w, https:\/\/goias.gov.br\/cetran\/wp-content\/uploads\/sites\/17\/2026\/02\/image-768x778.jpg 768w\" sizes=\"(max-width: 819px) 100vw, 819px\" \/><\/figure>\n<\/div>","protected":false},"excerpt":{"rendered":"<p>Altera a Lei n\u00ba 9.503, de 23 de setembro de 1997 &#8211; C\u00f3digo de Tr\u00e2nsito Brasileiro. O PRESIDENTE DA REP\u00daBLICA, no uso da atribui\u00e7\u00e3o que lhe confere o art. 62 da Constitui\u00e7\u00e3o, adota a seguinte Medida Provis\u00f3ria, com for\u00e7a de lei: \u00a0Art. 1\u00ba\u00a0A Lei n\u00ba 9.503, de 23 de setembro de 1997 &#8211; C\u00f3digo de [&hellip;]<\/p>\n","protected":false},"author":768,"featured_media":0,"comment_status":"closed","ping_status":"open","sticky":false,"template":"","format":"standard","meta":{"footnotes":""},"categories":[48],"tags":[94],"class_list":["post-3938","post","type-post","status-publish","format-standard","hentry","category-noticias","tag-informacao"],"rttpg_featured_image_url":null,"rttpg_author":{"display_name":"ludymillasilva","author_link":"https:\/\/goias.gov.br\/cetran\/author\/ludymillasilva\/"},"rttpg_comment":0,"rttpg_category":"<a href=\"https:\/\/goias.gov.br\/cetran\/categoria\/noticias\/\" rel=\"category tag\">Noticias<\/a>","rttpg_excerpt":"Altera a Lei n\u00ba 9.503, de 23 de setembro de 1997 &#8211; C\u00f3digo de Tr\u00e2nsito Brasileiro. O PRESIDENTE DA REP\u00daBLICA, no uso da atribui\u00e7\u00e3o que lhe confere o art. 62 da Constitui\u00e7\u00e3o, adota a seguinte Medida Provis\u00f3ria, com for\u00e7a de lei: \u00a0Art. 1\u00ba\u00a0A Lei n\u00ba 9.503, de 23 de setembro de 1997 &#8211; C\u00f3digo de&hellip;","_links":{"self":[{"href":"https:\/\/goias.gov.br\/cetran\/wp-json\/wp\/v2\/posts\/3938","targetHints":{"allow":["GET"]}}],"collection":[{"href":"https:\/\/goias.gov.br\/cetran\/wp-json\/wp\/v2\/posts"}],"about":[{"href":"https:\/\/goias.gov.br\/cetran\/wp-json\/wp\/v2\/types\/post"}],"author":[{"embeddable":true,"href":"https:\/\/goias.gov.br\/cetran\/wp-json\/wp\/v2\/users\/768"}],"replies":[{"embeddable":true,"href":"https:\/\/goias.gov.br\/cetran\/wp-json\/wp\/v2\/comments?post=3938"}],"version-history":[{"count":2,"href":"https:\/\/goias.gov.br\/cetran\/wp-json\/wp\/v2\/posts\/3938\/revisions"}],"predecessor-version":[{"id":3952,"href":"https:\/\/goias.gov.br\/cetran\/wp-json\/wp\/v2\/posts\/3938\/revisions\/3952"}],"wp:attachment":[{"href":"https:\/\/goias.gov.br\/cetran\/wp-json\/wp\/v2\/media?parent=3938"}],"wp:term":[{"taxonomy":"category","embeddable":true,"href":"https:\/\/goias.gov.br\/cetran\/wp-json\/wp\/v2\/categories?post=3938"},{"taxonomy":"post_tag","embeddable":true,"href":"https:\/\/goias.gov.br\/cetran\/wp-json\/wp\/v2\/tags?post=3938"}],"curies":[{"name":"wp","href":"https:\/\/api.w.org\/{rel}","templated":true}]}}