
{"id":3799,"date":"2025-10-16T14:39:21","date_gmt":"2025-10-16T17:39:21","guid":{"rendered":"https:\/\/goias.gov.br\/cetran\/?p=3799"},"modified":"2025-10-16T14:39:21","modified_gmt":"2025-10-16T17:39:21","slug":"aula-inaugural-do-1o-captran-da-pmgo-e-palestra-com-dr-julyver-modesto","status":"publish","type":"post","link":"https:\/\/goias.gov.br\/cetran\/aula-inaugural-do-1o-captran-da-pmgo-e-palestra-com-dr-julyver-modesto\/","title":{"rendered":"Aula Inaugural do 1\u00ba CAPTRAN da PMGO e Palestra com Dr. Julyver Modesto."},"content":{"rendered":"\n<p>Foram dois grandes momentos voltados ao fortalecimento da pol\u00edtica de tr\u00e2nsito em Goi\u00e1s.<\/p>\n\n\n\n<p>Pela manh\u00e3, realizou-se a Aula Inaugural do 1\u00ba Curso de Aprimoramento de Preven\u00e7\u00e3o e Fiscaliza\u00e7\u00e3o de Tr\u00e2nsito (CAPTRAN), promovido pela Pol\u00edcia Militar do Estado de Goi\u00e1s, no audit\u00f3rio do DETRAN-GO.<br>O evento contou com a presen\u00e7a do Comandante-Geral da PMGO, Coronel Marcelo Granja, do Subcomandante do Policiamento da Capital, Comandante do Batalh\u00e3o de Tr\u00e2nsito, Tenente-Coronel Thiago Loretto Salum, Gerente de Fiscaliza\u00e7\u00e3o, Cel Junior, Comandante da 2 CRPM, Cel Lucas, e do Presidente do DETRAN-GO, Delegado Waldir Soares.<\/p>\n\n\n\n<p>No per\u00edodo da tarde, o destaque foi a palestra ministrada pelo Dr. Julyver Modesto de Ara\u00fajo, doutorando em Direito, Major da Reserva da PM de S\u00e3o Paulo, Conselheiro do CETRAN-SP e autor de 31 obras sobre legisla\u00e7\u00e3o de tr\u00e2nsito.<\/p>\n\n\n\n<p>A palestra, aberta ao p\u00fablico, abordou as atualiza\u00e7\u00f5es do C\u00f3digo de Tr\u00e2nsito Brasileiro, as infra\u00e7\u00f5es relacionadas ao artigo 277 (\u00e1lcool e subst\u00e2ncias psicoativas) e a integra\u00e7\u00e3o dos munic\u00edpios ao Sistema Nacional de Tr\u00e2nsito.<\/p>\n\n\n\n<p>O Conselho Estadual de Tr\u00e2nsito de Goi\u00e1s (CETRAN-GO), representado pela Presidente, Nayara Coimbra e Conselheiros, Guilherme Soares, Maria Rafaela, Cl\u00e1udia, Cleber e idelton Jr, todos participaram das atividades, reafirmando seu compromisso com a forma\u00e7\u00e3o, o aprimoramento t\u00e9cnico e a integra\u00e7\u00e3o dos \u00f3rg\u00e3os que comp\u00f5em o Sistema Nacional de Tr\u00e2nsito em Goi\u00e1s.<\/p>\n\n\n\n<p> Juntos por um tr\u00e2nsito mais seguro, humano e integrado.<\/p>\n\n\n<div class=\"wp-block-image\">\n<figure class=\"aligncenter size-full is-resized\"><img fetchpriority=\"high\" decoding=\"async\" width=\"190\" height=\"264\" src=\"https:\/\/goias.gov.br\/cetran\/wp-content\/uploads\/sites\/17\/2025\/10\/WhatsApp-Image-2025-10-16-at-14.37.26.jpeg\" alt=\"\" class=\"wp-image-3800\" style=\"width:380px;height:auto\" \/><\/figure>\n<\/div>","protected":false},"excerpt":{"rendered":"<p>Foram dois grandes momentos voltados ao fortalecimento da pol\u00edtica de tr\u00e2nsito em Goi\u00e1s. Pela manh\u00e3, realizou-se a Aula Inaugural do 1\u00ba Curso de Aprimoramento de Preven\u00e7\u00e3o e Fiscaliza\u00e7\u00e3o de Tr\u00e2nsito (CAPTRAN), promovido pela Pol\u00edcia Militar do Estado de Goi\u00e1s, no audit\u00f3rio do DETRAN-GO.O evento contou com a presen\u00e7a do Comandante-Geral da PMGO, Coronel Marcelo Granja, [&hellip;]<\/p>\n","protected":false},"author":75,"featured_media":3800,"comment_status":"closed","ping_status":"open","sticky":false,"template":"","format":"standard","meta":{"footnotes":""},"categories":[48],"tags":[94],"class_list":["post-3799","post","type-post","status-publish","format-standard","has-post-thumbnail","hentry","category-noticias","tag-informacao"],"rttpg_featured_image_url":{"full":["https:\/\/goias.gov.br\/cetran\/wp-content\/uploads\/sites\/17\/2025\/10\/WhatsApp-Image-2025-10-16-at-14.37.26.jpeg",190,264,false],"landscape":["https:\/\/goias.gov.br\/cetran\/wp-content\/uploads\/sites\/17\/2025\/10\/WhatsApp-Image-2025-10-16-at-14.37.26.jpeg",190,264,false],"portraits":["https:\/\/goias.gov.br\/cetran\/wp-content\/uploads\/sites\/17\/2025\/10\/WhatsApp-Image-2025-10-16-at-14.37.26.jpeg",190,264,false],"thumbnail":["https:\/\/goias.gov.br\/cetran\/wp-content\/uploads\/sites\/17\/2025\/10\/WhatsApp-Image-2025-10-16-at-14.37.26-150x150.jpeg",150,150,true],"medium":["https:\/\/goias.gov.br\/cetran\/wp-content\/uploads\/sites\/17\/2025\/10\/WhatsApp-Image-2025-10-16-at-14.37.26.jpeg",190,264,false],"large":["https:\/\/goias.gov.br\/cetran\/wp-content\/uploads\/sites\/17\/2025\/10\/WhatsApp-Image-2025-10-16-at-14.37.26.jpeg",190,264,false],"1536x1536":["https:\/\/goias.gov.br\/cetran\/wp-content\/uploads\/sites\/17\/2025\/10\/WhatsApp-Image-2025-10-16-at-14.37.26.jpeg",190,264,false],"2048x2048":["https:\/\/goias.gov.br\/cetran\/wp-content\/uploads\/sites\/17\/2025\/10\/WhatsApp-Image-2025-10-16-at-14.37.26.jpeg",190,264,false]},"rttpg_author":{"display_name":"jenifferkm","author_link":"https:\/\/goias.gov.br\/cetran\/author\/jenifferkm\/"},"rttpg_comment":0,"rttpg_category":"<a href=\"https:\/\/goias.gov.br\/cetran\/categoria\/noticias\/\" rel=\"category tag\">Noticias<\/a>","rttpg_excerpt":"Foram dois grandes momentos voltados ao fortalecimento da pol\u00edtica de tr\u00e2nsito em Goi\u00e1s. Pela manh\u00e3, realizou-se a Aula Inaugural do 1\u00ba Curso de Aprimoramento de Preven\u00e7\u00e3o e Fiscaliza\u00e7\u00e3o de Tr\u00e2nsito (CAPTRAN), promovido pela Pol\u00edcia Militar do Estado de Goi\u00e1s, no audit\u00f3rio do DETRAN-GO.O evento contou com a presen\u00e7a do Comandante-Geral da PMGO, Coronel Marcelo Granja,&hellip;","_links":{"self":[{"href":"https:\/\/goias.gov.br\/cetran\/wp-json\/wp\/v2\/posts\/3799","targetHints":{"allow":["GET"]}}],"collection":[{"href":"https:\/\/goias.gov.br\/cetran\/wp-json\/wp\/v2\/posts"}],"about":[{"href":"https:\/\/goias.gov.br\/cetran\/wp-json\/wp\/v2\/types\/post"}],"author":[{"embeddable":true,"href":"https:\/\/goias.gov.br\/cetran\/wp-json\/wp\/v2\/users\/75"}],"replies":[{"embeddable":true,"href":"https:\/\/goias.gov.br\/cetran\/wp-json\/wp\/v2\/comments?post=3799"}],"version-history":[{"count":1,"href":"https:\/\/goias.gov.br\/cetran\/wp-json\/wp\/v2\/posts\/3799\/revisions"}],"predecessor-version":[{"id":3801,"href":"https:\/\/goias.gov.br\/cetran\/wp-json\/wp\/v2\/posts\/3799\/revisions\/3801"}],"wp:featuredmedia":[{"embeddable":true,"href":"https:\/\/goias.gov.br\/cetran\/wp-json\/wp\/v2\/media\/3800"}],"wp:attachment":[{"href":"https:\/\/goias.gov.br\/cetran\/wp-json\/wp\/v2\/media?parent=3799"}],"wp:term":[{"taxonomy":"category","embeddable":true,"href":"https:\/\/goias.gov.br\/cetran\/wp-json\/wp\/v2\/categories?post=3799"},{"taxonomy":"post_tag","embeddable":true,"href":"https:\/\/goias.gov.br\/cetran\/wp-json\/wp\/v2\/tags?post=3799"}],"curies":[{"name":"wp","href":"https:\/\/api.w.org\/{rel}","templated":true}]}}