
{"id":3791,"date":"2025-10-14T16:45:25","date_gmt":"2025-10-14T19:45:25","guid":{"rendered":"https:\/\/goias.gov.br\/cetran\/?p=3791"},"modified":"2025-10-14T16:45:25","modified_gmt":"2025-10-14T19:45:25","slug":"cetran-go-participa-da-inauguracao-da-mini-cidade-do-detran-go-espaco-pioneiro-de-educacao-para-o-transito-infantil","status":"publish","type":"post","link":"https:\/\/goias.gov.br\/cetran\/cetran-go-participa-da-inauguracao-da-mini-cidade-do-detran-go-espaco-pioneiro-de-educacao-para-o-transito-infantil\/","title":{"rendered":"CETRAN\/GO participa da inaugura\u00e7\u00e3o da Mini Cidade do Detran-GO, espa\u00e7o pioneiro de educa\u00e7\u00e3o para o tr\u00e2nsito infantil."},"content":{"rendered":"\n<p>O <strong>Conselho Estadual de Tr\u00e2nsito de Goi\u00e1s (CETRAN\/GO)<\/strong>, por meio de sua presidente, <strong>Dra. Nayara Coimbra<\/strong>, participou na manh\u00e3 da \u00faltima <strong>quinta-feira, 09 de outubro<\/strong>, da <strong>inaugura\u00e7\u00e3o da Mini Cidade do Departamento Estadual de Tr\u00e2nsito de Goi\u00e1s (Detran-GO)<\/strong> \u2014 um espa\u00e7o <strong>pioneiro no Brasil<\/strong> voltado \u00e0 <strong>educa\u00e7\u00e3o de tr\u00e2nsito infantil<\/strong>.<\/p>\n\n\n\n<p>A estrutura, constru\u00edda em <strong>escala reduzida<\/strong>, conta com <strong>pistas e sinaliza\u00e7\u00f5es que reproduzem as condi\u00e7\u00f5es reais de circula\u00e7\u00e3o<\/strong>, permitindo que as crian\u00e7as vivenciem <strong>experi\u00eancias pr\u00e1ticas de tr\u00e2nsito seguro<\/strong>. O projeto \u00e9 direcionado a <strong>crian\u00e7as de 6 a 12 anos<\/strong>, com <strong>adapta\u00e7\u00e3o para participantes com mobilidade reduzida<\/strong>.<\/p>\n\n\n\n<p>O objetivo da Mini Cidade \u00e9 <strong>formar cidad\u00e3os mais conscientes e respons\u00e1veis<\/strong>, promovendo valores como <strong>cidadania, seguran\u00e7a, respeito \u00e0s leis e preserva\u00e7\u00e3o da vida<\/strong>. A proposta \u00e9 que cada crian\u00e7a se torne <strong>multiplicadora do conhecimento<\/strong>, levando os aprendizados para suas fam\u00edlias e comunidades.<\/p>\n\n\n\n<blockquote class=\"wp-block-quote is-layout-flow wp-block-quote-is-layout-flow\">\n<p>\u201cHoje damos um passo hist\u00f3rico com a inaugura\u00e7\u00e3o da Mini Cidade do Detran-GO. Ao oferecer um ambiente seguro, l\u00fadico e fiel \u00e0 realidade das ruas, estamos formando desde cedo crian\u00e7as mais conscientes sobre seu papel no tr\u00e2nsito. Aqui, elas aprendem na pr\u00e1tica a respeitar as leis, a cuidar da pr\u00f3pria vida e da vida do outro, exercitando valores como cidadania, empatia e responsabilidade.\u201d<br>\u2014 destacou o <strong>Coordenador de Tr\u00e2nsito, Eber Saraiva<\/strong>.<\/p>\n<\/blockquote>\n\n\n\n<p>A <strong>educa\u00e7\u00e3o para o tr\u00e2nsito<\/strong> come\u00e7a na inf\u00e2ncia e se transforma em <strong>cultura<\/strong>. Cada crian\u00e7a que passa por essa experi\u00eancia leva para casa <strong>h\u00e1bitos que salvam vidas<\/strong> e ajudam a construir um <strong>tr\u00e2nsito mais humano, seguro e sustent\u00e1vel<\/strong>.<\/p>\n\n\n<div class=\"wp-block-image\">\n<figure class=\"aligncenter size-large is-resized\"><img fetchpriority=\"high\" decoding=\"async\" width=\"831\" height=\"1024\" src=\"https:\/\/goias.gov.br\/cetran\/wp-content\/uploads\/sites\/17\/2025\/10\/WhatsApp-Image-2025-10-14-at-16.41.26-831x1024.jpeg\" alt=\"\" class=\"wp-image-3792\" style=\"width:561px;height:auto\" srcset=\"https:\/\/goias.gov.br\/cetran\/wp-content\/uploads\/sites\/17\/2025\/10\/WhatsApp-Image-2025-10-14-at-16.41.26-831x1024.jpeg 831w, https:\/\/goias.gov.br\/cetran\/wp-content\/uploads\/sites\/17\/2025\/10\/WhatsApp-Image-2025-10-14-at-16.41.26-243x300.jpeg 243w, https:\/\/goias.gov.br\/cetran\/wp-content\/uploads\/sites\/17\/2025\/10\/WhatsApp-Image-2025-10-14-at-16.41.26-768x947.jpeg 768w, https:\/\/goias.gov.br\/cetran\/wp-content\/uploads\/sites\/17\/2025\/10\/WhatsApp-Image-2025-10-14-at-16.41.26.jpeg 1242w\" sizes=\"(max-width: 831px) 100vw, 831px\" \/><\/figure>\n<\/div>","protected":false},"excerpt":{"rendered":"<p>O Conselho Estadual de Tr\u00e2nsito de Goi\u00e1s (CETRAN\/GO), por meio de sua presidente, Dra. Nayara Coimbra, participou na manh\u00e3 da \u00faltima quinta-feira, 09 de outubro, da inaugura\u00e7\u00e3o da Mini Cidade do Departamento Estadual de Tr\u00e2nsito de Goi\u00e1s (Detran-GO) \u2014 um espa\u00e7o pioneiro no Brasil voltado \u00e0 educa\u00e7\u00e3o de tr\u00e2nsito infantil. A estrutura, constru\u00edda em escala [&hellip;]<\/p>\n","protected":false},"author":75,"featured_media":3792,"comment_status":"closed","ping_status":"open","sticky":false,"template":"","format":"standard","meta":{"footnotes":""},"categories":[48],"tags":[94],"class_list":["post-3791","post","type-post","status-publish","format-standard","has-post-thumbnail","hentry","category-noticias","tag-informacao"],"rttpg_featured_image_url":{"full":["https:\/\/goias.gov.br\/cetran\/wp-content\/uploads\/sites\/17\/2025\/10\/WhatsApp-Image-2025-10-14-at-16.41.26.jpeg",1242,1531,false],"landscape":["https:\/\/goias.gov.br\/cetran\/wp-content\/uploads\/sites\/17\/2025\/10\/WhatsApp-Image-2025-10-14-at-16.41.26.jpeg",1242,1531,false],"portraits":["https:\/\/goias.gov.br\/cetran\/wp-content\/uploads\/sites\/17\/2025\/10\/WhatsApp-Image-2025-10-14-at-16.41.26.jpeg",1242,1531,false],"thumbnail":["https:\/\/goias.gov.br\/cetran\/wp-content\/uploads\/sites\/17\/2025\/10\/WhatsApp-Image-2025-10-14-at-16.41.26-150x150.jpeg",150,150,true],"medium":["https:\/\/goias.gov.br\/cetran\/wp-content\/uploads\/sites\/17\/2025\/10\/WhatsApp-Image-2025-10-14-at-16.41.26-243x300.jpeg",243,300,true],"large":["https:\/\/goias.gov.br\/cetran\/wp-content\/uploads\/sites\/17\/2025\/10\/WhatsApp-Image-2025-10-14-at-16.41.26-831x1024.jpeg",831,1024,true],"1536x1536":["https:\/\/goias.gov.br\/cetran\/wp-content\/uploads\/sites\/17\/2025\/10\/WhatsApp-Image-2025-10-14-at-16.41.26.jpeg",1242,1531,false],"2048x2048":["https:\/\/goias.gov.br\/cetran\/wp-content\/uploads\/sites\/17\/2025\/10\/WhatsApp-Image-2025-10-14-at-16.41.26.jpeg",1242,1531,false]},"rttpg_author":{"display_name":"jenifferkm","author_link":"https:\/\/goias.gov.br\/cetran\/author\/jenifferkm\/"},"rttpg_comment":0,"rttpg_category":"<a href=\"https:\/\/goias.gov.br\/cetran\/categoria\/noticias\/\" rel=\"category tag\">Noticias<\/a>","rttpg_excerpt":"O Conselho Estadual de Tr\u00e2nsito de Goi\u00e1s (CETRAN\/GO), por meio de sua presidente, Dra. Nayara Coimbra, participou na manh\u00e3 da \u00faltima quinta-feira, 09 de outubro, da inaugura\u00e7\u00e3o da Mini Cidade do Departamento Estadual de Tr\u00e2nsito de Goi\u00e1s (Detran-GO) \u2014 um espa\u00e7o pioneiro no Brasil voltado \u00e0 educa\u00e7\u00e3o de tr\u00e2nsito infantil. A estrutura, constru\u00edda em escala&hellip;","_links":{"self":[{"href":"https:\/\/goias.gov.br\/cetran\/wp-json\/wp\/v2\/posts\/3791","targetHints":{"allow":["GET"]}}],"collection":[{"href":"https:\/\/goias.gov.br\/cetran\/wp-json\/wp\/v2\/posts"}],"about":[{"href":"https:\/\/goias.gov.br\/cetran\/wp-json\/wp\/v2\/types\/post"}],"author":[{"embeddable":true,"href":"https:\/\/goias.gov.br\/cetran\/wp-json\/wp\/v2\/users\/75"}],"replies":[{"embeddable":true,"href":"https:\/\/goias.gov.br\/cetran\/wp-json\/wp\/v2\/comments?post=3791"}],"version-history":[{"count":1,"href":"https:\/\/goias.gov.br\/cetran\/wp-json\/wp\/v2\/posts\/3791\/revisions"}],"predecessor-version":[{"id":3793,"href":"https:\/\/goias.gov.br\/cetran\/wp-json\/wp\/v2\/posts\/3791\/revisions\/3793"}],"wp:featuredmedia":[{"embeddable":true,"href":"https:\/\/goias.gov.br\/cetran\/wp-json\/wp\/v2\/media\/3792"}],"wp:attachment":[{"href":"https:\/\/goias.gov.br\/cetran\/wp-json\/wp\/v2\/media?parent=3791"}],"wp:term":[{"taxonomy":"category","embeddable":true,"href":"https:\/\/goias.gov.br\/cetran\/wp-json\/wp\/v2\/categories?post=3791"},{"taxonomy":"post_tag","embeddable":true,"href":"https:\/\/goias.gov.br\/cetran\/wp-json\/wp\/v2\/tags?post=3791"}],"curies":[{"name":"wp","href":"https:\/\/api.w.org\/{rel}","templated":true}]}}