
{"id":3565,"date":"2025-06-06T11:26:32","date_gmt":"2025-06-06T14:26:32","guid":{"rendered":"https:\/\/goias.gov.br\/cetran\/?p=3565"},"modified":"2025-06-06T11:28:11","modified_gmt":"2025-06-06T14:28:11","slug":"cetran-go-presente-no-capacitran-ms-regional-centro-oeste","status":"publish","type":"post","link":"https:\/\/goias.gov.br\/cetran\/cetran-go-presente-no-capacitran-ms-regional-centro-oeste\/","title":{"rendered":"CETRAN\/GO presente no CAPACITRAN\/MS \u2013 Regional Centro-Oeste!"},"content":{"rendered":"\n<p>Durante esta semana, o CETRAN\/GO marcou presen\u00e7a no Programa Nacional de Capacita\u00e7\u00e3o T\u00e9cnica do Sistema Nacional de Tr\u00e2nsito \u2013 CAPACITRAN\/MS, realizado na regi\u00e3o Centro-Oeste.<br>\u2800<br>Representando o munic\u00edpio, estiveram presentes na comitiva goiana a presidente Dra. Nayara Coimbra, o vice-prefeito F\u00e1bio Andr\u00e9 e o superintendente municipal de tr\u00e2nsito de Silv\u00e2nia, Rog\u00e9rio Faleiro, ao lado de autoridades de tr\u00e2nsito de todo o pa\u00eds.<br>\u2800<br>O evento foi promovido pela Secretaria Nacional de Tr\u00e2nsito (Senatran), em parceria com o Observat\u00f3rio Nacional de Seguran\u00e7a Vi\u00e1ria (ONSV) e o Minist\u00e9rio dos Transportes, com o objetivo de fortalecer as pol\u00edticas p\u00fablicas e aprimorar a atua\u00e7\u00e3o t\u00e9cnica dos \u00f3rg\u00e3os de tr\u00e2nsito.<br>\u2800<br> Uma semana de aprendizado, trocas de experi\u00eancias e fortalecimento do compromisso com um tr\u00e2nsito mais seguro para todos!<\/p>\n\n\n<div class=\"wp-block-image\">\n<figure class=\"aligncenter size-full\"><img fetchpriority=\"high\" decoding=\"async\" width=\"599\" height=\"830\" src=\"https:\/\/goias.gov.br\/cetran\/wp-content\/uploads\/sites\/17\/2025\/06\/WhatsApp-Image-2025-06-06-at-11.23.43.jpeg\" alt=\"\" class=\"wp-image-3568\" srcset=\"https:\/\/goias.gov.br\/cetran\/wp-content\/uploads\/sites\/17\/2025\/06\/WhatsApp-Image-2025-06-06-at-11.23.43.jpeg 599w, https:\/\/goias.gov.br\/cetran\/wp-content\/uploads\/sites\/17\/2025\/06\/WhatsApp-Image-2025-06-06-at-11.23.43-217x300.jpeg 217w\" sizes=\"(max-width: 599px) 100vw, 599px\" \/><\/figure>\n<\/div>\n\n<div class=\"wp-block-image\">\n<figure class=\"aligncenter size-full is-resized\"><img decoding=\"async\" width=\"518\" height=\"823\" src=\"https:\/\/goias.gov.br\/cetran\/wp-content\/uploads\/sites\/17\/2025\/06\/WhatsApp-Image-2025-06-06-at-11.24.21.jpeg\" alt=\"\" class=\"wp-image-3567\" style=\"width:602px;height:auto\" srcset=\"https:\/\/goias.gov.br\/cetran\/wp-content\/uploads\/sites\/17\/2025\/06\/WhatsApp-Image-2025-06-06-at-11.24.21.jpeg 518w, https:\/\/goias.gov.br\/cetran\/wp-content\/uploads\/sites\/17\/2025\/06\/WhatsApp-Image-2025-06-06-at-11.24.21-189x300.jpeg 189w\" sizes=\"(max-width: 518px) 100vw, 518px\" \/><\/figure>\n<\/div>\n\n<div class=\"wp-block-image\">\n<figure class=\"aligncenter size-full is-resized\"><img decoding=\"async\" width=\"596\" height=\"816\" src=\"https:\/\/goias.gov.br\/cetran\/wp-content\/uploads\/sites\/17\/2025\/06\/WhatsApp-Image-2025-06-06-at-11.24.47.jpeg\" alt=\"\" class=\"wp-image-3566\" style=\"width:604px;height:auto\" srcset=\"https:\/\/goias.gov.br\/cetran\/wp-content\/uploads\/sites\/17\/2025\/06\/WhatsApp-Image-2025-06-06-at-11.24.47.jpeg 596w, https:\/\/goias.gov.br\/cetran\/wp-content\/uploads\/sites\/17\/2025\/06\/WhatsApp-Image-2025-06-06-at-11.24.47-219x300.jpeg 219w\" sizes=\"(max-width: 596px) 100vw, 596px\" \/><\/figure>\n<\/div>","protected":false},"excerpt":{"rendered":"<p>Durante esta semana, o CETRAN\/GO marcou presen\u00e7a no Programa Nacional de Capacita\u00e7\u00e3o T\u00e9cnica do Sistema Nacional de Tr\u00e2nsito \u2013 CAPACITRAN\/MS, realizado na regi\u00e3o Centro-Oeste.\u2800Representando o munic\u00edpio, estiveram presentes na comitiva goiana a presidente Dra. Nayara Coimbra, o vice-prefeito F\u00e1bio Andr\u00e9 e o superintendente municipal de tr\u00e2nsito de Silv\u00e2nia, Rog\u00e9rio Faleiro, ao lado de autoridades de [&hellip;]<\/p>\n","protected":false},"author":75,"featured_media":3568,"comment_status":"closed","ping_status":"open","sticky":false,"template":"","format":"standard","meta":{"footnotes":""},"categories":[48],"tags":[94],"class_list":["post-3565","post","type-post","status-publish","format-standard","has-post-thumbnail","hentry","category-noticias","tag-informacao"],"rttpg_featured_image_url":{"full":["https:\/\/goias.gov.br\/cetran\/wp-content\/uploads\/sites\/17\/2025\/06\/WhatsApp-Image-2025-06-06-at-11.23.43.jpeg",599,830,false],"landscape":["https:\/\/goias.gov.br\/cetran\/wp-content\/uploads\/sites\/17\/2025\/06\/WhatsApp-Image-2025-06-06-at-11.23.43.jpeg",599,830,false],"portraits":["https:\/\/goias.gov.br\/cetran\/wp-content\/uploads\/sites\/17\/2025\/06\/WhatsApp-Image-2025-06-06-at-11.23.43.jpeg",599,830,false],"thumbnail":["https:\/\/goias.gov.br\/cetran\/wp-content\/uploads\/sites\/17\/2025\/06\/WhatsApp-Image-2025-06-06-at-11.23.43-150x150.jpeg",150,150,true],"medium":["https:\/\/goias.gov.br\/cetran\/wp-content\/uploads\/sites\/17\/2025\/06\/WhatsApp-Image-2025-06-06-at-11.23.43-217x300.jpeg",217,300,true],"large":["https:\/\/goias.gov.br\/cetran\/wp-content\/uploads\/sites\/17\/2025\/06\/WhatsApp-Image-2025-06-06-at-11.23.43.jpeg",599,830,false],"1536x1536":["https:\/\/goias.gov.br\/cetran\/wp-content\/uploads\/sites\/17\/2025\/06\/WhatsApp-Image-2025-06-06-at-11.23.43.jpeg",599,830,false],"2048x2048":["https:\/\/goias.gov.br\/cetran\/wp-content\/uploads\/sites\/17\/2025\/06\/WhatsApp-Image-2025-06-06-at-11.23.43.jpeg",599,830,false]},"rttpg_author":{"display_name":"jenifferkm","author_link":"https:\/\/goias.gov.br\/cetran\/author\/jenifferkm\/"},"rttpg_comment":0,"rttpg_category":"<a href=\"https:\/\/goias.gov.br\/cetran\/categoria\/noticias\/\" rel=\"category tag\">Noticias<\/a>","rttpg_excerpt":"Durante esta semana, o CETRAN\/GO marcou presen\u00e7a no Programa Nacional de Capacita\u00e7\u00e3o T\u00e9cnica do Sistema Nacional de Tr\u00e2nsito \u2013 CAPACITRAN\/MS, realizado na regi\u00e3o Centro-Oeste.\u2800Representando o munic\u00edpio, estiveram presentes na comitiva goiana a presidente Dra. Nayara Coimbra, o vice-prefeito F\u00e1bio Andr\u00e9 e o superintendente municipal de tr\u00e2nsito de Silv\u00e2nia, Rog\u00e9rio Faleiro, ao lado de autoridades de&hellip;","_links":{"self":[{"href":"https:\/\/goias.gov.br\/cetran\/wp-json\/wp\/v2\/posts\/3565","targetHints":{"allow":["GET"]}}],"collection":[{"href":"https:\/\/goias.gov.br\/cetran\/wp-json\/wp\/v2\/posts"}],"about":[{"href":"https:\/\/goias.gov.br\/cetran\/wp-json\/wp\/v2\/types\/post"}],"author":[{"embeddable":true,"href":"https:\/\/goias.gov.br\/cetran\/wp-json\/wp\/v2\/users\/75"}],"replies":[{"embeddable":true,"href":"https:\/\/goias.gov.br\/cetran\/wp-json\/wp\/v2\/comments?post=3565"}],"version-history":[{"count":2,"href":"https:\/\/goias.gov.br\/cetran\/wp-json\/wp\/v2\/posts\/3565\/revisions"}],"predecessor-version":[{"id":3570,"href":"https:\/\/goias.gov.br\/cetran\/wp-json\/wp\/v2\/posts\/3565\/revisions\/3570"}],"wp:featuredmedia":[{"embeddable":true,"href":"https:\/\/goias.gov.br\/cetran\/wp-json\/wp\/v2\/media\/3568"}],"wp:attachment":[{"href":"https:\/\/goias.gov.br\/cetran\/wp-json\/wp\/v2\/media?parent=3565"}],"wp:term":[{"taxonomy":"category","embeddable":true,"href":"https:\/\/goias.gov.br\/cetran\/wp-json\/wp\/v2\/categories?post=3565"},{"taxonomy":"post_tag","embeddable":true,"href":"https:\/\/goias.gov.br\/cetran\/wp-json\/wp\/v2\/tags?post=3565"}],"curies":[{"name":"wp","href":"https:\/\/api.w.org\/{rel}","templated":true}]}}