
{"id":3185,"date":"2024-12-17T11:04:59","date_gmt":"2024-12-17T14:04:59","guid":{"rendered":"https:\/\/goias.gov.br\/cetran\/?p=3185"},"modified":"2024-12-17T11:04:59","modified_gmt":"2024-12-17T14:04:59","slug":"projeto-de-lei-em-pauta","status":"publish","type":"post","link":"https:\/\/goias.gov.br\/cetran\/projeto-de-lei-em-pauta\/","title":{"rendered":"PROJETO DE LEI EM PAUTA."},"content":{"rendered":"\n<p>Nayara Coimbra, presidente do CETRAN\/GO acompanhada do Presidente do CETRAN\/PE, PRF Walker, visitou a C\u00c2MARA DOS DEPUTADOS e o Gabinete do Deputado Hugo Leal e seu chefe de gabinete, PRF dias, onde foram explanadas as nuances do PL 2292\/24. O deputado j\u00e1 foi gestor de DETRAN E CETRAN, mostrando ent\u00e3o um entendimento claro das necessidades dos Conselhos e CTB.<br><br>PL 2292\/2024*<br>Altera a Lei n\u00ba 9.503, de 23 de setembro de 1997, que institui o C\u00f3digo de Tr\u00e2nsito Brasileiro. Altera\u00e7\u00e3o, C\u00f3digo de Tr\u00e2nsito Brasileiro (1997), aprimoramento, compet\u00eancia, Conselho Estadual de Tr\u00e2nsito (Cetran), Conselho de Tr\u00e2nsito do Distrito Federal (CONTRANDIFE).<br>Autor: Dagoberto Nogueira &#8211; PSDB\/MS<br>Relator: Dep. Hugo Leal (PSD-RJ)<br>.<\/p>\n\n\n\n<p>Link de acesso ao Projeto de Lei:<br><a href=\"https:\/\/www.camara.leg.br\/proposicoesWeb\/fichadetramitacao?idProposicao=2439520#:~:text=PL%202292%2F2024%20Inteiro%20teor,Projeto%20de%20Lei&amp;text=Altera%20a%20Lei%20n%C2%BA%209.503,o%20C%C3%B3digo%20de%20Tr%C3%A2nsito%20Brasileiro.&amp;text=Altera%C3%A7%C3%A3o%2C%20C%C3%B3digo%20de%20Tr%C3%A2nsito%20Brasileiro,do%20Distrito%20Federal%20(CONTRANDIFE).\">https:\/\/www.camara.leg.br\/proposicoesWeb\/fichadetramitacao?idProposicao=2439520#:~:text=PL%202292%2F2024%20Inteiro%20teor,Projeto%20de%20Lei&amp;text=Altera%20a%20Lei%20n%C2%BA%209.503,o%20C%C3%B3digo%20de%20Tr%C3%A2nsito%20Brasileiro.&amp;text=Altera%C3%A7%C3%A3o%2C%20C%C3%B3digo%20de%20Tr%C3%A2nsito%20Brasileiro,do%20Distrito%20Federal%20(CONTRANDIFE).<\/a><\/p>\n\n\n\n<p><br>.Membros da Comiss\u00e3o:<br><a href=\"https:\/\/www2.camara.leg.br\/atividade-legislativa\/comissoes\/comissoes-permanentes\/cvt\/membros\">https:\/\/www2.camara.leg.br\/atividade-legislativa\/comissoes\/comissoes-permanentes\/cvt\/membros<\/a><\/p>\n\n\n<div class=\"wp-block-image\">\n<figure class=\"aligncenter size-full is-resized\"><img fetchpriority=\"high\" decoding=\"async\" width=\"843\" height=\"843\" src=\"https:\/\/goias.gov.br\/cetran\/wp-content\/uploads\/sites\/17\/2024\/12\/WhatsApp-Image-2024-12-17-at-11.02.57.jpeg\" alt=\"\" class=\"wp-image-3186\" style=\"width:615px;height:auto\" srcset=\"https:\/\/goias.gov.br\/cetran\/wp-content\/uploads\/sites\/17\/2024\/12\/WhatsApp-Image-2024-12-17-at-11.02.57.jpeg 843w, https:\/\/goias.gov.br\/cetran\/wp-content\/uploads\/sites\/17\/2024\/12\/WhatsApp-Image-2024-12-17-at-11.02.57-300x300.jpeg 300w, https:\/\/goias.gov.br\/cetran\/wp-content\/uploads\/sites\/17\/2024\/12\/WhatsApp-Image-2024-12-17-at-11.02.57-150x150.jpeg 150w, https:\/\/goias.gov.br\/cetran\/wp-content\/uploads\/sites\/17\/2024\/12\/WhatsApp-Image-2024-12-17-at-11.02.57-768x768.jpeg 768w\" sizes=\"(max-width: 843px) 100vw, 843px\" \/><\/figure>\n<\/div>","protected":false},"excerpt":{"rendered":"<p>Nayara Coimbra, presidente do CETRAN\/GO acompanhada do Presidente do CETRAN\/PE, PRF Walker, visitou a C\u00c2MARA DOS DEPUTADOS e o Gabinete do Deputado Hugo Leal e seu chefe de gabinete, PRF dias, onde foram explanadas as nuances do PL 2292\/24. O deputado j\u00e1 foi gestor de DETRAN E CETRAN, mostrando ent\u00e3o um entendimento claro das necessidades [&hellip;]<\/p>\n","protected":false},"author":75,"featured_media":3186,"comment_status":"closed","ping_status":"open","sticky":false,"template":"","format":"standard","meta":{"footnotes":""},"categories":[48],"tags":[94],"class_list":["post-3185","post","type-post","status-publish","format-standard","has-post-thumbnail","hentry","category-noticias","tag-informacao"],"rttpg_featured_image_url":{"full":["https:\/\/goias.gov.br\/cetran\/wp-content\/uploads\/sites\/17\/2024\/12\/WhatsApp-Image-2024-12-17-at-11.02.57.jpeg",843,843,false],"landscape":["https:\/\/goias.gov.br\/cetran\/wp-content\/uploads\/sites\/17\/2024\/12\/WhatsApp-Image-2024-12-17-at-11.02.57.jpeg",843,843,false],"portraits":["https:\/\/goias.gov.br\/cetran\/wp-content\/uploads\/sites\/17\/2024\/12\/WhatsApp-Image-2024-12-17-at-11.02.57.jpeg",843,843,false],"thumbnail":["https:\/\/goias.gov.br\/cetran\/wp-content\/uploads\/sites\/17\/2024\/12\/WhatsApp-Image-2024-12-17-at-11.02.57-150x150.jpeg",150,150,true],"medium":["https:\/\/goias.gov.br\/cetran\/wp-content\/uploads\/sites\/17\/2024\/12\/WhatsApp-Image-2024-12-17-at-11.02.57-300x300.jpeg",300,300,true],"large":["https:\/\/goias.gov.br\/cetran\/wp-content\/uploads\/sites\/17\/2024\/12\/WhatsApp-Image-2024-12-17-at-11.02.57.jpeg",843,843,false],"1536x1536":["https:\/\/goias.gov.br\/cetran\/wp-content\/uploads\/sites\/17\/2024\/12\/WhatsApp-Image-2024-12-17-at-11.02.57.jpeg",843,843,false],"2048x2048":["https:\/\/goias.gov.br\/cetran\/wp-content\/uploads\/sites\/17\/2024\/12\/WhatsApp-Image-2024-12-17-at-11.02.57.jpeg",843,843,false]},"rttpg_author":{"display_name":"jenifferkm","author_link":"https:\/\/goias.gov.br\/cetran\/author\/jenifferkm\/"},"rttpg_comment":0,"rttpg_category":"<a href=\"https:\/\/goias.gov.br\/cetran\/categoria\/noticias\/\" rel=\"category tag\">Noticias<\/a>","rttpg_excerpt":"Nayara Coimbra, presidente do CETRAN\/GO acompanhada do Presidente do CETRAN\/PE, PRF Walker, visitou a C\u00c2MARA DOS DEPUTADOS e o Gabinete do Deputado Hugo Leal e seu chefe de gabinete, PRF dias, onde foram explanadas as nuances do PL 2292\/24. O deputado j\u00e1 foi gestor de DETRAN E CETRAN, mostrando ent\u00e3o um entendimento claro das necessidades&hellip;","_links":{"self":[{"href":"https:\/\/goias.gov.br\/cetran\/wp-json\/wp\/v2\/posts\/3185","targetHints":{"allow":["GET"]}}],"collection":[{"href":"https:\/\/goias.gov.br\/cetran\/wp-json\/wp\/v2\/posts"}],"about":[{"href":"https:\/\/goias.gov.br\/cetran\/wp-json\/wp\/v2\/types\/post"}],"author":[{"embeddable":true,"href":"https:\/\/goias.gov.br\/cetran\/wp-json\/wp\/v2\/users\/75"}],"replies":[{"embeddable":true,"href":"https:\/\/goias.gov.br\/cetran\/wp-json\/wp\/v2\/comments?post=3185"}],"version-history":[{"count":1,"href":"https:\/\/goias.gov.br\/cetran\/wp-json\/wp\/v2\/posts\/3185\/revisions"}],"predecessor-version":[{"id":3187,"href":"https:\/\/goias.gov.br\/cetran\/wp-json\/wp\/v2\/posts\/3185\/revisions\/3187"}],"wp:featuredmedia":[{"embeddable":true,"href":"https:\/\/goias.gov.br\/cetran\/wp-json\/wp\/v2\/media\/3186"}],"wp:attachment":[{"href":"https:\/\/goias.gov.br\/cetran\/wp-json\/wp\/v2\/media?parent=3185"}],"wp:term":[{"taxonomy":"category","embeddable":true,"href":"https:\/\/goias.gov.br\/cetran\/wp-json\/wp\/v2\/categories?post=3185"},{"taxonomy":"post_tag","embeddable":true,"href":"https:\/\/goias.gov.br\/cetran\/wp-json\/wp\/v2\/tags?post=3185"}],"curies":[{"name":"wp","href":"https:\/\/api.w.org\/{rel}","templated":true}]}}