
{"id":3051,"date":"2024-09-12T09:16:54","date_gmt":"2024-09-12T12:16:54","guid":{"rendered":"https:\/\/goias.gov.br\/cetran\/?p=3051"},"modified":"2024-09-12T09:16:54","modified_gmt":"2024-09-12T12:16:54","slug":"reuniao-ampliada-em-brasilia-df","status":"publish","type":"post","link":"https:\/\/goias.gov.br\/cetran\/reuniao-ampliada-em-brasilia-df\/","title":{"rendered":"Reuni\u00e3o Ampliada em Bras\u00edlia &#8211; DF."},"content":{"rendered":"\n<p>Na \u00faltima semana, Bras\u00edlia foi palco de uma importante reuni\u00e3o ampliada que reuniu os presidentes dos Cetrans e conselheiros de todo o pa\u00eds.<br><br>Liderada pela Presidente do FOCOTRAN, Dra. Regina, presidente do Cetran\/ms, o evento contou com a presen\u00e7a da Diretora da Senatran, Maria Alice Nascimento Souza, da coordenadora Sirley Alves e do Secret\u00e1rio de Seguran\u00e7a P\u00fablica do Distrito Federal, Sandro Avelar.<br><\/p>\n\n\n\n<p>Com a participa\u00e7\u00e3o ativa da Diretora da regi\u00e3o Centro-oeste e Presidente do Cetran-GO, Dra. Nayara Coimbra, a reuni\u00e3o teve como foco discutir estrat\u00e9gias e a\u00e7\u00f5es para melhorar a seguran\u00e7a no tr\u00e2nsito e fortalecer a coopera\u00e7\u00e3o entre as entidades envolvidas.<\/p>\n\n\n<div class=\"wp-block-image\">\n<figure class=\"aligncenter size-full is-resized\"><img fetchpriority=\"high\" decoding=\"async\" width=\"845\" height=\"843\" src=\"https:\/\/goias.gov.br\/cetran\/wp-content\/uploads\/sites\/17\/2024\/09\/WhatsApp-Image-2024-09-12-at-09.16.02.jpeg\" alt=\"\" class=\"wp-image-3052\" style=\"width:648px;height:auto\" srcset=\"https:\/\/goias.gov.br\/cetran\/wp-content\/uploads\/sites\/17\/2024\/09\/WhatsApp-Image-2024-09-12-at-09.16.02.jpeg 845w, https:\/\/goias.gov.br\/cetran\/wp-content\/uploads\/sites\/17\/2024\/09\/WhatsApp-Image-2024-09-12-at-09.16.02-300x300.jpeg 300w, https:\/\/goias.gov.br\/cetran\/wp-content\/uploads\/sites\/17\/2024\/09\/WhatsApp-Image-2024-09-12-at-09.16.02-150x150.jpeg 150w, https:\/\/goias.gov.br\/cetran\/wp-content\/uploads\/sites\/17\/2024\/09\/WhatsApp-Image-2024-09-12-at-09.16.02-768x766.jpeg 768w\" sizes=\"(max-width: 845px) 100vw, 845px\" \/><\/figure>\n<\/div>","protected":false},"excerpt":{"rendered":"<p>Na \u00faltima semana, Bras\u00edlia foi palco de uma importante reuni\u00e3o ampliada que reuniu os presidentes dos Cetrans e conselheiros de todo o pa\u00eds. Liderada pela Presidente do FOCOTRAN, Dra. Regina, presidente do Cetran\/ms, o evento contou com a presen\u00e7a da Diretora da Senatran, Maria Alice Nascimento Souza, da coordenadora Sirley Alves e do Secret\u00e1rio de [&hellip;]<\/p>\n","protected":false},"author":75,"featured_media":3052,"comment_status":"closed","ping_status":"open","sticky":false,"template":"","format":"standard","meta":{"footnotes":""},"categories":[48],"tags":[94],"class_list":["post-3051","post","type-post","status-publish","format-standard","has-post-thumbnail","hentry","category-noticias","tag-informacao"],"rttpg_featured_image_url":{"full":["https:\/\/goias.gov.br\/cetran\/wp-content\/uploads\/sites\/17\/2024\/09\/WhatsApp-Image-2024-09-12-at-09.16.02.jpeg",845,843,false],"landscape":["https:\/\/goias.gov.br\/cetran\/wp-content\/uploads\/sites\/17\/2024\/09\/WhatsApp-Image-2024-09-12-at-09.16.02.jpeg",845,843,false],"portraits":["https:\/\/goias.gov.br\/cetran\/wp-content\/uploads\/sites\/17\/2024\/09\/WhatsApp-Image-2024-09-12-at-09.16.02.jpeg",845,843,false],"thumbnail":["https:\/\/goias.gov.br\/cetran\/wp-content\/uploads\/sites\/17\/2024\/09\/WhatsApp-Image-2024-09-12-at-09.16.02-150x150.jpeg",150,150,true],"medium":["https:\/\/goias.gov.br\/cetran\/wp-content\/uploads\/sites\/17\/2024\/09\/WhatsApp-Image-2024-09-12-at-09.16.02-300x300.jpeg",300,300,true],"large":["https:\/\/goias.gov.br\/cetran\/wp-content\/uploads\/sites\/17\/2024\/09\/WhatsApp-Image-2024-09-12-at-09.16.02.jpeg",845,843,false],"1536x1536":["https:\/\/goias.gov.br\/cetran\/wp-content\/uploads\/sites\/17\/2024\/09\/WhatsApp-Image-2024-09-12-at-09.16.02.jpeg",845,843,false],"2048x2048":["https:\/\/goias.gov.br\/cetran\/wp-content\/uploads\/sites\/17\/2024\/09\/WhatsApp-Image-2024-09-12-at-09.16.02.jpeg",845,843,false]},"rttpg_author":{"display_name":"jenifferkm","author_link":"https:\/\/goias.gov.br\/cetran\/author\/jenifferkm\/"},"rttpg_comment":0,"rttpg_category":"<a href=\"https:\/\/goias.gov.br\/cetran\/categoria\/noticias\/\" rel=\"category tag\">Noticias<\/a>","rttpg_excerpt":"Na \u00faltima semana, Bras\u00edlia foi palco de uma importante reuni\u00e3o ampliada que reuniu os presidentes dos Cetrans e conselheiros de todo o pa\u00eds. Liderada pela Presidente do FOCOTRAN, Dra. Regina, presidente do Cetran\/ms, o evento contou com a presen\u00e7a da Diretora da Senatran, Maria Alice Nascimento Souza, da coordenadora Sirley Alves e do Secret\u00e1rio de&hellip;","_links":{"self":[{"href":"https:\/\/goias.gov.br\/cetran\/wp-json\/wp\/v2\/posts\/3051","targetHints":{"allow":["GET"]}}],"collection":[{"href":"https:\/\/goias.gov.br\/cetran\/wp-json\/wp\/v2\/posts"}],"about":[{"href":"https:\/\/goias.gov.br\/cetran\/wp-json\/wp\/v2\/types\/post"}],"author":[{"embeddable":true,"href":"https:\/\/goias.gov.br\/cetran\/wp-json\/wp\/v2\/users\/75"}],"replies":[{"embeddable":true,"href":"https:\/\/goias.gov.br\/cetran\/wp-json\/wp\/v2\/comments?post=3051"}],"version-history":[{"count":1,"href":"https:\/\/goias.gov.br\/cetran\/wp-json\/wp\/v2\/posts\/3051\/revisions"}],"predecessor-version":[{"id":3053,"href":"https:\/\/goias.gov.br\/cetran\/wp-json\/wp\/v2\/posts\/3051\/revisions\/3053"}],"wp:featuredmedia":[{"embeddable":true,"href":"https:\/\/goias.gov.br\/cetran\/wp-json\/wp\/v2\/media\/3052"}],"wp:attachment":[{"href":"https:\/\/goias.gov.br\/cetran\/wp-json\/wp\/v2\/media?parent=3051"}],"wp:term":[{"taxonomy":"category","embeddable":true,"href":"https:\/\/goias.gov.br\/cetran\/wp-json\/wp\/v2\/categories?post=3051"},{"taxonomy":"post_tag","embeddable":true,"href":"https:\/\/goias.gov.br\/cetran\/wp-json\/wp\/v2\/tags?post=3051"}],"curies":[{"name":"wp","href":"https:\/\/api.w.org\/{rel}","templated":true}]}}