
{"id":2887,"date":"2024-06-13T14:26:43","date_gmt":"2024-06-13T17:26:43","guid":{"rendered":"https:\/\/goias.gov.br\/cetran\/?p=2887"},"modified":"2024-06-13T14:28:47","modified_gmt":"2024-06-13T17:28:47","slug":"2887-2","status":"publish","type":"post","link":"https:\/\/goias.gov.br\/cetran\/2887-2\/","title":{"rendered":"Evento destaca import\u00e2ncia da integra\u00e7\u00e3o no tr\u00e2nsito com palestra da Presidente do CETRAN\/GO, Dra. Nayara Coimbra."},"content":{"rendered":"\n<p>Nos dias 06 e 07, o evento seguiu com a palestra inaugural da Presidente do CETRAN\/GO, Dra. Nayara Coimbra, com o tema: O Munic\u00edpio Protagonizando o Tr\u00e2nsito: A Import\u00e2ncia da Integra\u00e7\u00e3o. &#8216;Apresenta\u00e7\u00e3o das a\u00e7\u00f5es do CETRAN\/GO, seguida das demais palestras:<br>Construindo um Tr\u00e2nsito Mais Seguro: Engenharia, Educa\u00e7\u00e3o, Fiscaliza\u00e7\u00e3o e Tecnologia e a import\u00e2ncia na Integra\u00e7\u00e3o dos munic\u00edpios ao SNT.<\/p>\n\n\n\n<p><br>\u2022 Os Viajantes, Alcoolemia, Celular no Volante, Perigo Constante.<br>&#8211; PNATRANS<br>&#8211; Participa\u00e7\u00e3o da Federa\u00e7\u00e3o Internacional me Automobilismo Na Mobilidade<br>&#8211; O Que muda com o uso da intelig\u00eancia artificial no trabalho do CETRAN\u2019s<br>&#8211; A Integra\u00e7\u00e3o entre as pol\u00edticas de tr\u00e2nsito e de mobilidade urbana<br>&#8211; O Papel da PRF na Municipaliza\u00e7\u00e3o do Tr\u00e2nsito e Diretrizes do Minist\u00e9rio da Justi\u00e7a<br>&#8211; Regulamento do Tr\u00e2nsito sob a \u00d3tica da Lei de Licita\u00e7\u00f5es e Capta\u00e7\u00e3o de Recursos<br>&#8211; Responsabilidade Legal e \u00c9tica do Gestor de Tr\u00e2nsito: Tomada de Decis\u00f5es e Impactos na Seguran\u00e7a Vi\u00e1ria<br>&#8211; CETRAN\/PA: Realidades e Desafios<br>&#8211; Gest\u00e3o Estadual de Seguran\u00e7a Vi\u00e1ria: expectativas e contribui\u00e7\u00f5es do Banco Mundial na Bahia<br>&#8211; Peculiaridades do processo administrativo de tr\u00e2nsito: devido processo legal, jurisdi\u00e7\u00e3o \u00fanica, duplo grau administrativo, autotutela e efeito suspensivo.<br>&#8211; Progresso e panorama global nas duas d\u00e9cadas de a\u00e7\u00e3o pela seguran\u00e7a no Tr\u00e2nsito; Atua\u00e7\u00e3o dos Auditores Fiscais do Trabalho no Setor de Transportes Rodovi\u00e1rios<br>&#8211; O Protagonismo do Estado e do Munic\u00edpio no Projeto\/Programa Vida no Tr\u00e2nsito<br>&#8211; Fiscaliza\u00e7\u00e3o Por V\u00eddeo Monitoramento E Atua\u00e7\u00f5es Pelo Art. 230 V; IA no desenvolvimento de uma Mobilidade Urbana estrat\u00e9gica &#8211; Case de Aparecida de Goi\u00e2nia<br>&#8211; ATO PARA CBM\/RS; PROJETO DE LEI PARA ALTERAR CTB; CARTA\/ATA<\/p>\n\n\n\n<p>E, por \u00faltimo, realizada uma Visita T\u00e9cnica na SMTA.<\/p>\n\n\n<div class=\"wp-block-image\">\n<figure class=\"aligncenter size-full is-resized\"><img fetchpriority=\"high\" decoding=\"async\" width=\"1080\" height=\"1091\" src=\"https:\/\/goias.gov.br\/cetran\/wp-content\/uploads\/sites\/17\/2024\/06\/WhatsApp-Image-2024-06-13-at-09.34.28.jpeg\" alt=\"\" class=\"wp-image-2889\" style=\"width:587px;height:auto\" \/><\/figure>\n<\/div>\n\n<div class=\"wp-block-image\">\n<figure class=\"aligncenter size-full is-resized\"><img decoding=\"async\" width=\"1080\" height=\"1086\" src=\"https:\/\/goias.gov.br\/cetran\/wp-content\/uploads\/sites\/17\/2024\/06\/WhatsApp-Image-2024-06-13-at-09.34.28-1.jpeg\" alt=\"\" class=\"wp-image-2888\" style=\"width:591px;height:auto\" \/><\/figure>\n<\/div>","protected":false},"excerpt":{"rendered":"<p>Nos dias 06 e 07, o evento seguiu com a palestra inaugural da Presidente do CETRAN\/GO, Dra. Nayara Coimbra, com o tema: O Munic\u00edpio Protagonizando o Tr\u00e2nsito: A Import\u00e2ncia da Integra\u00e7\u00e3o. &#8216;Apresenta\u00e7\u00e3o das a\u00e7\u00f5es do CETRAN\/GO, seguida das demais palestras:Construindo um Tr\u00e2nsito Mais Seguro: Engenharia, Educa\u00e7\u00e3o, Fiscaliza\u00e7\u00e3o e Tecnologia e a import\u00e2ncia na Integra\u00e7\u00e3o dos [&hellip;]<\/p>\n","protected":false},"author":75,"featured_media":2889,"comment_status":"closed","ping_status":"open","sticky":false,"template":"","format":"standard","meta":{"footnotes":""},"categories":[48],"tags":[131],"class_list":["post-2887","post","type-post","status-publish","format-standard","has-post-thumbnail","hentry","category-noticias","tag-focotran-forum-nacional-dos-conselhos-de-transito"],"rttpg_featured_image_url":{"full":["https:\/\/goias.gov.br\/cetran\/wp-content\/uploads\/sites\/17\/2024\/06\/WhatsApp-Image-2024-06-13-at-09.34.28.jpeg",1080,1091,false],"landscape":["https:\/\/goias.gov.br\/cetran\/wp-content\/uploads\/sites\/17\/2024\/06\/WhatsApp-Image-2024-06-13-at-09.34.28.jpeg",1080,1091,false],"portraits":["https:\/\/goias.gov.br\/cetran\/wp-content\/uploads\/sites\/17\/2024\/06\/WhatsApp-Image-2024-06-13-at-09.34.28.jpeg",1080,1091,false],"thumbnail":["https:\/\/goias.gov.br\/cetran\/wp-content\/uploads\/sites\/17\/2024\/06\/WhatsApp-Image-2024-06-13-at-09.34.28.jpeg",148,150,false],"medium":["https:\/\/goias.gov.br\/cetran\/wp-content\/uploads\/sites\/17\/2024\/06\/WhatsApp-Image-2024-06-13-at-09.34.28.jpeg",297,300,false],"large":["https:\/\/goias.gov.br\/cetran\/wp-content\/uploads\/sites\/17\/2024\/06\/WhatsApp-Image-2024-06-13-at-09.34.28.jpeg",1014,1024,false],"1536x1536":["https:\/\/goias.gov.br\/cetran\/wp-content\/uploads\/sites\/17\/2024\/06\/WhatsApp-Image-2024-06-13-at-09.34.28.jpeg",1080,1091,false],"2048x2048":["https:\/\/goias.gov.br\/cetran\/wp-content\/uploads\/sites\/17\/2024\/06\/WhatsApp-Image-2024-06-13-at-09.34.28.jpeg",1080,1091,false]},"rttpg_author":{"display_name":"jenifferkm","author_link":"https:\/\/goias.gov.br\/cetran\/author\/jenifferkm\/"},"rttpg_comment":0,"rttpg_category":"<a href=\"https:\/\/goias.gov.br\/cetran\/categoria\/noticias\/\" rel=\"category tag\">Noticias<\/a>","rttpg_excerpt":"Nos dias 06 e 07, o evento seguiu com a palestra inaugural da Presidente do CETRAN\/GO, Dra. Nayara Coimbra, com o tema: O Munic\u00edpio Protagonizando o Tr\u00e2nsito: A Import\u00e2ncia da Integra\u00e7\u00e3o. &#8216;Apresenta\u00e7\u00e3o das a\u00e7\u00f5es do CETRAN\/GO, seguida das demais palestras:Construindo um Tr\u00e2nsito Mais Seguro: Engenharia, Educa\u00e7\u00e3o, Fiscaliza\u00e7\u00e3o e Tecnologia e a import\u00e2ncia na Integra\u00e7\u00e3o dos&hellip;","_links":{"self":[{"href":"https:\/\/goias.gov.br\/cetran\/wp-json\/wp\/v2\/posts\/2887","targetHints":{"allow":["GET"]}}],"collection":[{"href":"https:\/\/goias.gov.br\/cetran\/wp-json\/wp\/v2\/posts"}],"about":[{"href":"https:\/\/goias.gov.br\/cetran\/wp-json\/wp\/v2\/types\/post"}],"author":[{"embeddable":true,"href":"https:\/\/goias.gov.br\/cetran\/wp-json\/wp\/v2\/users\/75"}],"replies":[{"embeddable":true,"href":"https:\/\/goias.gov.br\/cetran\/wp-json\/wp\/v2\/comments?post=2887"}],"version-history":[{"count":2,"href":"https:\/\/goias.gov.br\/cetran\/wp-json\/wp\/v2\/posts\/2887\/revisions"}],"predecessor-version":[{"id":2892,"href":"https:\/\/goias.gov.br\/cetran\/wp-json\/wp\/v2\/posts\/2887\/revisions\/2892"}],"wp:featuredmedia":[{"embeddable":true,"href":"https:\/\/goias.gov.br\/cetran\/wp-json\/wp\/v2\/media\/2889"}],"wp:attachment":[{"href":"https:\/\/goias.gov.br\/cetran\/wp-json\/wp\/v2\/media?parent=2887"}],"wp:term":[{"taxonomy":"category","embeddable":true,"href":"https:\/\/goias.gov.br\/cetran\/wp-json\/wp\/v2\/categories?post=2887"},{"taxonomy":"post_tag","embeddable":true,"href":"https:\/\/goias.gov.br\/cetran\/wp-json\/wp\/v2\/tags?post=2887"}],"curies":[{"name":"wp","href":"https:\/\/api.w.org\/{rel}","templated":true}]}}